{"id":109569,"date":"2021-12-15T17:53:50","date_gmt":"2021-12-15T16:53:50","guid":{"rendered":"https:\/\/www.claret.org\/p-godwin-akudike-chimeziri\/"},"modified":"2021-12-15T17:53:50","modified_gmt":"2021-12-15T16:53:50","slug":"p-godwin-akudike-chimeziri","status":"publish","type":"post","link":"https:\/\/www.claret.org\/fr\/p-godwin-akudike-chimeziri\/","title":{"rendered":"P. GODWIN AKUDIKE CHIMEZIRI"},"content":{"rendered":"<p>Il est d\u00e9c\u00e9d\u00e9 le 15 d\u00e9cembre 2021 \u00e0 Owerri, Nigeria, des suites de complications diab\u00e9tiques.<\/p>\n<p>Il \u00e9tait \u00e2g\u00e9 de 60 ans.<\/p>\n<p>Il appartenait \u00e0 la Province de l&rsquo;Est Nigeria.<\/p>\n<p>Qu&rsquo;il repose dans la Paix du Seigneur.<\/p>\n","protected":false},"excerpt":{"rendered":"<p>Il est d\u00e9c\u00e9d\u00e9 le 15 d\u00e9cembre 2021 \u00e0 Owerri, Nigeria, des suites de complications diab\u00e9tiques. Il \u00e9tait \u00e2g\u00e9 de 60 ans. Il appartenait \u00e0 la Province de l&rsquo;Est Nigeria. Qu&rsquo;il repose dans la Paix du Seigneur.<\/p>\n","protected":false},"author":3,"featured_media":109562,"comment_status":"closed","ping_status":"closed","sticky":false,"template":"","format":"standard","meta":{"_et_pb_use_builder":"","_et_pb_old_content":"","_et_gb_content_width":"","footnotes":""},"categories":[559],"tags":[],"class_list":["post-109569","post","type-post","status-publish","format-standard","has-post-thumbnail","hentry","category-decede"],"jetpack_featured_media_url":"https:\/\/i0.wp.com\/www.claret.org\/wp-content\/uploads\/2021\/12\/Chimeziri-Godwin.jpeg?fit=716%2C674&ssl=1","jetpack_sharing_enabled":true,"jetpack_shortlink":"https:\/\/wp.me\/pdaBmi-svf","jetpack_likes_enabled":true,"_links":{"self":[{"href":"https:\/\/www.claret.org\/fr\/wp-json\/wp\/v2\/posts\/109569","targetHints":{"allow":["GET"]}}],"collection":[{"href":"https:\/\/www.claret.org\/fr\/wp-json\/wp\/v2\/posts"}],"about":[{"href":"https:\/\/www.claret.org\/fr\/wp-json\/wp\/v2\/types\/post"}],"author":[{"embeddable":true,"href":"https:\/\/www.claret.org\/fr\/wp-json\/wp\/v2\/users\/3"}],"replies":[{"embeddable":true,"href":"https:\/\/www.claret.org\/fr\/wp-json\/wp\/v2\/comments?post=109569"}],"version-history":[{"count":0,"href":"https:\/\/www.claret.org\/fr\/wp-json\/wp\/v2\/posts\/109569\/revisions"}],"wp:featuredmedia":[{"embeddable":true,"href":"https:\/\/www.claret.org\/fr\/wp-json\/wp\/v2\/media\/109562"}],"wp:attachment":[{"href":"https:\/\/www.claret.org\/fr\/wp-json\/wp\/v2\/media?parent=109569"}],"wp:term":[{"taxonomy":"category","embeddable":true,"href":"https:\/\/www.claret.org\/fr\/wp-json\/wp\/v2\/categories?post=109569"},{"taxonomy":"post_tag","embeddable":true,"href":"https:\/\/www.claret.org\/fr\/wp-json\/wp\/v2\/tags?post=109569"}],"curies":[{"name":"wp","href":"https:\/\/api.w.org\/{rel}","templated":true}]}}