{"id":109777,"date":"2021-12-16T22:13:16","date_gmt":"2021-12-16T21:13:16","guid":{"rendered":"https:\/\/www.claret.org\/le-nouveau-gouvernement-provincial\/"},"modified":"2021-12-20T21:44:23","modified_gmt":"2021-12-20T20:44:23","slug":"le-nouveau-gouvernement-provincial","status":"publish","type":"post","link":"https:\/\/www.claret.org\/fr\/le-nouveau-gouvernement-provincial\/","title":{"rendered":"LE NOUVEAU GOUVERNEMENT PROVINCIAL"},"content":{"rendered":"<p style=\"text-align: justify;\"><strong>PROVINCE DE COLOMBIE ET DE VENEZUELA<\/strong><\/p>\n<p style=\"text-align: justify;\">Le 16 d\u00e9cembre, nous avons compl\u00e9t\u00e9 l\u2019\u00e9quipe du gouvernement provincial, apr\u00e8s avoir \u00e9lu le <strong>P. Luis Armando Valencia cmf<\/strong>, comme sup\u00e9rieur majeur. Le Chapitre a \u00e9lu le <strong>P. Anselmus Baru cmf<\/strong>, Consulteur et Pr\u00e9fet de l\u2019Apostolat, le <strong>Fr\u00e8re Jhon Jairo Fl\u00f3rez cmf<\/strong>, Consulteur et Pr\u00e9fet de la Formation et le <strong>P. Walter Pineda cmf<\/strong>, Consulteur et \u00c9conome Provincial.<\/p>\n<p style=\"text-align: justify;\">Nous appr\u00e9cions votre acceptation et votre volont\u00e9 de servir dans cette mission gouvernementale pour les trois prochaines ann\u00e9es. Que J\u00e9sus le Bon Pasteur et le C\u0153ur de Marie vous accompagnent chaque jour.<\/p>\n<p style=\"text-align: justify;\">\n","protected":false},"excerpt":{"rendered":"<p>PROVINCE DE COLOMBIE ET DE VENEZUELA Le 16 d\u00e9cembre, nous avons compl\u00e9t\u00e9 l\u2019\u00e9quipe du gouvernement provincial, apr\u00e8s avoir \u00e9lu le P. Luis Armando Valencia cmf, comme sup\u00e9rieur majeur. Le Chapitre a \u00e9lu le P. Anselmus Baru cmf, Consulteur et Pr\u00e9fet de l\u2019Apostolat, le Fr\u00e8re Jhon Jairo Fl\u00f3rez cmf, Consulteur et Pr\u00e9fet de la Formation et [&hellip;]<\/p>\n","protected":false},"author":183,"featured_media":109674,"comment_status":"closed","ping_status":"closed","sticky":false,"template":"","format":"standard","meta":{"_et_pb_use_builder":"","_et_pb_old_content":"","_et_gb_content_width":"","footnotes":""},"categories":[374,537,353],"tags":[],"class_list":["post-109777","post","type-post","status-publish","format-standard","has-post-thumbnail","hentry","category-colombia-venezuela-fr","category-la-congregation","category-micla-fr"],"jetpack_featured_media_url":"https:\/\/i0.wp.com\/www.claret.org\/wp-content\/uploads\/2021\/12\/WhatsApp-Image-2021-12-16-at-19.34-1.png?fit=1634%2C885&ssl=1","jetpack_sharing_enabled":true,"jetpack_shortlink":"https:\/\/wp.me\/pdaBmi-syB","jetpack_likes_enabled":true,"_links":{"self":[{"href":"https:\/\/www.claret.org\/fr\/wp-json\/wp\/v2\/posts\/109777","targetHints":{"allow":["GET"]}}],"collection":[{"href":"https:\/\/www.claret.org\/fr\/wp-json\/wp\/v2\/posts"}],"about":[{"href":"https:\/\/www.claret.org\/fr\/wp-json\/wp\/v2\/types\/post"}],"author":[{"embeddable":true,"href":"https:\/\/www.claret.org\/fr\/wp-json\/wp\/v2\/users\/183"}],"replies":[{"embeddable":true,"href":"https:\/\/www.claret.org\/fr\/wp-json\/wp\/v2\/comments?post=109777"}],"version-history":[{"count":0,"href":"https:\/\/www.claret.org\/fr\/wp-json\/wp\/v2\/posts\/109777\/revisions"}],"wp:featuredmedia":[{"embeddable":true,"href":"https:\/\/www.claret.org\/fr\/wp-json\/wp\/v2\/media\/109674"}],"wp:attachment":[{"href":"https:\/\/www.claret.org\/fr\/wp-json\/wp\/v2\/media?parent=109777"}],"wp:term":[{"taxonomy":"category","embeddable":true,"href":"https:\/\/www.claret.org\/fr\/wp-json\/wp\/v2\/categories?post=109777"},{"taxonomy":"post_tag","embeddable":true,"href":"https:\/\/www.claret.org\/fr\/wp-json\/wp\/v2\/tags?post=109777"}],"curies":[{"name":"wp","href":"https:\/\/api.w.org\/{rel}","templated":true}]}}