{"id":109784,"date":"2021-12-12T13:03:14","date_gmt":"2021-12-12T12:03:14","guid":{"rendered":"https:\/\/www.claret.org\/elections-missionnaires-enracines-et-courageux\/"},"modified":"2021-12-20T22:29:43","modified_gmt":"2021-12-20T21:29:43","slug":"elections-missionnaires-enracines-et-courageux","status":"publish","type":"post","link":"https:\/\/www.claret.org\/fr\/elections-missionnaires-enracines-et-courageux\/","title":{"rendered":"\u00c9LECTIONS &#8211; MISSIONNAIRES ENRACIN\u00c9S ET COURAGEUX"},"content":{"rendered":"<p style=\"text-align: justify;\"><strong>PROVINCE DE LA COLOMBIE ORIENTALE ET EQUATEUR <\/strong><\/p>\n<p style=\"text-align: justify;\"><strong>XVI CHAPITRE PROVINCIAL<\/strong><\/p>\n<p style=\"text-align: justify;\"><strong>11 d\u00e9cembre<\/strong><\/p>\n<p style=\"text-align: justify;\"><img data-recalc-dims=\"1\" loading=\"lazy\" decoding=\"async\" data-attachment-id=\"109412\" data-permalink=\"https:\/\/www.claret.org\/fr\/elections-missionnaires-enracines-et-courageux\/20211211_070651-2-2\/\" data-orig-file=\"https:\/\/i0.wp.com\/www.claret.org\/wp-content\/uploads\/2021\/12\/20211211_070651-1.png?fit=2160%2C2160&amp;ssl=1\" data-orig-size=\"2160,2160\" data-comments-opened=\"0\" data-image-meta=\"{&quot;aperture&quot;:&quot;0&quot;,&quot;credit&quot;:&quot;&quot;,&quot;camera&quot;:&quot;&quot;,&quot;caption&quot;:&quot;&quot;,&quot;created_timestamp&quot;:&quot;0&quot;,&quot;copyright&quot;:&quot;&quot;,&quot;focal_length&quot;:&quot;0&quot;,&quot;iso&quot;:&quot;0&quot;,&quot;shutter_speed&quot;:&quot;0&quot;,&quot;title&quot;:&quot;&quot;,&quot;orientation&quot;:&quot;0&quot;}\" data-image-title=\"20211211_070651\" data-image-description=\"\" data-image-caption=\"\" data-large-file=\"https:\/\/i0.wp.com\/www.claret.org\/wp-content\/uploads\/2021\/12\/20211211_070651-1.png?fit=1024%2C1024&amp;ssl=1\" class=\"size-medium wp-image-109412 alignleft\" src=\"https:\/\/i0.wp.com\/www.claret.org\/wp-content\/uploads\/2021\/12\/20211211_070651-1.png?resize=300%2C300&#038;ssl=1\" alt=\"\" width=\"300\" height=\"300\" title=\"\" srcset=\"https:\/\/i0.wp.com\/www.claret.org\/wp-content\/uploads\/2021\/12\/20211211_070651-1.png?resize=300%2C300&amp;ssl=1 300w, https:\/\/i0.wp.com\/www.claret.org\/wp-content\/uploads\/2021\/12\/20211211_070651-1.png?resize=1024%2C1024&amp;ssl=1 1024w, https:\/\/i0.wp.com\/www.claret.org\/wp-content\/uploads\/2021\/12\/20211211_070651-1.png?resize=150%2C150&amp;ssl=1 150w, https:\/\/i0.wp.com\/www.claret.org\/wp-content\/uploads\/2021\/12\/20211211_070651-1.png?resize=768%2C768&amp;ssl=1 768w, https:\/\/i0.wp.com\/www.claret.org\/wp-content\/uploads\/2021\/12\/20211211_070651-1.png?resize=1536%2C1536&amp;ssl=1 1536w, https:\/\/i0.wp.com\/www.claret.org\/wp-content\/uploads\/2021\/12\/20211211_070651-1.png?resize=2048%2C2048&amp;ssl=1 2048w, https:\/\/i0.wp.com\/www.claret.org\/wp-content\/uploads\/2021\/12\/20211211_070651-1.png?resize=1080%2C1080&amp;ssl=1 1080w, https:\/\/i0.wp.com\/www.claret.org\/wp-content\/uploads\/2021\/12\/20211211_070651-1.png?resize=440%2C440&amp;ssl=1 440w, https:\/\/i0.wp.com\/www.claret.org\/wp-content\/uploads\/2021\/12\/20211211_070651-1.png?w=2160&amp;ssl=1 2160w\" sizes=\"(max-width: 300px) 100vw, 300px\" \/>Nous commen\u00e7ons notre voyage en c\u00e9l\u00e9brant l&rsquo;Eucharistie votive du Saint-Esprit, pour lui demander de nous \u00e9clairer dans le processus de discernement que nous vivrons au cours des phases de choix, de planification et d&rsquo;engagement. On a fait la pr\u00e9sentation du r\u00eave de la Province, qui a \u00e9t\u00e9 approuv\u00e9 par les capitulaires et, apr\u00e8s un exercice de dialogue entre nous, nous sommes pass\u00e9s aux \u00e9lections du Sup\u00e9rieur Provincial. Le P. Josu\u00e9 Gonz\u00e1lez Jaramillo, cmf, a \u00e9t\u00e9 \u00e9lu et apr\u00e8s les f\u00e9licitations et le serment d&rsquo;office, il a adress\u00e9 quelques mots aux Capitulaires.<\/p>\n<p style=\"text-align: justify;\"><strong>PHASE DE PLANIFICATION<\/strong><\/p>\n<p style=\"text-align: justify;\">La deuxi\u00e8me session a commenc\u00e9 par une introduction \u00e0 la phase de discernement, dirig\u00e9e par le p\u00e8re Enrique Aponte, cmf, qui a expliqu\u00e9 que dans cette phase, les membres de la section sont invit\u00e9s \u00e0 se concentrer sur la d\u00e9couverte des \u00e9l\u00e9ments concrets qui pourraient contribuer \u00e0 la r\u00e9alisation des r\u00eaves. En utilisant des maisons ou des \u00e9glises comme exemple, on nous a dit que le r\u00eave pr\u00e9sente le type d&rsquo;\u00e9glise ou de maison que nous voulons construire. Les \u00ab\u00a0dessins\u00a0\u00bb nous ont aid\u00e9s \u00e0 calibrer la fa\u00e7on dont nous voulons que la porte soit construite.<\/p>\n<p style=\"text-align: justify;\">Sans jamais oublier ce qui a d\u00e9j\u00e0 \u00e9t\u00e9 \u00e9valu\u00e9 et d\u00e9couvert, le chapitre tentera de rendre le r\u00eave plus compr\u00e9hensible et r\u00e9alisable. C&rsquo;est pourquoi il est tr\u00e8s opportun &#8211; comme nous le faisons dans la <em>Querida Congregaci\u00f3n<\/em> &#8211; de lire chacun des \u00e9l\u00e9ments du r\u00eave avec le plan qui vise \u00e0 le d\u00e9crire et \u00e0 le rendre concret : qu&rsquo;entendons-nous par une Province \u00a0\u00bb enracin\u00e9e dans le Christ, annon\u00e7ant le Royaume \u00ab\u00a0, et par une Province \u00a0\u00bb r\u00e9concili\u00e9e et fraternelle \u00a0\u00bb ? Les membres du chapitre sont invit\u00e9s \u00e0 formuler leurs projets dans le pr\u00e9sent. La province parle comme si elle avait d\u00e9j\u00e0 r\u00e9alis\u00e9 ce qu&rsquo;elle pr\u00e9voit. D&rsquo;o\u00f9 la ressource qui, nous le r\u00e9p\u00e9tons, sera son expression \u00ab\u00a0quand nous serons en 2024\u00a0\u00bb.<\/p>\n<p style=\"text-align: justify;\">Le p\u00e8re Henry Omonisaye, cmf, a pr\u00e9sent\u00e9 les d\u00e9tails de la phase et nous a donn\u00e9 les directives \u00e0 suivre pour atteindre les objectifs de la phase.<\/p>\n<p style=\"text-align: justify;\"><strong>\u00c9LECTION DES PR\u00c9FETS<\/strong><\/p>\n<p style=\"text-align: justify;\"><img data-recalc-dims=\"1\" loading=\"lazy\" decoding=\"async\" data-attachment-id=\"109334\" data-permalink=\"https:\/\/www.claret.org\/fr\/elections-missionnaires-enracines-et-courageux\/png_20211211_153557_0000-2-2\/\" data-orig-file=\"https:\/\/i0.wp.com\/www.claret.org\/wp-content\/uploads\/2021\/12\/png_20211211_153557_0000-1.png?fit=1080%2C1920&amp;ssl=1\" data-orig-size=\"1080,1920\" data-comments-opened=\"0\" data-image-meta=\"{&quot;aperture&quot;:&quot;0&quot;,&quot;credit&quot;:&quot;&quot;,&quot;camera&quot;:&quot;&quot;,&quot;caption&quot;:&quot;&quot;,&quot;created_timestamp&quot;:&quot;0&quot;,&quot;copyright&quot;:&quot;&quot;,&quot;focal_length&quot;:&quot;0&quot;,&quot;iso&quot;:&quot;0&quot;,&quot;shutter_speed&quot;:&quot;0&quot;,&quot;title&quot;:&quot;&quot;,&quot;orientation&quot;:&quot;0&quot;}\" data-image-title=\"png_20211211_153557_0000\" data-image-description=\"\" data-image-caption=\"\" data-large-file=\"https:\/\/i0.wp.com\/www.claret.org\/wp-content\/uploads\/2021\/12\/png_20211211_153557_0000-1.png?fit=576%2C1024&amp;ssl=1\" class=\"size-medium wp-image-109334 alignleft\" src=\"https:\/\/i0.wp.com\/www.claret.org\/wp-content\/uploads\/2021\/12\/png_20211211_153557_0000-1.png?resize=169%2C300&#038;ssl=1\" alt=\"\" width=\"169\" height=\"300\" title=\"\" srcset=\"https:\/\/i0.wp.com\/www.claret.org\/wp-content\/uploads\/2021\/12\/png_20211211_153557_0000-1.png?resize=169%2C300&amp;ssl=1 169w, https:\/\/i0.wp.com\/www.claret.org\/wp-content\/uploads\/2021\/12\/png_20211211_153557_0000-1.png?resize=576%2C1024&amp;ssl=1 576w, https:\/\/i0.wp.com\/www.claret.org\/wp-content\/uploads\/2021\/12\/png_20211211_153557_0000-1.png?resize=768%2C1365&amp;ssl=1 768w, https:\/\/i0.wp.com\/www.claret.org\/wp-content\/uploads\/2021\/12\/png_20211211_153557_0000-1.png?resize=864%2C1536&amp;ssl=1 864w, https:\/\/i0.wp.com\/www.claret.org\/wp-content\/uploads\/2021\/12\/png_20211211_153557_0000-1.png?w=1080&amp;ssl=1 1080w\" sizes=\"(max-width: 169px) 100vw, 169px\" \/>Le P\u00e8re Henry Omonisaye, cmf pour l&rsquo;\u00e9lection des Consulteurs, puis, apr\u00e8s avoir \u00e9cout\u00e9 le Sup\u00e9rieur Provincial et avoir fait les lectures respectives des Constitutions et du Directoire, on a proc\u00e9d\u00e9 au vote, en \u00e9lisant les Pr\u00e9fets Consulteurs suivants : Apostolat, <strong>P. Enrique Aponte, cmf<\/strong> ; Economie : <strong>P. Jos\u00e9 Mar\u00eda Fl\u00f3rez, cmf<\/strong> ; Formation, F<strong>r. Guillermo Salamanca, cmf.<\/strong><\/p>\n<p style=\"text-align: justify;\">Dans l&rsquo;\u00e9tape suivante, les \u00e9l\u00e9ments n\u00e9cessaires \u00e0 la compr\u00e9hension de la phase d&rsquo;engagement ont \u00e9t\u00e9 pr\u00e9sent\u00e9s. C&rsquo;est la derni\u00e8re phase du voyage du chapitre. Le moment est venu de nous engager, de d\u00e9cider des mesures que nous allons prendre pour que la Province passe de la situation actuelle \u00e0 celle que nous voulons lui donner dans les ann\u00e9es \u00e0 venir. \u00c0 ce stade, il est n\u00e9cessaire de se mettre d&rsquo;accord sur ce que nous allons faire pour que la transformation et le changement aient lieu. Dans un esprit synodal, nous exprimons notre coresponsabilit\u00e9. Chaque membre du Chapitre a eu le temps d&rsquo;\u00e9tudier personnellement le r\u00eave, ses composantes et les plans approuv\u00e9s, et de se demander &#8211; pour lui-m\u00eame &#8211; quels engagements il pouvait prendre et ce qu&rsquo;il \u00e9tait personnellement pr\u00eat \u00e0 faire ou \u00e0 proposer pour la Province.<\/p>\n<p>&nbsp;<\/p>\n<p>[envira-gallery id=\u00a0\u00bb109332&Prime;]<\/p>\n","protected":false},"excerpt":{"rendered":"<p>PROVINCE DE LA COLOMBIE ORIENTALE ET EQUATEUR XVI CHAPITRE PROVINCIAL 11 d\u00e9cembre Nous commen\u00e7ons notre voyage en c\u00e9l\u00e9brant l&rsquo;Eucharistie votive du Saint-Esprit, pour lui demander de nous \u00e9clairer dans le processus de discernement que nous vivrons au cours des phases de choix, de planification et d&rsquo;engagement. On a fait la pr\u00e9sentation du r\u00eave de la [&hellip;]<\/p>\n","protected":false},"author":183,"featured_media":109310,"comment_status":"closed","ping_status":"closed","sticky":false,"template":"","format":"standard","meta":{"_et_pb_use_builder":"","_et_pb_old_content":"","_et_gb_content_width":"","footnotes":""},"categories":[381,537,353],"tags":[],"class_list":["post-109784","post","type-post","status-publish","format-standard","has-post-thumbnail","hentry","category-colombia-oriental-ecuador-fr","category-la-congregation","category-micla-fr"],"jetpack_featured_media_url":"https:\/\/i0.wp.com\/www.claret.org\/wp-content\/uploads\/2021\/12\/WhatsApp-Image-2021-12-12-at-12.22.55.jpeg?fit=1600%2C1200&ssl=1","jetpack_sharing_enabled":true,"jetpack_shortlink":"https:\/\/wp.me\/pdaBmi-syI","jetpack_likes_enabled":true,"_links":{"self":[{"href":"https:\/\/www.claret.org\/fr\/wp-json\/wp\/v2\/posts\/109784","targetHints":{"allow":["GET"]}}],"collection":[{"href":"https:\/\/www.claret.org\/fr\/wp-json\/wp\/v2\/posts"}],"about":[{"href":"https:\/\/www.claret.org\/fr\/wp-json\/wp\/v2\/types\/post"}],"author":[{"embeddable":true,"href":"https:\/\/www.claret.org\/fr\/wp-json\/wp\/v2\/users\/183"}],"replies":[{"embeddable":true,"href":"https:\/\/www.claret.org\/fr\/wp-json\/wp\/v2\/comments?post=109784"}],"version-history":[{"count":0,"href":"https:\/\/www.claret.org\/fr\/wp-json\/wp\/v2\/posts\/109784\/revisions"}],"wp:featuredmedia":[{"embeddable":true,"href":"https:\/\/www.claret.org\/fr\/wp-json\/wp\/v2\/media\/109310"}],"wp:attachment":[{"href":"https:\/\/www.claret.org\/fr\/wp-json\/wp\/v2\/media?parent=109784"}],"wp:term":[{"taxonomy":"category","embeddable":true,"href":"https:\/\/www.claret.org\/fr\/wp-json\/wp\/v2\/categories?post=109784"},{"taxonomy":"post_tag","embeddable":true,"href":"https:\/\/www.claret.org\/fr\/wp-json\/wp\/v2\/tags?post=109784"}],"curies":[{"name":"wp","href":"https:\/\/api.w.org\/{rel}","templated":true}]}}