{"id":113444,"date":"2022-03-16T10:14:30","date_gmt":"2022-03-16T09:14:30","guid":{"rendered":"https:\/\/www.claret.org\/65-ans-doffre-du-sacrifice-de-la-messe\/"},"modified":"2022-03-16T10:14:30","modified_gmt":"2022-03-16T09:14:30","slug":"65-ans-doffre-du-sacrifice-de-la-messe","status":"publish","type":"post","link":"https:\/\/www.claret.org\/fr\/65-ans-doffre-du-sacrifice-de-la-messe\/","title":{"rendered":"65 ans d&rsquo;offre du Sacrifice de la Messe"},"content":{"rendered":"<p><strong>Rome, Italie.<\/strong> Le cardinal Jos\u00e9 Saraiva Martins, CMF, pr\u00e9fet \u00e9m\u00e9rite de la Congr\u00e9gation pour les causes des saints et cardinal-\u00e9v\u00eaque de Palestrina, c\u00e9l\u00e8bre aujourd&rsquo;hui, 16 mars 2022, \u00e0 90 ans, sa 65e ann\u00e9e d&rsquo;ordination sacerdotale.<\/p>\n<p>Le cardinal Saraiva est n\u00e9 le 6 janvier 1932 \u00e0 Gagos de Jarmelo, au Portugal. Il est entr\u00e9 dans la Congr\u00e9gation des Missionnaires Fils du C\u0153ur Immacul\u00e9 de Marie (Missionnaires Clar\u00e9tains) \u00e0 la fin des ann\u00e9es 40 et a fait sa premi\u00e8re profession le 22 ao\u00fbt 1950. Apr\u00e8s ses \u00e9tudes \u00e0 Rome, il a \u00e9t\u00e9 ordonn\u00e9 pr\u00eatre le 16 mars 1957 par Mgr Ettore Cunial, archev\u00eaque titulaire de Cunial. Il a ensuite enseign\u00e9 et est devenu le recteur de l&rsquo;Universit\u00e9 pontificale Urbanienne.<\/p>\n<p>Th\u00e9ologien et \u00e9rudit, le 26 mai 1988, le pape Jean-Paul II le nomme secr\u00e9taire de la Congr\u00e9gation pour les s\u00e9minaires et instituts d&rsquo;\u00e9tudes, l&rsquo;\u00e9levant en m\u00eame temps \u00e0 la dignit\u00e9 d&rsquo;archev\u00eaque et lui attribuant le si\u00e8ge titulaire de Tuburnica. Le 2 juillet 1988, il est consacr\u00e9 par le cardinal Agostino Casaroli, cardinal-\u00e9v\u00eaque de Porto-Santa Rufina, ce qui l&rsquo;inscrit dans la lign\u00e9e \u00e9piscopale du cardinal Scipione Rebiba, patriarche titulaire de Constantinople.<\/p>\n<p>Il a \u00e9t\u00e9 \u00e9lev\u00e9 au rang de cardinal par le pape Jean-Paul II lors du consistoire du 21 f\u00e9vrier 2001. Il a ensuite \u00e9t\u00e9 nomm\u00e9 pr\u00e9fet de la Congr\u00e9gation pour les causes des saints et a exerc\u00e9 cette fonction jusqu&rsquo;au 9 juillet 2008. Il est \u00e9galement membre de la Congr\u00e9gation pour le culte divin et la discipline des sacrements, de la Congr\u00e9gation pour les \u00e9v\u00eaques, du Conseil pontifical pour la pastorale des travailleurs de la sant\u00e9 et du Conseil sp\u00e9cial pour l&rsquo;Europe du Secr\u00e9tariat g\u00e9n\u00e9ral du Synode des \u00e9v\u00eaques.<\/p>\n<p>Le 24 f\u00e9vrier 2009, le pape Beno\u00eet XVI l&rsquo;a promu \u00e0 l&rsquo;ordre des cardinaux-\u00e9v\u00eaques, lui attribuant le si\u00e8ge suburbicaire de Palestrina.<\/p>\n<p>Jos\u00e9 Cardinal Saraiva Martins, CMF, est un missionnaire fermement enracin\u00e9 dans le Christ et audacieux dans la mission qu&rsquo;il s&rsquo;est donn\u00e9e. Les Missionnaires Clar\u00e9tains sont fiers de toi et reconnaissants pour ce jour particulier de 1932 o\u00f9 tu as g\u00e9n\u00e9reusement dit oui pour \u00eatre consacr\u00e9 alter Christus au service de l&rsquo;Eglise.<\/p>\n","protected":false},"excerpt":{"rendered":"<p>Rome, Italie. Le cardinal Jos\u00e9 Saraiva Martins, CMF, pr\u00e9fet \u00e9m\u00e9rite de la Congr\u00e9gation pour les causes des saints et cardinal-\u00e9v\u00eaque de Palestrina, c\u00e9l\u00e8bre aujourd&rsquo;hui, 16 mars 2022, \u00e0 90 ans, sa 65e ann\u00e9e d&rsquo;ordination sacerdotale. Le cardinal Saraiva est n\u00e9 le 6 janvier 1932 \u00e0 Gagos de Jarmelo, au Portugal. Il est entr\u00e9 dans la [&hellip;]<\/p>\n","protected":false},"author":2,"featured_media":113434,"comment_status":"closed","ping_status":"closed","sticky":false,"template":"","format":"standard","meta":{"_et_pb_use_builder":"","_et_pb_old_content":"","_et_gb_content_width":"","footnotes":""},"categories":[563],"tags":[],"class_list":["post-113444","post","type-post","status-publish","format-standard","has-post-thumbnail","hentry","category-cardinaux-et-eveques"],"jetpack_featured_media_url":"https:\/\/i0.wp.com\/www.claret.org\/wp-content\/uploads\/2022\/03\/sariva.jpeg?fit=1500%2C1000&ssl=1","jetpack_sharing_enabled":true,"jetpack_shortlink":"https:\/\/wp.me\/pdaBmi-tvK","jetpack_likes_enabled":true,"_links":{"self":[{"href":"https:\/\/www.claret.org\/fr\/wp-json\/wp\/v2\/posts\/113444","targetHints":{"allow":["GET"]}}],"collection":[{"href":"https:\/\/www.claret.org\/fr\/wp-json\/wp\/v2\/posts"}],"about":[{"href":"https:\/\/www.claret.org\/fr\/wp-json\/wp\/v2\/types\/post"}],"author":[{"embeddable":true,"href":"https:\/\/www.claret.org\/fr\/wp-json\/wp\/v2\/users\/2"}],"replies":[{"embeddable":true,"href":"https:\/\/www.claret.org\/fr\/wp-json\/wp\/v2\/comments?post=113444"}],"version-history":[{"count":0,"href":"https:\/\/www.claret.org\/fr\/wp-json\/wp\/v2\/posts\/113444\/revisions"}],"wp:featuredmedia":[{"embeddable":true,"href":"https:\/\/www.claret.org\/fr\/wp-json\/wp\/v2\/media\/113434"}],"wp:attachment":[{"href":"https:\/\/www.claret.org\/fr\/wp-json\/wp\/v2\/media?parent=113444"}],"wp:term":[{"taxonomy":"category","embeddable":true,"href":"https:\/\/www.claret.org\/fr\/wp-json\/wp\/v2\/categories?post=113444"},{"taxonomy":"post_tag","embeddable":true,"href":"https:\/\/www.claret.org\/fr\/wp-json\/wp\/v2\/tags?post=113444"}],"curies":[{"name":"wp","href":"https:\/\/api.w.org\/{rel}","templated":true}]}}