{"id":118023,"date":"2022-04-05T18:16:25","date_gmt":"2022-04-05T16:16:25","guid":{"rendered":"https:\/\/www.claret.org\/formation-biblique-sur-la-lectio-divina\/"},"modified":"2022-04-05T21:34:59","modified_gmt":"2022-04-05T19:34:59","slug":"formation-biblique-sur-la-lectio-divina","status":"publish","type":"post","link":"https:\/\/www.claret.org\/fr\/formation-biblique-sur-la-lectio-divina\/","title":{"rendered":"Formation biblique sur la Lectio Divina"},"content":{"rendered":"\n<p class=\"has-drop-cap\"><strong>Kupang, Indon\u00e9sie. <\/strong>En r\u00e9alisant le R\u00eave de la Congr\u00e9gation ainsi que la D\u00e9l\u00e9gation et les engagements mandat\u00e9s par le XXVI\u00e8me Chapitre G\u00e9n\u00e9ral, la D\u00e9l\u00e9gation Ind\u00e9pendante Indonesia-Timor Leste a organis\u00e9 un webinaire sur la Formation Biblique sur Lectio Divina donn\u00e9 par le R\u00e9v\u00e9rend P\u00e8re Henry Omonisaye, CMF, Pr\u00e9fet G\u00e9n\u00e9ral du Minist\u00e8re de la Bible et de la Communication le mardi 5 avril 2022, \u00e0 travers la plateforme Zoom.  <\/p>\n\n<p>Le webinaire a \u00e9t\u00e9 particip\u00e9 par tous les membres prof\u00e8s de la D\u00e9l\u00e9gation, y compris ceux des maisons de formation, des aspirants aux \u00e9tudiants en th\u00e9ologie. S&rsquo;appuyant sur la racine du mot <em>\u00ab\u00a0lectio\u00a0\u00bb <\/em>(lecture), \u00ab\u00a0<em>divina\u00a0\u00bb <\/em>(divin), le p\u00e8re Henry a aid\u00e9 les participants \u00e0 grandir dans l&rsquo;exp\u00e9rience de la lecture de la Parole de Dieu dans l&rsquo;attitude d&rsquo;un disciple, celui qui est toujours d\u00e9sireux d&rsquo;apprendre de son Ma\u00eetre, en communion avec lui et pr\u00eat \u00e0 \u00eatre envoy\u00e9.<\/p>\n\n<figure class=\"wp-block-gallery has-nested-images columns-default is-cropped wp-block-gallery-1 is-layout-flex wp-block-gallery-is-layout-flex\">\n<figure class=\"wp-block-image size-full\"><img data-recalc-dims=\"1\" loading=\"lazy\" decoding=\"async\" width=\"1080\" height=\"607\" data-attachment-id=\"117933\" data-permalink=\"https:\/\/www.claret.org\/fr\/formation-biblique-sur-la-lectio-divina\/whatsapp-image-2022-04-05-at-5-02-25-pm-1-2\/\" data-orig-file=\"https:\/\/i0.wp.com\/www.claret.org\/wp-content\/uploads\/2022\/04\/WhatsApp-Image-2022-04-05-at-5.02.25-PM-1.jpeg?fit=1280%2C719&amp;ssl=1\" data-orig-size=\"1280,719\" data-comments-opened=\"0\" data-image-meta=\"{&quot;aperture&quot;:&quot;0&quot;,&quot;credit&quot;:&quot;&quot;,&quot;camera&quot;:&quot;&quot;,&quot;caption&quot;:&quot;&quot;,&quot;created_timestamp&quot;:&quot;0&quot;,&quot;copyright&quot;:&quot;&quot;,&quot;focal_length&quot;:&quot;0&quot;,&quot;iso&quot;:&quot;0&quot;,&quot;shutter_speed&quot;:&quot;0&quot;,&quot;title&quot;:&quot;&quot;,&quot;orientation&quot;:&quot;0&quot;}\" data-image-title=\"WhatsApp Image 2022-04-05 at 5.02.25 PM (1)\" data-image-description=\"\" data-image-caption=\"\" data-large-file=\"https:\/\/i0.wp.com\/www.claret.org\/wp-content\/uploads\/2022\/04\/WhatsApp-Image-2022-04-05-at-5.02.25-PM-1.jpeg?fit=1024%2C575&amp;ssl=1\" data-id=\"117933\" src=\"https:\/\/i0.wp.com\/www.claret.org\/wp-content\/uploads\/2022\/04\/WhatsApp-Image-2022-04-05-at-5.02.25-PM-1.jpeg?resize=1080%2C607&#038;ssl=1\" alt=\"\" class=\"wp-image-117933\" title=\"\" srcset=\"https:\/\/www.claret.org\/wp-content\/uploads\/2022\/04\/WhatsApp-Image-2022-04-05-at-5.02.25-PM-1.jpeg 1280w, https:\/\/www.claret.org\/wp-content\/uploads\/2022\/04\/WhatsApp-Image-2022-04-05-at-5.02.25-PM-1-980x550.jpeg 980w, https:\/\/www.claret.org\/wp-content\/uploads\/2022\/04\/WhatsApp-Image-2022-04-05-at-5.02.25-PM-1-480x270.jpeg 480w\" sizes=\"(min-width: 0px) and (max-width: 480px) 480px, (min-width: 481px) and (max-width: 980px) 980px, (min-width: 981px) 1280px, 100vw\" \/><\/figure>\n\n\n<figure class=\"wp-block-image size-full\"><img data-recalc-dims=\"1\" loading=\"lazy\" decoding=\"async\" width=\"1080\" height=\"607\" data-attachment-id=\"117939\" data-permalink=\"https:\/\/www.claret.org\/fr\/formation-biblique-sur-la-lectio-divina\/whatsapp-image-2022-04-05-at-5-02-25-pm-2\/\" data-orig-file=\"https:\/\/i0.wp.com\/www.claret.org\/wp-content\/uploads\/2022\/04\/WhatsApp-Image-2022-04-05-at-5.02.25-PM.jpeg?fit=1280%2C719&amp;ssl=1\" data-orig-size=\"1280,719\" data-comments-opened=\"0\" data-image-meta=\"{&quot;aperture&quot;:&quot;0&quot;,&quot;credit&quot;:&quot;&quot;,&quot;camera&quot;:&quot;&quot;,&quot;caption&quot;:&quot;&quot;,&quot;created_timestamp&quot;:&quot;0&quot;,&quot;copyright&quot;:&quot;&quot;,&quot;focal_length&quot;:&quot;0&quot;,&quot;iso&quot;:&quot;0&quot;,&quot;shutter_speed&quot;:&quot;0&quot;,&quot;title&quot;:&quot;&quot;,&quot;orientation&quot;:&quot;0&quot;}\" data-image-title=\"WhatsApp Image 2022-04-05 at 5.02.25 PM\" data-image-description=\"\" data-image-caption=\"\" data-large-file=\"https:\/\/i0.wp.com\/www.claret.org\/wp-content\/uploads\/2022\/04\/WhatsApp-Image-2022-04-05-at-5.02.25-PM.jpeg?fit=1024%2C575&amp;ssl=1\" data-id=\"117939\" src=\"https:\/\/i0.wp.com\/www.claret.org\/wp-content\/uploads\/2022\/04\/WhatsApp-Image-2022-04-05-at-5.02.25-PM.jpeg?resize=1080%2C607&#038;ssl=1\" alt=\"\" class=\"wp-image-117939\" title=\"\" srcset=\"https:\/\/www.claret.org\/wp-content\/uploads\/2022\/04\/WhatsApp-Image-2022-04-05-at-5.02.25-PM.jpeg 1280w, https:\/\/www.claret.org\/wp-content\/uploads\/2022\/04\/WhatsApp-Image-2022-04-05-at-5.02.25-PM-980x550.jpeg 980w, https:\/\/www.claret.org\/wp-content\/uploads\/2022\/04\/WhatsApp-Image-2022-04-05-at-5.02.25-PM-480x270.jpeg 480w\" sizes=\"(min-width: 0px) and (max-width: 480px) 480px, (min-width: 481px) and (max-width: 980px) 980px, (min-width: 981px) 1280px, 100vw\" \/><\/figure>\n\n\n<figure class=\"wp-block-image size-full\"><img data-recalc-dims=\"1\" loading=\"lazy\" decoding=\"async\" width=\"1080\" height=\"607\" data-attachment-id=\"117945\" data-permalink=\"https:\/\/www.claret.org\/fr\/formation-biblique-sur-la-lectio-divina\/whatsapp-image-2022-04-05-at-5-02-24-pm-2\/\" data-orig-file=\"https:\/\/i0.wp.com\/www.claret.org\/wp-content\/uploads\/2022\/04\/WhatsApp-Image-2022-04-05-at-5.02.24-PM.jpeg?fit=1280%2C719&amp;ssl=1\" data-orig-size=\"1280,719\" data-comments-opened=\"0\" data-image-meta=\"{&quot;aperture&quot;:&quot;0&quot;,&quot;credit&quot;:&quot;&quot;,&quot;camera&quot;:&quot;&quot;,&quot;caption&quot;:&quot;&quot;,&quot;created_timestamp&quot;:&quot;0&quot;,&quot;copyright&quot;:&quot;&quot;,&quot;focal_length&quot;:&quot;0&quot;,&quot;iso&quot;:&quot;0&quot;,&quot;shutter_speed&quot;:&quot;0&quot;,&quot;title&quot;:&quot;&quot;,&quot;orientation&quot;:&quot;0&quot;}\" data-image-title=\"WhatsApp Image 2022-04-05 at 5.02.24 PM\" data-image-description=\"\" data-image-caption=\"\" data-large-file=\"https:\/\/i0.wp.com\/www.claret.org\/wp-content\/uploads\/2022\/04\/WhatsApp-Image-2022-04-05-at-5.02.24-PM.jpeg?fit=1024%2C575&amp;ssl=1\" data-id=\"117945\" src=\"https:\/\/i0.wp.com\/www.claret.org\/wp-content\/uploads\/2022\/04\/WhatsApp-Image-2022-04-05-at-5.02.24-PM.jpeg?resize=1080%2C607&#038;ssl=1\" alt=\"\" class=\"wp-image-117945\" title=\"\" srcset=\"https:\/\/www.claret.org\/wp-content\/uploads\/2022\/04\/WhatsApp-Image-2022-04-05-at-5.02.24-PM.jpeg 1280w, https:\/\/www.claret.org\/wp-content\/uploads\/2022\/04\/WhatsApp-Image-2022-04-05-at-5.02.24-PM-980x550.jpeg 980w, https:\/\/www.claret.org\/wp-content\/uploads\/2022\/04\/WhatsApp-Image-2022-04-05-at-5.02.24-PM-480x270.jpeg 480w\" sizes=\"(min-width: 0px) and (max-width: 480px) 480px, (min-width: 481px) and (max-width: 980px) 980px, (min-width: 981px) 1280px, 100vw\" \/><\/figure><\/figure>\n\n<blockquote class=\"wp-block-quote is-layout-flow wp-block-quote-is-layout-flow\"><p>\u00ab\u00a0L&rsquo;objectif de la <em>Lectio Divina<\/em>, disait-il, est de promouvoir la communion avec Dieu et d&rsquo;augmenter la connaissance de la parole de Dieu.\u00a0\u00bb Et cela, nous pouvons le pratiquer personnellement, communautairement, et avec le peuple de Dieu (cf. QC 54).<\/p><\/blockquote>\n\n<p>Les participants \u00e9taient tr\u00e8s enthousiastes \u00e0 l&rsquo;id\u00e9e de suivre le webinaire, et cette impression est visible \u00e0 travers leur participation en soulevant des questions et des clarifications pendant les sessions. \u00c0 la fin de la session, le P. Valens Agino, CMF, Sup\u00e9rieur majeur de la D\u00e9l\u00e9gation, a exprim\u00e9 sa profonde gratitude au P. Henry pour sa g\u00e9n\u00e9rosit\u00e9 et sa disponibilit\u00e9 \u00e0 guider la D\u00e9l\u00e9gation \u00e0 cultiver la tradition classique de la pratique de la <em>Lectio Divina<\/em> dans le cadre de leur voyage missionnaire pour r\u00e9aliser le r\u00eave et l&rsquo;engagement de la Congr\u00e9gation, \u00a0\u00bb Nous r\u00eavons comme Claret d&rsquo;une Congr\u00e9gation qui, \u00e0 l&rsquo;exemple de Marie, garde dans son c\u0153ur, accomplit et proclame la Parole de Dieu. \u00a0\u00bb (QC 51). Pour pratiquer ce r\u00eave, \u00ab\u00a0&#8230;. Nous pratiquerons la Lectio Divina personnellement, communautairement et avec le Peuple de Dieu\u00a0\u00bb. (QC 54).<\/p>\n","protected":false},"excerpt":{"rendered":"<p>Kupang, Indon\u00e9sie. En r\u00e9alisant le R\u00eave de la Congr\u00e9gation ainsi que la D\u00e9l\u00e9gation et les engagements mandat\u00e9s par le XXVI\u00e8me Chapitre G\u00e9n\u00e9ral, la D\u00e9l\u00e9gation Ind\u00e9pendante Indonesia-Timor Leste a organis\u00e9 un webinaire sur la Formation Biblique sur Lectio Divina donn\u00e9 par le R\u00e9v\u00e9rend P\u00e8re Henry Omonisaye, CMF, Pr\u00e9fet G\u00e9n\u00e9ral du Minist\u00e8re de la Bible et de [&hellip;]<\/p>\n","protected":false},"author":2,"featured_media":117927,"comment_status":"closed","ping_status":"closed","sticky":false,"template":"","format":"standard","meta":{"_et_pb_use_builder":"off","_et_pb_old_content":"","_et_gb_content_width":"","footnotes":""},"categories":[204,416],"tags":[],"class_list":["post-118023","post","type-post","status-publish","format-standard","has-post-thumbnail","hentry","category-ave-maria-fr","category-pastorale-biblique"],"jetpack_featured_media_url":"https:\/\/i0.wp.com\/www.claret.org\/wp-content\/uploads\/2022\/04\/ID-20220405-fr.webp?fit=904%2C540&ssl=1","jetpack_sharing_enabled":true,"jetpack_shortlink":"https:\/\/wp.me\/pdaBmi-uHB","jetpack_likes_enabled":true,"_links":{"self":[{"href":"https:\/\/www.claret.org\/fr\/wp-json\/wp\/v2\/posts\/118023","targetHints":{"allow":["GET"]}}],"collection":[{"href":"https:\/\/www.claret.org\/fr\/wp-json\/wp\/v2\/posts"}],"about":[{"href":"https:\/\/www.claret.org\/fr\/wp-json\/wp\/v2\/types\/post"}],"author":[{"embeddable":true,"href":"https:\/\/www.claret.org\/fr\/wp-json\/wp\/v2\/users\/2"}],"replies":[{"embeddable":true,"href":"https:\/\/www.claret.org\/fr\/wp-json\/wp\/v2\/comments?post=118023"}],"version-history":[{"count":0,"href":"https:\/\/www.claret.org\/fr\/wp-json\/wp\/v2\/posts\/118023\/revisions"}],"wp:featuredmedia":[{"embeddable":true,"href":"https:\/\/www.claret.org\/fr\/wp-json\/wp\/v2\/media\/117927"}],"wp:attachment":[{"href":"https:\/\/www.claret.org\/fr\/wp-json\/wp\/v2\/media?parent=118023"}],"wp:term":[{"taxonomy":"category","embeddable":true,"href":"https:\/\/www.claret.org\/fr\/wp-json\/wp\/v2\/categories?post=118023"},{"taxonomy":"post_tag","embeddable":true,"href":"https:\/\/www.claret.org\/fr\/wp-json\/wp\/v2\/tags?post=118023"}],"curies":[{"name":"wp","href":"https:\/\/api.w.org\/{rel}","templated":true}]}}