{"id":119731,"date":"2022-04-19T09:40:51","date_gmt":"2022-04-19T07:40:51","guid":{"rendered":"https:\/\/www.claret.org\/pe-robert-avulamembo-kapaka\/"},"modified":"2022-04-19T09:46:10","modified_gmt":"2022-04-19T07:46:10","slug":"pe-robert-avulamembo-kapaka","status":"publish","type":"post","link":"https:\/\/www.claret.org\/fr\/pe-robert-avulamembo-kapaka\/","title":{"rendered":"Pe. ROBERT AVULAMEMBO KAPAKA"},"content":{"rendered":"\n<p>Il est d\u00e9c\u00e9d\u00e9 \u00e0 Kinshasa (R\u00e9publique d\u00e9mocratique du Congo) des suites d&rsquo;une insuffisance h\u00e9patique.<\/p>\n\n<p>Il avait 64 ans et appartenait \u00e0 la D\u00e9l\u00e9gation du Congo.<\/p>\n\n<p>Qu&rsquo;il repose dans la Paix du Seigneur.<\/p>\n","protected":false},"excerpt":{"rendered":"<p>Il est d\u00e9c\u00e9d\u00e9 \u00e0 Kinshasa (R\u00e9publique d\u00e9mocratique du Congo) des suites d&rsquo;une insuffisance h\u00e9patique. Il avait 64 ans et appartenait \u00e0 la D\u00e9l\u00e9gation du Congo. Qu&rsquo;il repose dans la Paix du Seigneur.<\/p>\n","protected":false},"author":3,"featured_media":119720,"comment_status":"closed","ping_status":"closed","sticky":false,"template":"","format":"standard","meta":{"_et_pb_use_builder":"off","_et_pb_old_content":"","_et_gb_content_width":"","footnotes":""},"categories":[559],"tags":[],"class_list":["post-119731","post","type-post","status-publish","format-standard","has-post-thumbnail","hentry","category-decede"],"jetpack_featured_media_url":"https:\/\/i0.wp.com\/www.claret.org\/wp-content\/uploads\/2022\/04\/Robert-Avula-Membo.jpg?fit=450%2C389&ssl=1","jetpack_sharing_enabled":true,"jetpack_shortlink":"https:\/\/wp.me\/pdaBmi-v99","jetpack_likes_enabled":true,"_links":{"self":[{"href":"https:\/\/www.claret.org\/fr\/wp-json\/wp\/v2\/posts\/119731","targetHints":{"allow":["GET"]}}],"collection":[{"href":"https:\/\/www.claret.org\/fr\/wp-json\/wp\/v2\/posts"}],"about":[{"href":"https:\/\/www.claret.org\/fr\/wp-json\/wp\/v2\/types\/post"}],"author":[{"embeddable":true,"href":"https:\/\/www.claret.org\/fr\/wp-json\/wp\/v2\/users\/3"}],"replies":[{"embeddable":true,"href":"https:\/\/www.claret.org\/fr\/wp-json\/wp\/v2\/comments?post=119731"}],"version-history":[{"count":0,"href":"https:\/\/www.claret.org\/fr\/wp-json\/wp\/v2\/posts\/119731\/revisions"}],"wp:featuredmedia":[{"embeddable":true,"href":"https:\/\/www.claret.org\/fr\/wp-json\/wp\/v2\/media\/119720"}],"wp:attachment":[{"href":"https:\/\/www.claret.org\/fr\/wp-json\/wp\/v2\/media?parent=119731"}],"wp:term":[{"taxonomy":"category","embeddable":true,"href":"https:\/\/www.claret.org\/fr\/wp-json\/wp\/v2\/categories?post=119731"},{"taxonomy":"post_tag","embeddable":true,"href":"https:\/\/www.claret.org\/fr\/wp-json\/wp\/v2\/tags?post=119731"}],"curies":[{"name":"wp","href":"https:\/\/api.w.org\/{rel}","templated":true}]}}