{"id":120374,"date":"2022-04-21T05:48:00","date_gmt":"2022-04-21T03:48:00","guid":{"rendered":"https:\/\/www.claret.org\/en-christ-enflammes-pour-la-mission-viiie-chapitre-provincial-de-chennai\/"},"modified":"2022-04-21T17:37:18","modified_gmt":"2022-04-21T15:37:18","slug":"en-christ-enflammes-pour-la-mission-viiie-chapitre-provincial-de-chennai","status":"publish","type":"post","link":"https:\/\/www.claret.org\/fr\/en-christ-enflammes-pour-la-mission-viiie-chapitre-provincial-de-chennai\/","title":{"rendered":"En Christ, enflamm\u00e9s pour la Mission : VIIIe Chapitre Provincial de Chennai"},"content":{"rendered":"\n<p class=\"has-drop-cap\"><strong>Dindigul, Inde.<\/strong> Le VIIIe Chapitre Provincial des <a href=\"https:\/\/chennaicmf.org\/\" target=\"_blank\" rel=\"noreferrer noopener nofollow\">Missionnaires Clar\u00e9tains de Chennai<\/a> a commenc\u00e9 le lundi 18 avril 2022, aux Clar\u00e9tains-LIFE, Dindigul, dans l&rsquo;\u00e9tat du Tamil Nadu en Inde. Le Chapitre a officiellement commenc\u00e9 par la c\u00e9l\u00e9bration eucharistique pr\u00e9sid\u00e9e par <a href=\"https:\/\/www.claret.org\/general-government\/\" target=\"_blank\" rel=\"noreferrer noopener\" title=\"Gouvernement g&#xE9;n&#xE9;ral\">Le P\u00e8re Henry Omonisaye, CMF, Vicaire G\u00e9n\u00e9ral de la Congr\u00e9gation<\/a>, et Pr\u00e9sident du Chapitre. Une intronisation de la bible a suivi la messe.<\/p>\n\n<p><\/p>\n\n<figure class=\"wp-block-gallery has-nested-images columns-default is-cropped wp-block-gallery-1 is-layout-flex wp-block-gallery-is-layout-flex\">\n<figure class=\"wp-block-image size-full\"><img data-recalc-dims=\"1\" loading=\"lazy\" decoding=\"async\" width=\"1080\" height=\"720\" data-attachment-id=\"120008\" data-permalink=\"https:\/\/www.claret.org\/fr\/en-christ-enflammes-pour-la-mission-viiie-chapitre-provincial-de-chennai\/ch-20220418-viii-provincial-chapter-8-2\/\" data-orig-file=\"https:\/\/i0.wp.com\/www.claret.org\/wp-content\/uploads\/2022\/04\/CH-20220418-VIII-Provincial-Chapter-8-scaled.jpg?fit=2560%2C1707&amp;ssl=1\" data-orig-size=\"2560,1707\" data-comments-opened=\"0\" data-image-meta=\"{&quot;aperture&quot;:&quot;4&quot;,&quot;credit&quot;:&quot;&quot;,&quot;camera&quot;:&quot;ILCE-7M3&quot;,&quot;caption&quot;:&quot;&quot;,&quot;created_timestamp&quot;:&quot;1514772579&quot;,&quot;copyright&quot;:&quot;&quot;,&quot;focal_length&quot;:&quot;55&quot;,&quot;iso&quot;:&quot;10000&quot;,&quot;shutter_speed&quot;:&quot;0.00625&quot;,&quot;title&quot;:&quot;&quot;,&quot;orientation&quot;:&quot;1&quot;}\" data-image-title=\"CH-20220418 VIII Provincial Chapter (8)\" data-image-description=\"\" data-image-caption=\"\" data-large-file=\"https:\/\/i0.wp.com\/www.claret.org\/wp-content\/uploads\/2022\/04\/CH-20220418-VIII-Provincial-Chapter-8-scaled.jpg?fit=1024%2C683&amp;ssl=1\" data-id=\"120008\" src=\"https:\/\/i0.wp.com\/www.claret.org\/wp-content\/uploads\/2022\/04\/CH-20220418-VIII-Provincial-Chapter-8-scaled.jpg?resize=1080%2C720&#038;ssl=1\" alt=\"\" class=\"wp-image-120008\" title=\"\" srcset=\"https:\/\/www.claret.org\/wp-content\/uploads\/2022\/04\/CH-20220418-VIII-Provincial-Chapter-8-scaled.jpg 2560w, https:\/\/www.claret.org\/wp-content\/uploads\/2022\/04\/CH-20220418-VIII-Provincial-Chapter-8-1280x854.jpg 1280w, https:\/\/www.claret.org\/wp-content\/uploads\/2022\/04\/CH-20220418-VIII-Provincial-Chapter-8-980x653.jpg 980w, https:\/\/www.claret.org\/wp-content\/uploads\/2022\/04\/CH-20220418-VIII-Provincial-Chapter-8-480x320.jpg 480w\" sizes=\"(min-width: 0px) and (max-width: 480px) 480px, (min-width: 481px) and (max-width: 980px) 980px, (min-width: 981px) and (max-width: 1280px) 1280px, (min-width: 1281px) 2560px, 100vw\" \/><\/figure>\n\n\n<figure class=\"wp-block-image size-full\"><img data-recalc-dims=\"1\" loading=\"lazy\" decoding=\"async\" width=\"1080\" height=\"720\" data-attachment-id=\"120015\" data-permalink=\"https:\/\/www.claret.org\/fr\/en-christ-enflammes-pour-la-mission-viiie-chapitre-provincial-de-chennai\/ch-20220418-viii-provincial-chapter-7-2\/\" data-orig-file=\"https:\/\/i0.wp.com\/www.claret.org\/wp-content\/uploads\/2022\/04\/CH-20220418-VIII-Provincial-Chapter-7-scaled.jpg?fit=2560%2C1707&amp;ssl=1\" data-orig-size=\"2560,1707\" data-comments-opened=\"0\" data-image-meta=\"{&quot;aperture&quot;:&quot;4&quot;,&quot;credit&quot;:&quot;&quot;,&quot;camera&quot;:&quot;ILCE-7M3&quot;,&quot;caption&quot;:&quot;&quot;,&quot;created_timestamp&quot;:&quot;1514772247&quot;,&quot;copyright&quot;:&quot;&quot;,&quot;focal_length&quot;:&quot;28&quot;,&quot;iso&quot;:&quot;6400&quot;,&quot;shutter_speed&quot;:&quot;0.00625&quot;,&quot;title&quot;:&quot;&quot;,&quot;orientation&quot;:&quot;1&quot;}\" data-image-title=\"CH-20220418 VIII Provincial Chapter (7)\" data-image-description=\"\" data-image-caption=\"\" data-large-file=\"https:\/\/i0.wp.com\/www.claret.org\/wp-content\/uploads\/2022\/04\/CH-20220418-VIII-Provincial-Chapter-7-scaled.jpg?fit=1024%2C683&amp;ssl=1\" data-id=\"120015\" src=\"https:\/\/i0.wp.com\/www.claret.org\/wp-content\/uploads\/2022\/04\/CH-20220418-VIII-Provincial-Chapter-7-scaled.jpg?resize=1080%2C720&#038;ssl=1\" alt=\"\" class=\"wp-image-120015\" title=\"\" srcset=\"https:\/\/www.claret.org\/wp-content\/uploads\/2022\/04\/CH-20220418-VIII-Provincial-Chapter-7-scaled.jpg 2560w, https:\/\/www.claret.org\/wp-content\/uploads\/2022\/04\/CH-20220418-VIII-Provincial-Chapter-7-1280x854.jpg 1280w, https:\/\/www.claret.org\/wp-content\/uploads\/2022\/04\/CH-20220418-VIII-Provincial-Chapter-7-980x653.jpg 980w, https:\/\/www.claret.org\/wp-content\/uploads\/2022\/04\/CH-20220418-VIII-Provincial-Chapter-7-480x320.jpg 480w\" sizes=\"(min-width: 0px) and (max-width: 480px) 480px, (min-width: 481px) and (max-width: 980px) 980px, (min-width: 981px) and (max-width: 1280px) 1280px, (min-width: 1281px) 2560px, 100vw\" \/><\/figure>\n\n\n<figure class=\"wp-block-image size-full\"><img data-recalc-dims=\"1\" loading=\"lazy\" decoding=\"async\" width=\"1080\" height=\"720\" data-attachment-id=\"120022\" data-permalink=\"https:\/\/www.claret.org\/fr\/en-christ-enflammes-pour-la-mission-viiie-chapitre-provincial-de-chennai\/ch-20220418-viii-provincial-chapter-6-2\/\" data-orig-file=\"https:\/\/i0.wp.com\/www.claret.org\/wp-content\/uploads\/2022\/04\/CH-20220418-VIII-Provincial-Chapter-6-scaled.jpg?fit=2560%2C1707&amp;ssl=1\" data-orig-size=\"2560,1707\" data-comments-opened=\"0\" data-image-meta=\"{&quot;aperture&quot;:&quot;4&quot;,&quot;credit&quot;:&quot;&quot;,&quot;camera&quot;:&quot;ILCE-7M3&quot;,&quot;caption&quot;:&quot;&quot;,&quot;created_timestamp&quot;:&quot;1514768807&quot;,&quot;copyright&quot;:&quot;&quot;,&quot;focal_length&quot;:&quot;58&quot;,&quot;iso&quot;:&quot;8000&quot;,&quot;shutter_speed&quot;:&quot;0.00625&quot;,&quot;title&quot;:&quot;&quot;,&quot;orientation&quot;:&quot;1&quot;}\" data-image-title=\"CH-20220418 VIII Provincial Chapter (6)\" data-image-description=\"\" data-image-caption=\"\" data-large-file=\"https:\/\/i0.wp.com\/www.claret.org\/wp-content\/uploads\/2022\/04\/CH-20220418-VIII-Provincial-Chapter-6-scaled.jpg?fit=1024%2C683&amp;ssl=1\" data-id=\"120022\" src=\"https:\/\/i0.wp.com\/www.claret.org\/wp-content\/uploads\/2022\/04\/CH-20220418-VIII-Provincial-Chapter-6-scaled.jpg?resize=1080%2C720&#038;ssl=1\" alt=\"\" class=\"wp-image-120022\" title=\"\" srcset=\"https:\/\/www.claret.org\/wp-content\/uploads\/2022\/04\/CH-20220418-VIII-Provincial-Chapter-6-scaled.jpg 2560w, https:\/\/www.claret.org\/wp-content\/uploads\/2022\/04\/CH-20220418-VIII-Provincial-Chapter-6-1280x854.jpg 1280w, https:\/\/www.claret.org\/wp-content\/uploads\/2022\/04\/CH-20220418-VIII-Provincial-Chapter-6-980x653.jpg 980w, https:\/\/www.claret.org\/wp-content\/uploads\/2022\/04\/CH-20220418-VIII-Provincial-Chapter-6-480x320.jpg 480w\" sizes=\"(min-width: 0px) and (max-width: 480px) 480px, (min-width: 481px) and (max-width: 980px) 980px, (min-width: 981px) and (max-width: 1280px) 1280px, (min-width: 1281px) 2560px, 100vw\" \/><\/figure><\/figure>\n\n<p><\/p>\n\n<p>Les Missionnaires Clar\u00e9tains de Chennai c\u00e9l\u00e8brent leur VIIIe Chapitre provincial du 18 au 24 avril 2022, avec 44 membres du Chapitre pleins d&rsquo;esprit et revigor\u00e9s, dont la Pr\u00e9sidente du Chapitre. La province de Chennai a choisi \u00ab\u00a0<strong>En Christ, enflamm\u00e9s pour la mission<\/strong>\u00a0\u00bb comme th\u00e8me de leur Chapitre. Il suit la m\u00e9thodologie synodale que le XXVIe Chapitre G\u00e9n\u00e9ral a utilis\u00e9e l&rsquo;ann\u00e9e derni\u00e8re \u00e0 Nemi.<\/p>\n\n<figure class=\"wp-block-gallery has-nested-images columns-default is-cropped wp-block-gallery-2 is-layout-flex wp-block-gallery-is-layout-flex\">\n<figure class=\"wp-block-image size-large\"><img data-recalc-dims=\"1\" loading=\"lazy\" decoding=\"async\" width=\"1080\" height=\"720\" data-attachment-id=\"120036\" data-permalink=\"https:\/\/www.claret.org\/fr\/en-christ-enflammes-pour-la-mission-viiie-chapitre-provincial-de-chennai\/ch-20220418-viii-provincial-chapter-4-2\/\" data-orig-file=\"https:\/\/i0.wp.com\/www.claret.org\/wp-content\/uploads\/2022\/04\/CH-20220418-VIII-Provincial-Chapter-4-scaled.jpg?fit=2560%2C1707&amp;ssl=1\" data-orig-size=\"2560,1707\" data-comments-opened=\"0\" data-image-meta=\"{&quot;aperture&quot;:&quot;3.2&quot;,&quot;credit&quot;:&quot;&quot;,&quot;camera&quot;:&quot;ILCE-7M3&quot;,&quot;caption&quot;:&quot;&quot;,&quot;created_timestamp&quot;:&quot;1514774059&quot;,&quot;copyright&quot;:&quot;&quot;,&quot;focal_length&quot;:&quot;28&quot;,&quot;iso&quot;:&quot;1600&quot;,&quot;shutter_speed&quot;:&quot;0.00625&quot;,&quot;title&quot;:&quot;&quot;,&quot;orientation&quot;:&quot;1&quot;}\" data-image-title=\"CH-20220418 VIII Provincial Chapter (4)\" data-image-description=\"\" data-image-caption=\"\" data-large-file=\"https:\/\/i0.wp.com\/www.claret.org\/wp-content\/uploads\/2022\/04\/CH-20220418-VIII-Provincial-Chapter-4-scaled.jpg?fit=1024%2C683&amp;ssl=1\" data-id=\"120036\" src=\"https:\/\/i0.wp.com\/www.claret.org\/wp-content\/uploads\/2022\/04\/CH-20220418-VIII-Provincial-Chapter-4-scaled.jpg?resize=1080%2C720&#038;ssl=1\" alt=\"\" class=\"wp-image-120036\" title=\"\" srcset=\"https:\/\/www.claret.org\/wp-content\/uploads\/2022\/04\/CH-20220418-VIII-Provincial-Chapter-4-scaled.jpg 2560w, https:\/\/www.claret.org\/wp-content\/uploads\/2022\/04\/CH-20220418-VIII-Provincial-Chapter-4-1280x854.jpg 1280w, https:\/\/www.claret.org\/wp-content\/uploads\/2022\/04\/CH-20220418-VIII-Provincial-Chapter-4-980x653.jpg 980w, https:\/\/www.claret.org\/wp-content\/uploads\/2022\/04\/CH-20220418-VIII-Provincial-Chapter-4-480x320.jpg 480w\" sizes=\"(min-width: 0px) and (max-width: 480px) 480px, (min-width: 481px) and (max-width: 980px) 980px, (min-width: 981px) and (max-width: 1280px) 1280px, (min-width: 1281px) 2560px, 100vw\" \/><\/figure>\n\n\n<figure class=\"wp-block-image size-large\"><img data-recalc-dims=\"1\" loading=\"lazy\" decoding=\"async\" width=\"1080\" height=\"720\" data-attachment-id=\"120042\" data-permalink=\"https:\/\/www.claret.org\/fr\/en-christ-enflammes-pour-la-mission-viiie-chapitre-provincial-de-chennai\/ch-20220418-viii-provincial-chapter-5-2\/\" data-orig-file=\"https:\/\/i0.wp.com\/www.claret.org\/wp-content\/uploads\/2022\/04\/CH-20220418-VIII-Provincial-Chapter-5-scaled.jpg?fit=2560%2C1707&amp;ssl=1\" data-orig-size=\"2560,1707\" data-comments-opened=\"0\" data-image-meta=\"{&quot;aperture&quot;:&quot;4&quot;,&quot;credit&quot;:&quot;&quot;,&quot;camera&quot;:&quot;ILCE-7M3&quot;,&quot;caption&quot;:&quot;&quot;,&quot;created_timestamp&quot;:&quot;1514774390&quot;,&quot;copyright&quot;:&quot;&quot;,&quot;focal_length&quot;:&quot;35&quot;,&quot;iso&quot;:&quot;3200&quot;,&quot;shutter_speed&quot;:&quot;0.00625&quot;,&quot;title&quot;:&quot;&quot;,&quot;orientation&quot;:&quot;1&quot;}\" data-image-title=\"CH-20220418 VIII Provincial Chapter (5)\" data-image-description=\"\" data-image-caption=\"\" data-large-file=\"https:\/\/i0.wp.com\/www.claret.org\/wp-content\/uploads\/2022\/04\/CH-20220418-VIII-Provincial-Chapter-5-scaled.jpg?fit=1024%2C683&amp;ssl=1\" data-id=\"120042\" src=\"https:\/\/i0.wp.com\/www.claret.org\/wp-content\/uploads\/2022\/04\/CH-20220418-VIII-Provincial-Chapter-5-scaled.jpg?resize=1080%2C720&#038;ssl=1\" alt=\"\" class=\"wp-image-120042\" title=\"\" srcset=\"https:\/\/www.claret.org\/wp-content\/uploads\/2022\/04\/CH-20220418-VIII-Provincial-Chapter-5-scaled.jpg 2560w, https:\/\/www.claret.org\/wp-content\/uploads\/2022\/04\/CH-20220418-VIII-Provincial-Chapter-5-1280x854.jpg 1280w, https:\/\/www.claret.org\/wp-content\/uploads\/2022\/04\/CH-20220418-VIII-Provincial-Chapter-5-980x653.jpg 980w, https:\/\/www.claret.org\/wp-content\/uploads\/2022\/04\/CH-20220418-VIII-Provincial-Chapter-5-480x320.jpg 480w\" sizes=\"(min-width: 0px) and (max-width: 480px) 480px, (min-width: 481px) and (max-width: 980px) 980px, (min-width: 981px) and (max-width: 1280px) 1280px, (min-width: 1281px) 2560px, 100vw\" \/><\/figure>\n\n\n<figure class=\"wp-block-image size-large\"><img data-recalc-dims=\"1\" loading=\"lazy\" decoding=\"async\" width=\"1080\" height=\"720\" data-attachment-id=\"120030\" data-permalink=\"https:\/\/www.claret.org\/fr\/en-christ-enflammes-pour-la-mission-viiie-chapitre-provincial-de-chennai\/ch-20220418-viii-provincial-chapter-3-2\/\" data-orig-file=\"https:\/\/i0.wp.com\/www.claret.org\/wp-content\/uploads\/2022\/04\/CH-20220418-VIII-Provincial-Chapter-3-scaled.jpg?fit=2560%2C1707&amp;ssl=1\" data-orig-size=\"2560,1707\" data-comments-opened=\"0\" data-image-meta=\"{&quot;aperture&quot;:&quot;2.8&quot;,&quot;credit&quot;:&quot;&quot;,&quot;camera&quot;:&quot;ILCE-7M3&quot;,&quot;caption&quot;:&quot;&quot;,&quot;created_timestamp&quot;:&quot;1514774044&quot;,&quot;copyright&quot;:&quot;&quot;,&quot;focal_length&quot;:&quot;29&quot;,&quot;iso&quot;:&quot;1600&quot;,&quot;shutter_speed&quot;:&quot;0.00625&quot;,&quot;title&quot;:&quot;&quot;,&quot;orientation&quot;:&quot;1&quot;}\" data-image-title=\"CH-20220418 VIII Provincial Chapter (3)\" data-image-description=\"\" data-image-caption=\"\" data-large-file=\"https:\/\/i0.wp.com\/www.claret.org\/wp-content\/uploads\/2022\/04\/CH-20220418-VIII-Provincial-Chapter-3-scaled.jpg?fit=1024%2C683&amp;ssl=1\" data-id=\"120030\" src=\"https:\/\/i0.wp.com\/www.claret.org\/wp-content\/uploads\/2022\/04\/CH-20220418-VIII-Provincial-Chapter-3-scaled.jpg?resize=1080%2C720&#038;ssl=1\" alt=\"\" class=\"wp-image-120030\" title=\"\" srcset=\"https:\/\/www.claret.org\/wp-content\/uploads\/2022\/04\/CH-20220418-VIII-Provincial-Chapter-3-scaled.jpg 2560w, https:\/\/www.claret.org\/wp-content\/uploads\/2022\/04\/CH-20220418-VIII-Provincial-Chapter-3-1280x854.jpg 1280w, https:\/\/www.claret.org\/wp-content\/uploads\/2022\/04\/CH-20220418-VIII-Provincial-Chapter-3-980x653.jpg 980w, https:\/\/www.claret.org\/wp-content\/uploads\/2022\/04\/CH-20220418-VIII-Provincial-Chapter-3-480x320.jpg 480w\" sizes=\"(min-width: 0px) and (max-width: 480px) 480px, (min-width: 481px) and (max-width: 980px) 980px, (min-width: 981px) and (max-width: 1280px) 1280px, (min-width: 1281px) 2560px, 100vw\" \/><\/figure><\/figure>\n\n<p>Le deuxi\u00e8me jour, l&rsquo;\u00e9v\u00eaque de Dindigul, Mgr Thomas Paulsamy, a c\u00e9l\u00e9br\u00e9 l&rsquo;Eucharistie pour eux. Puis ils ont eu leur mini-collection pr\u00e9sid\u00e9e par le P\u00e8re Henry lui-m\u00eame. <\/p>\n\n<p>Plus tard, les rapports sexennaux du gouvernement provincial d&rsquo;avril 2016 \u00e0 mars 2022 ont \u00e9t\u00e9 pr\u00e9sent\u00e9s respectivement par le secr\u00e9taire provincial et le pr\u00e9fet provincial de l&rsquo;\u00e9conomie. Un rapport sur le d\u00e9veloppement des missions en Malaisie a \u00e9t\u00e9 pr\u00e9sent\u00e9 par le P\u00e8re Berkmans par le biais d&rsquo;un google meet.<\/p>\n\n<p><\/p>\n\n<figure class=\"wp-block-gallery has-nested-images columns-default is-cropped wp-block-gallery-3 is-layout-flex wp-block-gallery-is-layout-flex\">\n<figure class=\"wp-block-image size-large\"><img data-recalc-dims=\"1\" loading=\"lazy\" decoding=\"async\" width=\"1080\" height=\"720\" data-attachment-id=\"120258\" data-permalink=\"https:\/\/www.claret.org\/fr\/en-christ-enflammes-pour-la-mission-viiie-chapitre-provincial-de-chennai\/dsc01911-2\/\" data-orig-file=\"https:\/\/i0.wp.com\/www.claret.org\/wp-content\/uploads\/2022\/04\/DSC01911-scaled.jpg?fit=2560%2C1707&amp;ssl=1\" data-orig-size=\"2560,1707\" data-comments-opened=\"0\" data-image-meta=\"{&quot;aperture&quot;:&quot;4&quot;,&quot;credit&quot;:&quot;&quot;,&quot;camera&quot;:&quot;ILCE-7M3&quot;,&quot;caption&quot;:&quot;&quot;,&quot;created_timestamp&quot;:&quot;1514821410&quot;,&quot;copyright&quot;:&quot;&quot;,&quot;focal_length&quot;:&quot;56&quot;,&quot;iso&quot;:&quot;5000&quot;,&quot;shutter_speed&quot;:&quot;0.00625&quot;,&quot;title&quot;:&quot;&quot;,&quot;orientation&quot;:&quot;1&quot;}\" data-image-title=\"DSC01911\" data-image-description=\"\" data-image-caption=\"\" data-large-file=\"https:\/\/i0.wp.com\/www.claret.org\/wp-content\/uploads\/2022\/04\/DSC01911-scaled.jpg?fit=1024%2C683&amp;ssl=1\" data-id=\"120258\" src=\"https:\/\/i0.wp.com\/www.claret.org\/wp-content\/uploads\/2022\/04\/DSC01911-scaled.jpg?resize=1080%2C720&#038;ssl=1\" alt=\"\" class=\"wp-image-120258\" title=\"\" srcset=\"https:\/\/www.claret.org\/wp-content\/uploads\/2022\/04\/DSC01911-scaled.jpg 2560w, https:\/\/www.claret.org\/wp-content\/uploads\/2022\/04\/DSC01911-1280x854.jpg 1280w, https:\/\/www.claret.org\/wp-content\/uploads\/2022\/04\/DSC01911-980x653.jpg 980w, https:\/\/www.claret.org\/wp-content\/uploads\/2022\/04\/DSC01911-480x320.jpg 480w\" sizes=\"(min-width: 0px) and (max-width: 480px) 480px, (min-width: 481px) and (max-width: 980px) 980px, (min-width: 981px) and (max-width: 1280px) 1280px, (min-width: 1281px) 2560px, 100vw\" \/><\/figure>\n\n\n<figure class=\"wp-block-image size-large\"><img data-recalc-dims=\"1\" loading=\"lazy\" decoding=\"async\" width=\"1080\" height=\"720\" data-attachment-id=\"120264\" data-permalink=\"https:\/\/www.claret.org\/fr\/en-christ-enflammes-pour-la-mission-viiie-chapitre-provincial-de-chennai\/dsc01914-2\/\" data-orig-file=\"https:\/\/i0.wp.com\/www.claret.org\/wp-content\/uploads\/2022\/04\/DSC01914-scaled.jpg?fit=2560%2C1707&amp;ssl=1\" data-orig-size=\"2560,1707\" data-comments-opened=\"0\" data-image-meta=\"{&quot;aperture&quot;:&quot;2.8&quot;,&quot;credit&quot;:&quot;&quot;,&quot;camera&quot;:&quot;ILCE-7M3&quot;,&quot;caption&quot;:&quot;&quot;,&quot;created_timestamp&quot;:&quot;1514824806&quot;,&quot;copyright&quot;:&quot;&quot;,&quot;focal_length&quot;:&quot;44&quot;,&quot;iso&quot;:&quot;2500&quot;,&quot;shutter_speed&quot;:&quot;0.00625&quot;,&quot;title&quot;:&quot;&quot;,&quot;orientation&quot;:&quot;1&quot;}\" data-image-title=\"DSC01914\" data-image-description=\"\" data-image-caption=\"\" data-large-file=\"https:\/\/i0.wp.com\/www.claret.org\/wp-content\/uploads\/2022\/04\/DSC01914-scaled.jpg?fit=1024%2C683&amp;ssl=1\" data-id=\"120264\" src=\"https:\/\/i0.wp.com\/www.claret.org\/wp-content\/uploads\/2022\/04\/DSC01914-scaled.jpg?resize=1080%2C720&#038;ssl=1\" alt=\"\" class=\"wp-image-120264\" title=\"\" srcset=\"https:\/\/www.claret.org\/wp-content\/uploads\/2022\/04\/DSC01914-scaled.jpg 2560w, https:\/\/www.claret.org\/wp-content\/uploads\/2022\/04\/DSC01914-1280x854.jpg 1280w, https:\/\/www.claret.org\/wp-content\/uploads\/2022\/04\/DSC01914-980x653.jpg 980w, https:\/\/www.claret.org\/wp-content\/uploads\/2022\/04\/DSC01914-480x320.jpg 480w\" sizes=\"(min-width: 0px) and (max-width: 480px) 480px, (min-width: 481px) and (max-width: 980px) 980px, (min-width: 981px) and (max-width: 1280px) 1280px, (min-width: 1281px) 2560px, 100vw\" \/><\/figure>\n\n\n<figure class=\"wp-block-image size-large\"><img data-recalc-dims=\"1\" loading=\"lazy\" decoding=\"async\" width=\"1080\" height=\"720\" data-attachment-id=\"120270\" data-permalink=\"https:\/\/www.claret.org\/fr\/en-christ-enflammes-pour-la-mission-viiie-chapitre-provincial-de-chennai\/dsc01953-2\/\" data-orig-file=\"https:\/\/i0.wp.com\/www.claret.org\/wp-content\/uploads\/2022\/04\/DSC01953-scaled.jpg?fit=2560%2C1707&amp;ssl=1\" data-orig-size=\"2560,1707\" data-comments-opened=\"0\" data-image-meta=\"{&quot;aperture&quot;:&quot;2.8&quot;,&quot;credit&quot;:&quot;&quot;,&quot;camera&quot;:&quot;ILCE-7M3&quot;,&quot;caption&quot;:&quot;&quot;,&quot;created_timestamp&quot;:&quot;1514850746&quot;,&quot;copyright&quot;:&quot;&quot;,&quot;focal_length&quot;:&quot;28&quot;,&quot;iso&quot;:&quot;1600&quot;,&quot;shutter_speed&quot;:&quot;0.00625&quot;,&quot;title&quot;:&quot;&quot;,&quot;orientation&quot;:&quot;1&quot;}\" data-image-title=\"DSC01953\" data-image-description=\"\" data-image-caption=\"\" data-large-file=\"https:\/\/i0.wp.com\/www.claret.org\/wp-content\/uploads\/2022\/04\/DSC01953-scaled.jpg?fit=1024%2C683&amp;ssl=1\" data-id=\"120270\" src=\"https:\/\/i0.wp.com\/www.claret.org\/wp-content\/uploads\/2022\/04\/DSC01953-scaled.jpg?resize=1080%2C720&#038;ssl=1\" alt=\"\" class=\"wp-image-120270\" title=\"\" srcset=\"https:\/\/www.claret.org\/wp-content\/uploads\/2022\/04\/DSC01953-scaled.jpg 2560w, https:\/\/www.claret.org\/wp-content\/uploads\/2022\/04\/DSC01953-1280x854.jpg 1280w, https:\/\/www.claret.org\/wp-content\/uploads\/2022\/04\/DSC01953-980x653.jpg 980w, https:\/\/www.claret.org\/wp-content\/uploads\/2022\/04\/DSC01953-480x320.jpg 480w\" sizes=\"(min-width: 0px) and (max-width: 480px) 480px, (min-width: 481px) and (max-width: 980px) 980px, (min-width: 981px) and (max-width: 1280px) 1280px, (min-width: 1281px) 2560px, 100vw\" \/><\/figure>\n\n\n<figure class=\"wp-block-image size-large\"><img data-recalc-dims=\"1\" loading=\"lazy\" decoding=\"async\" width=\"1080\" height=\"720\" data-attachment-id=\"120276\" data-permalink=\"https:\/\/www.claret.org\/fr\/en-christ-enflammes-pour-la-mission-viiie-chapitre-provincial-de-chennai\/dsc01960-2\/\" data-orig-file=\"https:\/\/i0.wp.com\/www.claret.org\/wp-content\/uploads\/2022\/04\/DSC01960-scaled.jpg?fit=2560%2C1707&amp;ssl=1\" data-orig-size=\"2560,1707\" data-comments-opened=\"0\" data-image-meta=\"{&quot;aperture&quot;:&quot;3.5&quot;,&quot;credit&quot;:&quot;&quot;,&quot;camera&quot;:&quot;ILCE-7M3&quot;,&quot;caption&quot;:&quot;&quot;,&quot;created_timestamp&quot;:&quot;1514859145&quot;,&quot;copyright&quot;:&quot;&quot;,&quot;focal_length&quot;:&quot;39&quot;,&quot;iso&quot;:&quot;12800&quot;,&quot;shutter_speed&quot;:&quot;0.00625&quot;,&quot;title&quot;:&quot;&quot;,&quot;orientation&quot;:&quot;1&quot;}\" data-image-title=\"DSC01960\" data-image-description=\"\" data-image-caption=\"\" data-large-file=\"https:\/\/i0.wp.com\/www.claret.org\/wp-content\/uploads\/2022\/04\/DSC01960-scaled.jpg?fit=1024%2C683&amp;ssl=1\" data-id=\"120276\" src=\"https:\/\/i0.wp.com\/www.claret.org\/wp-content\/uploads\/2022\/04\/DSC01960-scaled.jpg?resize=1080%2C720&#038;ssl=1\" alt=\"\" class=\"wp-image-120276\" title=\"\" srcset=\"https:\/\/www.claret.org\/wp-content\/uploads\/2022\/04\/DSC01960-scaled.jpg 2560w, https:\/\/www.claret.org\/wp-content\/uploads\/2022\/04\/DSC01960-1280x854.jpg 1280w, https:\/\/www.claret.org\/wp-content\/uploads\/2022\/04\/DSC01960-980x653.jpg 980w, https:\/\/www.claret.org\/wp-content\/uploads\/2022\/04\/DSC01960-480x320.jpg 480w\" sizes=\"(min-width: 0px) and (max-width: 480px) 480px, (min-width: 481px) and (max-width: 980px) 980px, (min-width: 981px) and (max-width: 1280px) 1280px, (min-width: 1281px) 2560px, 100vw\" \/><\/figure>\n\n\n<figure class=\"wp-block-image size-large\"><img data-recalc-dims=\"1\" loading=\"lazy\" decoding=\"async\" width=\"1080\" height=\"720\" data-attachment-id=\"120282\" data-permalink=\"https:\/\/www.claret.org\/fr\/en-christ-enflammes-pour-la-mission-viiie-chapitre-provincial-de-chennai\/dsc01967-2\/\" data-orig-file=\"https:\/\/i0.wp.com\/www.claret.org\/wp-content\/uploads\/2022\/04\/DSC01967-scaled.jpg?fit=2560%2C1707&amp;ssl=1\" data-orig-size=\"2560,1707\" data-comments-opened=\"0\" data-image-meta=\"{&quot;aperture&quot;:&quot;4&quot;,&quot;credit&quot;:&quot;&quot;,&quot;camera&quot;:&quot;ILCE-7M3&quot;,&quot;caption&quot;:&quot;&quot;,&quot;created_timestamp&quot;:&quot;1514859294&quot;,&quot;copyright&quot;:&quot;&quot;,&quot;focal_length&quot;:&quot;39&quot;,&quot;iso&quot;:&quot;10000&quot;,&quot;shutter_speed&quot;:&quot;0.00625&quot;,&quot;title&quot;:&quot;&quot;,&quot;orientation&quot;:&quot;1&quot;}\" data-image-title=\"DSC01967\" data-image-description=\"\" data-image-caption=\"\" data-large-file=\"https:\/\/i0.wp.com\/www.claret.org\/wp-content\/uploads\/2022\/04\/DSC01967-scaled.jpg?fit=1024%2C683&amp;ssl=1\" data-id=\"120282\" src=\"https:\/\/i0.wp.com\/www.claret.org\/wp-content\/uploads\/2022\/04\/DSC01967-scaled.jpg?resize=1080%2C720&#038;ssl=1\" alt=\"\" class=\"wp-image-120282\" title=\"\" srcset=\"https:\/\/www.claret.org\/wp-content\/uploads\/2022\/04\/DSC01967-scaled.jpg 2560w, https:\/\/www.claret.org\/wp-content\/uploads\/2022\/04\/DSC01967-1280x854.jpg 1280w, https:\/\/www.claret.org\/wp-content\/uploads\/2022\/04\/DSC01967-980x653.jpg 980w, https:\/\/www.claret.org\/wp-content\/uploads\/2022\/04\/DSC01967-480x320.jpg 480w\" sizes=\"(min-width: 0px) and (max-width: 480px) 480px, (min-width: 481px) and (max-width: 980px) 980px, (min-width: 981px) and (max-width: 1280px) 1280px, (min-width: 1281px) 2560px, 100vw\" \/><\/figure>\n\n\n<figure class=\"wp-block-image size-large\"><img data-recalc-dims=\"1\" loading=\"lazy\" decoding=\"async\" width=\"1080\" height=\"720\" data-attachment-id=\"120288\" data-permalink=\"https:\/\/www.claret.org\/fr\/en-christ-enflammes-pour-la-mission-viiie-chapitre-provincial-de-chennai\/dsc01970-2\/\" data-orig-file=\"https:\/\/i0.wp.com\/www.claret.org\/wp-content\/uploads\/2022\/04\/DSC01970-scaled.jpg?fit=2560%2C1707&amp;ssl=1\" data-orig-size=\"2560,1707\" data-comments-opened=\"0\" data-image-meta=\"{&quot;aperture&quot;:&quot;4&quot;,&quot;credit&quot;:&quot;&quot;,&quot;camera&quot;:&quot;ILCE-7M3&quot;,&quot;caption&quot;:&quot;&quot;,&quot;created_timestamp&quot;:&quot;1514859359&quot;,&quot;copyright&quot;:&quot;&quot;,&quot;focal_length&quot;:&quot;39&quot;,&quot;iso&quot;:&quot;8000&quot;,&quot;shutter_speed&quot;:&quot;0.00625&quot;,&quot;title&quot;:&quot;&quot;,&quot;orientation&quot;:&quot;1&quot;}\" data-image-title=\"DSC01970\" data-image-description=\"\" data-image-caption=\"\" data-large-file=\"https:\/\/i0.wp.com\/www.claret.org\/wp-content\/uploads\/2022\/04\/DSC01970-scaled.jpg?fit=1024%2C683&amp;ssl=1\" data-id=\"120288\" src=\"https:\/\/i0.wp.com\/www.claret.org\/wp-content\/uploads\/2022\/04\/DSC01970-scaled.jpg?resize=1080%2C720&#038;ssl=1\" alt=\"\" class=\"wp-image-120288\" title=\"\" srcset=\"https:\/\/www.claret.org\/wp-content\/uploads\/2022\/04\/DSC01970-scaled.jpg 2560w, https:\/\/www.claret.org\/wp-content\/uploads\/2022\/04\/DSC01970-1280x854.jpg 1280w, https:\/\/www.claret.org\/wp-content\/uploads\/2022\/04\/DSC01970-980x653.jpg 980w, https:\/\/www.claret.org\/wp-content\/uploads\/2022\/04\/DSC01970-480x320.jpg 480w\" sizes=\"(min-width: 0px) and (max-width: 480px) 480px, (min-width: 481px) and (max-width: 980px) 980px, (min-width: 981px) and (max-width: 1280px) 1280px, (min-width: 1281px) 2560px, 100vw\" \/><\/figure><figcaption class=\"blocks-gallery-caption\">2E Jour Du Chapitre En Photos<\/figcaption><\/figure>\n\n<p><\/p>\n\n<p>Le troisi\u00e8me jour du Chapitre a commenc\u00e9 par la c\u00e9l\u00e9bration de la Sainte Eucharistie d&rsquo;action de gr\u00e2ce par le gouvernement provincial sortant. Pendant l&rsquo;hom\u00e9lie, le P\u00e8re Jesu Doss CMF, Sup\u00e9rieur provincial sortant de Chennai, a remerci\u00e9 tous les membres de la Province.<\/p>\n\n<p>Dans la salle du chapitre, le P\u00e8re Henry Omonisaye CMF a accueilli le P\u00e8re Prince Carneelyes CMF, le missionnaire malaisien qui a rejoint le chapitre le troisi\u00e8me jour. Les groupes ont \u00e9t\u00e9 invit\u00e9s \u00e0 poursuivre la discussion sur la phase de d\u00e9couverte. Ils ont ensuite pr\u00e9sent\u00e9 les rapports de la discussion et le gouvernement provincial a clarifi\u00e9 les questions qui leur ont \u00e9t\u00e9 pr\u00e9sent\u00e9es. Ensuite, la pr\u00e9sidente du chapitre a pr\u00e9sent\u00e9 la phase de r\u00eave, apr\u00e8s quoi les groupes ont discut\u00e9 et pr\u00e9sent\u00e9 les r\u00eaves.  <\/p>\n\n<p><\/p>\n\n<figure class=\"wp-block-gallery has-nested-images columns-default is-cropped wp-block-gallery-4 is-layout-flex wp-block-gallery-is-layout-flex\">\n<figure class=\"wp-block-image size-large\"><img data-recalc-dims=\"1\" loading=\"lazy\" decoding=\"async\" width=\"1080\" height=\"525\" data-attachment-id=\"120294\" data-permalink=\"https:\/\/www.claret.org\/fr\/en-christ-enflammes-pour-la-mission-viiie-chapitre-provincial-de-chennai\/20220420_183300-2\/\" data-orig-file=\"https:\/\/i0.wp.com\/www.claret.org\/wp-content\/uploads\/2022\/04\/20220420_183300-scaled.jpg?fit=2560%2C1244&amp;ssl=1\" data-orig-size=\"2560,1244\" data-comments-opened=\"0\" data-image-meta=\"{&quot;aperture&quot;:&quot;1.7&quot;,&quot;credit&quot;:&quot;&quot;,&quot;camera&quot;:&quot;SM-J810G&quot;,&quot;caption&quot;:&quot;&quot;,&quot;created_timestamp&quot;:&quot;1650479580&quot;,&quot;copyright&quot;:&quot;&quot;,&quot;focal_length&quot;:&quot;3.93&quot;,&quot;iso&quot;:&quot;200&quot;,&quot;shutter_speed&quot;:&quot;0.04&quot;,&quot;title&quot;:&quot;&quot;,&quot;orientation&quot;:&quot;1&quot;}\" data-image-title=\"20220420_183300\" data-image-description=\"\" data-image-caption=\"\" data-large-file=\"https:\/\/i0.wp.com\/www.claret.org\/wp-content\/uploads\/2022\/04\/20220420_183300-scaled.jpg?fit=1024%2C498&amp;ssl=1\" data-id=\"120294\" src=\"https:\/\/i0.wp.com\/www.claret.org\/wp-content\/uploads\/2022\/04\/20220420_183300-scaled.jpg?resize=1080%2C525&#038;ssl=1\" alt=\"\" class=\"wp-image-120294\" title=\"\" srcset=\"https:\/\/www.claret.org\/wp-content\/uploads\/2022\/04\/20220420_183300-scaled.jpg 2560w, https:\/\/www.claret.org\/wp-content\/uploads\/2022\/04\/20220420_183300-1280x622.jpg 1280w, https:\/\/www.claret.org\/wp-content\/uploads\/2022\/04\/20220420_183300-980x476.jpg 980w, https:\/\/www.claret.org\/wp-content\/uploads\/2022\/04\/20220420_183300-480x233.jpg 480w\" sizes=\"(min-width: 0px) and (max-width: 480px) 480px, (min-width: 481px) and (max-width: 980px) 980px, (min-width: 981px) and (max-width: 1280px) 1280px, (min-width: 1281px) 2560px, 100vw\" \/><\/figure>\n\n\n<figure class=\"wp-block-image size-large\"><img data-recalc-dims=\"1\" loading=\"lazy\" decoding=\"async\" width=\"1080\" height=\"525\" data-attachment-id=\"120300\" data-permalink=\"https:\/\/www.claret.org\/fr\/en-christ-enflammes-pour-la-mission-viiie-chapitre-provincial-de-chennai\/20220420_183423-2\/\" data-orig-file=\"https:\/\/i0.wp.com\/www.claret.org\/wp-content\/uploads\/2022\/04\/20220420_183423-scaled.jpg?fit=2560%2C1244&amp;ssl=1\" data-orig-size=\"2560,1244\" data-comments-opened=\"0\" data-image-meta=\"{&quot;aperture&quot;:&quot;1.7&quot;,&quot;credit&quot;:&quot;&quot;,&quot;camera&quot;:&quot;SM-J810G&quot;,&quot;caption&quot;:&quot;&quot;,&quot;created_timestamp&quot;:&quot;1650479663&quot;,&quot;copyright&quot;:&quot;&quot;,&quot;focal_length&quot;:&quot;3.93&quot;,&quot;iso&quot;:&quot;320&quot;,&quot;shutter_speed&quot;:&quot;0.04&quot;,&quot;title&quot;:&quot;&quot;,&quot;orientation&quot;:&quot;1&quot;}\" data-image-title=\"20220420_183423\" data-image-description=\"\" data-image-caption=\"\" data-large-file=\"https:\/\/i0.wp.com\/www.claret.org\/wp-content\/uploads\/2022\/04\/20220420_183423-scaled.jpg?fit=1024%2C498&amp;ssl=1\" data-id=\"120300\" src=\"https:\/\/i0.wp.com\/www.claret.org\/wp-content\/uploads\/2022\/04\/20220420_183423-scaled.jpg?resize=1080%2C525&#038;ssl=1\" alt=\"\" class=\"wp-image-120300\" title=\"\" srcset=\"https:\/\/www.claret.org\/wp-content\/uploads\/2022\/04\/20220420_183423-scaled.jpg 2560w, https:\/\/www.claret.org\/wp-content\/uploads\/2022\/04\/20220420_183423-1280x622.jpg 1280w, https:\/\/www.claret.org\/wp-content\/uploads\/2022\/04\/20220420_183423-980x476.jpg 980w, https:\/\/www.claret.org\/wp-content\/uploads\/2022\/04\/20220420_183423-480x233.jpg 480w\" sizes=\"(min-width: 0px) and (max-width: 480px) 480px, (min-width: 481px) and (max-width: 980px) 980px, (min-width: 981px) and (max-width: 1280px) 1280px, (min-width: 1281px) 2560px, 100vw\" \/><\/figure>\n\n\n<figure class=\"wp-block-image size-large\"><img data-recalc-dims=\"1\" loading=\"lazy\" decoding=\"async\" width=\"1080\" height=\"720\" data-attachment-id=\"120306\" data-permalink=\"https:\/\/www.claret.org\/fr\/en-christ-enflammes-pour-la-mission-viiie-chapitre-provincial-de-chennai\/dsc01986-2\/\" data-orig-file=\"https:\/\/i0.wp.com\/www.claret.org\/wp-content\/uploads\/2022\/04\/DSC01986-scaled.jpg?fit=2560%2C1707&amp;ssl=1\" data-orig-size=\"2560,1707\" data-comments-opened=\"0\" data-image-meta=\"{&quot;aperture&quot;:&quot;4&quot;,&quot;credit&quot;:&quot;&quot;,&quot;camera&quot;:&quot;ILCE-7M3&quot;,&quot;caption&quot;:&quot;&quot;,&quot;created_timestamp&quot;:&quot;1514917184&quot;,&quot;copyright&quot;:&quot;&quot;,&quot;focal_length&quot;:&quot;38&quot;,&quot;iso&quot;:&quot;6400&quot;,&quot;shutter_speed&quot;:&quot;0.00625&quot;,&quot;title&quot;:&quot;&quot;,&quot;orientation&quot;:&quot;1&quot;}\" data-image-title=\"DSC01986\" data-image-description=\"\" data-image-caption=\"\" data-large-file=\"https:\/\/i0.wp.com\/www.claret.org\/wp-content\/uploads\/2022\/04\/DSC01986-scaled.jpg?fit=1024%2C683&amp;ssl=1\" data-id=\"120306\" src=\"https:\/\/i0.wp.com\/www.claret.org\/wp-content\/uploads\/2022\/04\/DSC01986-scaled.jpg?resize=1080%2C720&#038;ssl=1\" alt=\"\" class=\"wp-image-120306\" title=\"\" srcset=\"https:\/\/www.claret.org\/wp-content\/uploads\/2022\/04\/DSC01986-scaled.jpg 2560w, https:\/\/www.claret.org\/wp-content\/uploads\/2022\/04\/DSC01986-1280x854.jpg 1280w, https:\/\/www.claret.org\/wp-content\/uploads\/2022\/04\/DSC01986-980x653.jpg 980w, https:\/\/www.claret.org\/wp-content\/uploads\/2022\/04\/DSC01986-480x320.jpg 480w\" sizes=\"(min-width: 0px) and (max-width: 480px) 480px, (min-width: 481px) and (max-width: 980px) 980px, (min-width: 981px) and (max-width: 1280px) 1280px, (min-width: 1281px) 2560px, 100vw\" \/><\/figure>\n\n\n<figure class=\"wp-block-image size-large\"><img data-recalc-dims=\"1\" loading=\"lazy\" decoding=\"async\" width=\"1080\" height=\"720\" data-attachment-id=\"120312\" data-permalink=\"https:\/\/www.claret.org\/fr\/en-christ-enflammes-pour-la-mission-viiie-chapitre-provincial-de-chennai\/dsc01996-2\/\" data-orig-file=\"https:\/\/i0.wp.com\/www.claret.org\/wp-content\/uploads\/2022\/04\/DSC01996-scaled.jpg?fit=2560%2C1707&amp;ssl=1\" data-orig-size=\"2560,1707\" data-comments-opened=\"0\" data-image-meta=\"{&quot;aperture&quot;:&quot;4&quot;,&quot;credit&quot;:&quot;&quot;,&quot;camera&quot;:&quot;ILCE-7M3&quot;,&quot;caption&quot;:&quot;&quot;,&quot;created_timestamp&quot;:&quot;1514922397&quot;,&quot;copyright&quot;:&quot;&quot;,&quot;focal_length&quot;:&quot;75&quot;,&quot;iso&quot;:&quot;4000&quot;,&quot;shutter_speed&quot;:&quot;0.00625&quot;,&quot;title&quot;:&quot;&quot;,&quot;orientation&quot;:&quot;1&quot;}\" data-image-title=\"DSC01996\" data-image-description=\"\" data-image-caption=\"\" data-large-file=\"https:\/\/i0.wp.com\/www.claret.org\/wp-content\/uploads\/2022\/04\/DSC01996-scaled.jpg?fit=1024%2C683&amp;ssl=1\" data-id=\"120312\" src=\"https:\/\/i0.wp.com\/www.claret.org\/wp-content\/uploads\/2022\/04\/DSC01996-scaled.jpg?resize=1080%2C720&#038;ssl=1\" alt=\"\" class=\"wp-image-120312\" title=\"\" srcset=\"https:\/\/www.claret.org\/wp-content\/uploads\/2022\/04\/DSC01996-scaled.jpg 2560w, https:\/\/www.claret.org\/wp-content\/uploads\/2022\/04\/DSC01996-1280x854.jpg 1280w, https:\/\/www.claret.org\/wp-content\/uploads\/2022\/04\/DSC01996-980x653.jpg 980w, https:\/\/www.claret.org\/wp-content\/uploads\/2022\/04\/DSC01996-480x320.jpg 480w\" sizes=\"(min-width: 0px) and (max-width: 480px) 480px, (min-width: 481px) and (max-width: 980px) 980px, (min-width: 981px) and (max-width: 1280px) 1280px, (min-width: 1281px) 2560px, 100vw\" \/><\/figure>\n\n\n<figure class=\"wp-block-image size-large\"><img data-recalc-dims=\"1\" loading=\"lazy\" decoding=\"async\" width=\"1080\" height=\"720\" data-attachment-id=\"120318\" data-permalink=\"https:\/\/www.claret.org\/fr\/en-christ-enflammes-pour-la-mission-viiie-chapitre-provincial-de-chennai\/dsc02014-2\/\" data-orig-file=\"https:\/\/i0.wp.com\/www.claret.org\/wp-content\/uploads\/2022\/04\/DSC02014-scaled.jpg?fit=2560%2C1707&amp;ssl=1\" data-orig-size=\"2560,1707\" data-comments-opened=\"0\" data-image-meta=\"{&quot;aperture&quot;:&quot;4&quot;,&quot;credit&quot;:&quot;&quot;,&quot;camera&quot;:&quot;ILCE-7M3&quot;,&quot;caption&quot;:&quot;&quot;,&quot;created_timestamp&quot;:&quot;1514925911&quot;,&quot;copyright&quot;:&quot;&quot;,&quot;focal_length&quot;:&quot;75&quot;,&quot;iso&quot;:&quot;5000&quot;,&quot;shutter_speed&quot;:&quot;0.00625&quot;,&quot;title&quot;:&quot;&quot;,&quot;orientation&quot;:&quot;1&quot;}\" data-image-title=\"DSC02014\" data-image-description=\"\" data-image-caption=\"\" data-large-file=\"https:\/\/i0.wp.com\/www.claret.org\/wp-content\/uploads\/2022\/04\/DSC02014-scaled.jpg?fit=1024%2C683&amp;ssl=1\" data-id=\"120318\" src=\"https:\/\/i0.wp.com\/www.claret.org\/wp-content\/uploads\/2022\/04\/DSC02014-scaled.jpg?resize=1080%2C720&#038;ssl=1\" alt=\"\" class=\"wp-image-120318\" title=\"\" srcset=\"https:\/\/www.claret.org\/wp-content\/uploads\/2022\/04\/DSC02014-scaled.jpg 2560w, https:\/\/www.claret.org\/wp-content\/uploads\/2022\/04\/DSC02014-1280x854.jpg 1280w, https:\/\/www.claret.org\/wp-content\/uploads\/2022\/04\/DSC02014-980x653.jpg 980w, https:\/\/www.claret.org\/wp-content\/uploads\/2022\/04\/DSC02014-480x320.jpg 480w\" sizes=\"(min-width: 0px) and (max-width: 480px) 480px, (min-width: 481px) and (max-width: 980px) 980px, (min-width: 981px) and (max-width: 1280px) 1280px, (min-width: 1281px) 2560px, 100vw\" \/><\/figure>\n\n\n<figure class=\"wp-block-image size-large\"><img data-recalc-dims=\"1\" loading=\"lazy\" decoding=\"async\" width=\"1080\" height=\"607\" data-attachment-id=\"120324\" data-permalink=\"https:\/\/www.claret.org\/fr\/en-christ-enflammes-pour-la-mission-viiie-chapitre-provincial-de-chennai\/dsc02020-2\/\" data-orig-file=\"https:\/\/i0.wp.com\/www.claret.org\/wp-content\/uploads\/2022\/04\/DSC02020.jpeg?fit=1600%2C899&amp;ssl=1\" data-orig-size=\"1600,899\" data-comments-opened=\"0\" data-image-meta=\"{&quot;aperture&quot;:&quot;0&quot;,&quot;credit&quot;:&quot;&quot;,&quot;camera&quot;:&quot;&quot;,&quot;caption&quot;:&quot;&quot;,&quot;created_timestamp&quot;:&quot;0&quot;,&quot;copyright&quot;:&quot;&quot;,&quot;focal_length&quot;:&quot;0&quot;,&quot;iso&quot;:&quot;0&quot;,&quot;shutter_speed&quot;:&quot;0&quot;,&quot;title&quot;:&quot;&quot;,&quot;orientation&quot;:&quot;0&quot;}\" data-image-title=\"DSC02020\" data-image-description=\"\" data-image-caption=\"\" data-large-file=\"https:\/\/i0.wp.com\/www.claret.org\/wp-content\/uploads\/2022\/04\/DSC02020.jpeg?fit=1024%2C575&amp;ssl=1\" data-id=\"120324\" src=\"https:\/\/i0.wp.com\/www.claret.org\/wp-content\/uploads\/2022\/04\/DSC02020.jpeg?resize=1080%2C607&#038;ssl=1\" alt=\"\" class=\"wp-image-120324\" title=\"\" srcset=\"https:\/\/www.claret.org\/wp-content\/uploads\/2022\/04\/DSC02020.jpeg 1600w, https:\/\/www.claret.org\/wp-content\/uploads\/2022\/04\/DSC02020-1280x719.jpeg 1280w, https:\/\/www.claret.org\/wp-content\/uploads\/2022\/04\/DSC02020-980x551.jpeg 980w, https:\/\/www.claret.org\/wp-content\/uploads\/2022\/04\/DSC02020-480x270.jpeg 480w\" sizes=\"(min-width: 0px) and (max-width: 480px) 480px, (min-width: 481px) and (max-width: 980px) 980px, (min-width: 981px) and (max-width: 1280px) 1280px, (min-width: 1281px) 1600px, 100vw\" \/><\/figure><figcaption class=\"blocks-gallery-caption\">3E Jour Du Chapitre En Photos<\/figcaption><\/figure>\n\n<p><\/p>\n\n<p>Le quatri\u00e8me jour du VIII\u00e8me Chapitre Provincial des Missionnaires Clar\u00e9tains de la Province de Chennai, le P\u00e8re Jesu Doss S., CMF, est r\u00e9\u00e9lu comme Sup\u00e9rieur Provincial pour le prochain sexennat 2022 &#8211; 2028.<\/p>\n\n<p class=\"has-vivid-red-color has-text-color\"><em>(Note : Cette histoire est en cours de d\u00e9veloppement et sera mise \u00e0 jour au fur et \u00e0 mesure de l&rsquo;avancement du chapitre)<\/em>.<\/p>\n","protected":false},"excerpt":{"rendered":"<p>Dindigul, Inde. Le VIIIe Chapitre Provincial des Missionnaires Clar\u00e9tains de Chennai a commenc\u00e9 le lundi 18 avril 2022, aux Clar\u00e9tains-LIFE, Dindigul, dans l&rsquo;\u00e9tat du Tamil Nadu en Inde. Le Chapitre a officiellement commenc\u00e9 par la c\u00e9l\u00e9bration eucharistique pr\u00e9sid\u00e9e par Le P\u00e8re Henry Omonisaye, CMF, Vicaire G\u00e9n\u00e9ral de la Congr\u00e9gation, et Pr\u00e9sident du Chapitre. Une intronisation [&hellip;]<\/p>\n","protected":false},"author":2,"featured_media":119993,"comment_status":"closed","ping_status":"closed","sticky":false,"template":"","format":"standard","meta":{"_et_pb_use_builder":"off","_et_pb_old_content":"","_et_gb_content_width":"","footnotes":""},"categories":[228],"tags":[],"class_list":["post-120374","post","type-post","status-publish","format-standard","has-post-thumbnail","hentry","category-chennai-fr"],"jetpack_featured_media_url":"https:\/\/i0.wp.com\/www.claret.org\/wp-content\/uploads\/2022\/04\/CH-20220418-VIII-Provincial-Chapter-1.webp?fit=1924%2C1282&ssl=1","jetpack_sharing_enabled":true,"jetpack_shortlink":"https:\/\/wp.me\/pdaBmi-vjw","jetpack_likes_enabled":true,"_links":{"self":[{"href":"https:\/\/www.claret.org\/fr\/wp-json\/wp\/v2\/posts\/120374","targetHints":{"allow":["GET"]}}],"collection":[{"href":"https:\/\/www.claret.org\/fr\/wp-json\/wp\/v2\/posts"}],"about":[{"href":"https:\/\/www.claret.org\/fr\/wp-json\/wp\/v2\/types\/post"}],"author":[{"embeddable":true,"href":"https:\/\/www.claret.org\/fr\/wp-json\/wp\/v2\/users\/2"}],"replies":[{"embeddable":true,"href":"https:\/\/www.claret.org\/fr\/wp-json\/wp\/v2\/comments?post=120374"}],"version-history":[{"count":0,"href":"https:\/\/www.claret.org\/fr\/wp-json\/wp\/v2\/posts\/120374\/revisions"}],"wp:featuredmedia":[{"embeddable":true,"href":"https:\/\/www.claret.org\/fr\/wp-json\/wp\/v2\/media\/119993"}],"wp:attachment":[{"href":"https:\/\/www.claret.org\/fr\/wp-json\/wp\/v2\/media?parent=120374"}],"wp:term":[{"taxonomy":"category","embeddable":true,"href":"https:\/\/www.claret.org\/fr\/wp-json\/wp\/v2\/categories?post=120374"},{"taxonomy":"post_tag","embeddable":true,"href":"https:\/\/www.claret.org\/fr\/wp-json\/wp\/v2\/tags?post=120374"}],"curies":[{"name":"wp","href":"https:\/\/api.w.org\/{rel}","templated":true}]}}