{"id":121539,"date":"2022-05-11T10:03:35","date_gmt":"2022-05-11T08:03:35","guid":{"rendered":"https:\/\/www.claret.org\/deux-autres-pretres-audacieux-dans-la-province-de-st-thomas\/"},"modified":"2022-05-11T10:17:40","modified_gmt":"2022-05-11T08:17:40","slug":"deux-autres-pretres-audacieux-dans-la-province-de-st-thomas","status":"publish","type":"post","link":"https:\/\/www.claret.org\/fr\/deux-autres-pretres-audacieux-dans-la-province-de-st-thomas\/","title":{"rendered":"Deux autres pr\u00eatres audacieux dans la province de St. Thomas"},"content":{"rendered":"\n<p class=\"has-drop-cap\"><strong>Karimannoor, Inde.<\/strong>Le 10 mai 2022, Monseigneur Mar George Madathikandathil, \u00e9v\u00eaque du dioc\u00e8se de Kothamangalam, a ordonn\u00e9 \u00e0 l&rsquo;ordre des presbytres, les diacres clar\u00e9tains Abraham (Lijo) Veliyath, CMF, et Jose Muthuplackal, CMF, \u00e0 l&rsquo;\u00e9glise St. Mary&rsquo;s Forane, Karimannoor, Kerala. Tous deux sont de la province clar\u00e9taine de St. Thomas.<\/p>\n\n<p>Nous remercions Dieu pour sa b\u00e9n\u00e9diction sans fin de vocations missionnaires pour la Congr\u00e9gation.   <\/p>\n\n<p><\/p>\n\n<figure class=\"wp-block-gallery has-nested-images columns-default is-cropped wp-block-gallery-1 is-layout-flex wp-block-gallery-is-layout-flex\">\n<figure class=\"wp-block-image size-full\"><a href=\"https:\/\/i0.wp.com\/www.claret.org\/wp-content\/uploads\/2022\/05\/ST-20220510-Priestly-Ordinations-2.jpeg?ssl=1\"><img data-recalc-dims=\"1\" loading=\"lazy\" decoding=\"async\" width=\"960\" height=\"1280\" data-attachment-id=\"121511\" data-permalink=\"https:\/\/www.claret.org\/fr\/deux-autres-pretres-audacieux-dans-la-province-de-st-thomas\/st-20220510-priestly-ordinations-2-2\/\" data-orig-file=\"https:\/\/i0.wp.com\/www.claret.org\/wp-content\/uploads\/2022\/05\/ST-20220510-Priestly-Ordinations-2.jpeg?fit=960%2C1280&amp;ssl=1\" data-orig-size=\"960,1280\" data-comments-opened=\"0\" data-image-meta=\"{&quot;aperture&quot;:&quot;0&quot;,&quot;credit&quot;:&quot;&quot;,&quot;camera&quot;:&quot;&quot;,&quot;caption&quot;:&quot;&quot;,&quot;created_timestamp&quot;:&quot;0&quot;,&quot;copyright&quot;:&quot;&quot;,&quot;focal_length&quot;:&quot;0&quot;,&quot;iso&quot;:&quot;0&quot;,&quot;shutter_speed&quot;:&quot;0&quot;,&quot;title&quot;:&quot;&quot;,&quot;orientation&quot;:&quot;0&quot;}\" data-image-title=\"ST-20220510 Priestly Ordinations (2)\" data-image-description=\"\" data-image-caption=\"\" data-large-file=\"https:\/\/i0.wp.com\/www.claret.org\/wp-content\/uploads\/2022\/05\/ST-20220510-Priestly-Ordinations-2.jpeg?fit=768%2C1024&amp;ssl=1\" data-id=\"121511\" src=\"https:\/\/i0.wp.com\/www.claret.org\/wp-content\/uploads\/2022\/05\/ST-20220510-Priestly-Ordinations-2.jpeg?resize=960%2C1280&#038;ssl=1\" alt=\"\" class=\"wp-image-121511\" title=\"\" srcset=\"https:\/\/www.claret.org\/wp-content\/uploads\/2022\/05\/ST-20220510-Priestly-Ordinations-2.jpeg 960w, https:\/\/www.claret.org\/wp-content\/uploads\/2022\/05\/ST-20220510-Priestly-Ordinations-2-480x640.jpeg 480w\" sizes=\"(min-width: 0px) and (max-width: 480px) 480px, (min-width: 481px) 960px, 100vw\" \/><\/a><\/figure>\n\n\n<figure class=\"wp-block-image size-full\"><a href=\"https:\/\/i0.wp.com\/www.claret.org\/wp-content\/uploads\/2022\/05\/ST-20220510-Priestly-Ordinations-3.jpeg?ssl=1\"><img data-recalc-dims=\"1\" loading=\"lazy\" decoding=\"async\" width=\"960\" height=\"1280\" data-attachment-id=\"121517\" data-permalink=\"https:\/\/www.claret.org\/fr\/deux-autres-pretres-audacieux-dans-la-province-de-st-thomas\/st-20220510-priestly-ordinations-3-2\/\" data-orig-file=\"https:\/\/i0.wp.com\/www.claret.org\/wp-content\/uploads\/2022\/05\/ST-20220510-Priestly-Ordinations-3.jpeg?fit=960%2C1280&amp;ssl=1\" data-orig-size=\"960,1280\" data-comments-opened=\"0\" data-image-meta=\"{&quot;aperture&quot;:&quot;0&quot;,&quot;credit&quot;:&quot;&quot;,&quot;camera&quot;:&quot;&quot;,&quot;caption&quot;:&quot;&quot;,&quot;created_timestamp&quot;:&quot;0&quot;,&quot;copyright&quot;:&quot;&quot;,&quot;focal_length&quot;:&quot;0&quot;,&quot;iso&quot;:&quot;0&quot;,&quot;shutter_speed&quot;:&quot;0&quot;,&quot;title&quot;:&quot;&quot;,&quot;orientation&quot;:&quot;0&quot;}\" data-image-title=\"ST-20220510 Priestly Ordinations (3)\" data-image-description=\"\" data-image-caption=\"\" data-large-file=\"https:\/\/i0.wp.com\/www.claret.org\/wp-content\/uploads\/2022\/05\/ST-20220510-Priestly-Ordinations-3.jpeg?fit=768%2C1024&amp;ssl=1\" data-id=\"121517\" src=\"https:\/\/i0.wp.com\/www.claret.org\/wp-content\/uploads\/2022\/05\/ST-20220510-Priestly-Ordinations-3.jpeg?resize=960%2C1280&#038;ssl=1\" alt=\"\" class=\"wp-image-121517\" title=\"\" srcset=\"https:\/\/www.claret.org\/wp-content\/uploads\/2022\/05\/ST-20220510-Priestly-Ordinations-3.jpeg 960w, https:\/\/www.claret.org\/wp-content\/uploads\/2022\/05\/ST-20220510-Priestly-Ordinations-3-480x640.jpeg 480w\" sizes=\"(min-width: 0px) and (max-width: 480px) 480px, (min-width: 481px) 960px, 100vw\" \/><\/a><\/figure>\n\n\n<figure class=\"wp-block-image size-full\"><a href=\"https:\/\/i0.wp.com\/www.claret.org\/wp-content\/uploads\/2022\/05\/ST-20220510-Priestly-Ordinations-4.jpeg?ssl=1\"><img data-recalc-dims=\"1\" loading=\"lazy\" decoding=\"async\" width=\"960\" height=\"1280\" data-attachment-id=\"121523\" data-permalink=\"https:\/\/www.claret.org\/fr\/deux-autres-pretres-audacieux-dans-la-province-de-st-thomas\/st-20220510-priestly-ordinations-4-2\/\" data-orig-file=\"https:\/\/i0.wp.com\/www.claret.org\/wp-content\/uploads\/2022\/05\/ST-20220510-Priestly-Ordinations-4.jpeg?fit=960%2C1280&amp;ssl=1\" data-orig-size=\"960,1280\" data-comments-opened=\"0\" data-image-meta=\"{&quot;aperture&quot;:&quot;0&quot;,&quot;credit&quot;:&quot;&quot;,&quot;camera&quot;:&quot;&quot;,&quot;caption&quot;:&quot;&quot;,&quot;created_timestamp&quot;:&quot;0&quot;,&quot;copyright&quot;:&quot;&quot;,&quot;focal_length&quot;:&quot;0&quot;,&quot;iso&quot;:&quot;0&quot;,&quot;shutter_speed&quot;:&quot;0&quot;,&quot;title&quot;:&quot;&quot;,&quot;orientation&quot;:&quot;0&quot;}\" data-image-title=\"ST-20220510 Priestly Ordinations (4)\" data-image-description=\"\" data-image-caption=\"\" data-large-file=\"https:\/\/i0.wp.com\/www.claret.org\/wp-content\/uploads\/2022\/05\/ST-20220510-Priestly-Ordinations-4.jpeg?fit=768%2C1024&amp;ssl=1\" data-id=\"121523\" src=\"https:\/\/i0.wp.com\/www.claret.org\/wp-content\/uploads\/2022\/05\/ST-20220510-Priestly-Ordinations-4.jpeg?resize=960%2C1280&#038;ssl=1\" alt=\"\" class=\"wp-image-121523\" title=\"\" srcset=\"https:\/\/www.claret.org\/wp-content\/uploads\/2022\/05\/ST-20220510-Priestly-Ordinations-4.jpeg 960w, https:\/\/www.claret.org\/wp-content\/uploads\/2022\/05\/ST-20220510-Priestly-Ordinations-4-480x640.jpeg 480w\" sizes=\"(min-width: 0px) and (max-width: 480px) 480px, (min-width: 481px) 960px, 100vw\" \/><\/a><\/figure><\/figure>\n","protected":false},"excerpt":{"rendered":"<p>Karimannoor, Inde.Le 10 mai 2022, Monseigneur Mar George Madathikandathil, \u00e9v\u00eaque du dioc\u00e8se de Kothamangalam, a ordonn\u00e9 \u00e0 l&rsquo;ordre des presbytres, les diacres clar\u00e9tains Abraham (Lijo) Veliyath, CMF, et Jose Muthuplackal, CMF, \u00e0 l&rsquo;\u00e9glise St. Mary&rsquo;s Forane, Karimannoor, Kerala. Tous deux sont de la province clar\u00e9taine de St. Thomas. Nous remercions Dieu pour sa b\u00e9n\u00e9diction sans [&hellip;]<\/p>\n","protected":false},"author":2,"featured_media":121529,"comment_status":"closed","ping_status":"closed","sticky":false,"template":"","format":"standard","meta":{"_et_pb_use_builder":"","_et_pb_old_content":"","_et_gb_content_width":"","footnotes":""},"categories":[575,249],"tags":[],"class_list":["post-121539","post","type-post","status-publish","format-standard","has-post-thumbnail","hentry","category-ordinations-fr","category-st-thomas-fr"],"jetpack_featured_media_url":"https:\/\/i0.wp.com\/www.claret.org\/wp-content\/uploads\/2022\/05\/ST-20220510-Priestly-Ordinations-1.webp?fit=1280%2C960&ssl=1","jetpack_sharing_enabled":true,"jetpack_shortlink":"https:\/\/wp.me\/pdaBmi-vCj","jetpack_likes_enabled":true,"_links":{"self":[{"href":"https:\/\/www.claret.org\/fr\/wp-json\/wp\/v2\/posts\/121539","targetHints":{"allow":["GET"]}}],"collection":[{"href":"https:\/\/www.claret.org\/fr\/wp-json\/wp\/v2\/posts"}],"about":[{"href":"https:\/\/www.claret.org\/fr\/wp-json\/wp\/v2\/types\/post"}],"author":[{"embeddable":true,"href":"https:\/\/www.claret.org\/fr\/wp-json\/wp\/v2\/users\/2"}],"replies":[{"embeddable":true,"href":"https:\/\/www.claret.org\/fr\/wp-json\/wp\/v2\/comments?post=121539"}],"version-history":[{"count":0,"href":"https:\/\/www.claret.org\/fr\/wp-json\/wp\/v2\/posts\/121539\/revisions"}],"wp:featuredmedia":[{"embeddable":true,"href":"https:\/\/www.claret.org\/fr\/wp-json\/wp\/v2\/media\/121529"}],"wp:attachment":[{"href":"https:\/\/www.claret.org\/fr\/wp-json\/wp\/v2\/media?parent=121539"}],"wp:term":[{"taxonomy":"category","embeddable":true,"href":"https:\/\/www.claret.org\/fr\/wp-json\/wp\/v2\/categories?post=121539"},{"taxonomy":"post_tag","embeddable":true,"href":"https:\/\/www.claret.org\/fr\/wp-json\/wp\/v2\/tags?post=121539"}],"curies":[{"name":"wp","href":"https:\/\/api.w.org\/{rel}","templated":true}]}}