{"id":123013,"date":"2022-05-27T20:58:21","date_gmt":"2022-05-27T18:58:21","guid":{"rendered":"https:\/\/www.claret.org\/ferdinand-okorie-cmf-nouveau-vice-president-et-doyen-academique-de-la-catholic-theological-union\/"},"modified":"2022-05-27T21:29:03","modified_gmt":"2022-05-27T19:29:03","slug":"ferdinand-okorie-cmf-nouveau-vice-president-et-doyen-academique-de-la-catholic-theological-union","status":"publish","type":"post","link":"https:\/\/www.claret.org\/fr\/ferdinand-okorie-cmf-nouveau-vice-president-et-doyen-academique-de-la-catholic-theological-union\/","title":{"rendered":"Ferdinand Okorie, CMF, nouveau vice-pr\u00e9sident et doyen acad\u00e9mique de la Catholic Theological Union"},"content":{"rendered":"\n<p class=\"has-drop-cap\"><strong>Chicago, \u00c9tats-Unis.<\/strong> La Catholic Theological Union (CTU) de Chicago, Illinois, a nomm\u00e9 le p\u00e8re Ferdinand Okorie, CMF, comme nouveau vice-pr\u00e9sident et doyen acad\u00e9mique, \u00e0 compter du 1er juillet 2022. Il est membre de la facult\u00e9 biblique du CTU, sp\u00e9cialiste du Nouveau Testament, et dirige les programmes d&rsquo;\u00e9tudes bibliques et de voyages du CTU. En plus de son poste de professeur \u00e0 la CTU, il est r\u00e9dacteur en chef de US Catholic depuis juillet 2020. Il a obtenu son MDiv et son MA en th\u00e9ologie \u00e0 la CTU et son doctorat en Nouveau Testament et christianisme primitif \u00e0 l&rsquo;Universit\u00e9 Loyola de Chicago. Ses recherches portent sur le contexte gr\u00e9co-romain du christianisme primitif, la relation entre les lettres de Paul et les Pastorales, la formation de l&rsquo;identit\u00e9 chr\u00e9tienne et l&rsquo;intersection entre religion et culture.<\/p>\n\n<p>La pr\u00e9sidente du CTU, S\u0153ur Barbara Reid, OP, a d\u00e9clar\u00e9<\/p>\n\n<blockquote class=\"wp-block-quote is-layout-flow wp-block-quote-is-layout-flow\"><p>\u00ab\u00a0Je crois que Ferdinand est la personne parfaite pour le CTU \u00e0 ce moment crucial de la vie de l&rsquo;\u00c9glise et du r\u00f4le du CTU dans la formation de disciples missionnaires. Nous pensons que la voix de Ferdinand aidera le CTU \u00e0 devenir encore plus r\u00e9actif aux besoins de l&rsquo;\u00c9glise, notamment en attirant une nouvelle g\u00e9n\u00e9ration d&rsquo;\u00e9tudiants et de personnes issues de populations sous-repr\u00e9sent\u00e9es.\u00a0\u00bb<\/p><\/blockquote>\n\n<p>Okorie remplace Roger Schroeder, SVD, qui a occup\u00e9 le poste de doyen acad\u00e9mique par int\u00e9rim pendant pr\u00e8s de 18 mois et retournera \u00e0 la facult\u00e9 dans son r\u00f4le pr\u00e9c\u00e9dent de professeur de mission et de culture Louis J. Luzbetak, SVD.<\/p>\n\n<p>La <a href=\"https:\/\/ctu.edu\/\" target=\"_blank\" rel=\"noreferrer noopener nofollow\">Catholic Theological Union<\/a> est une \u00e9cole sup\u00e9rieure catholique de th\u00e9ologie et de pastorale situ\u00e9e dans le quartier de Hyde Park \u00e0 Chicago. Le CTU partage des partenariats avec l&rsquo;Universit\u00e9 DePaul, l&rsquo;Universit\u00e9 Dominicaine et l&rsquo;Universit\u00e9 de Chicago. Sa mission est de pr\u00e9parer des leaders efficaces pour l&rsquo;\u00c9glise, pr\u00eats \u00e0 t\u00e9moigner de la bonne nouvelle de justice, d&rsquo;amour et de paix du Christ. Plus de 4 500 anciens \u00e9tudiants de l&rsquo;UTC, religieux et la\u00efcs, ont exerc\u00e9 leur minist\u00e8re dans 60 pays du monde.<\/p>\n\n<p>Le CTU a \u00e9t\u00e9 fond\u00e9 en 1968, au lendemain du Concile Vatican II, pendant une p\u00e9riode de renouveau spectaculaire de l&rsquo;\u00c9glise catholique. Cinquante ans plus tard, le CTU est devenu une \u00e9cole th\u00e9ologique et pastorale de premier plan, parrain\u00e9e par vingt-quatre communaut\u00e9s religieuses d&rsquo;hommes, et jouit d&rsquo;une r\u00e9putation mondiale d&rsquo;excellence acad\u00e9mique et pastorale.<\/p>\n","protected":false},"excerpt":{"rendered":"<p>Chicago, \u00c9tats-Unis. La Catholic Theological Union (CTU) de Chicago, Illinois, a nomm\u00e9 le p\u00e8re Ferdinand Okorie, CMF, comme nouveau vice-pr\u00e9sident et doyen acad\u00e9mique, \u00e0 compter du 1er juillet 2022. Il est membre de la facult\u00e9 biblique du CTU, sp\u00e9cialiste du Nouveau Testament, et dirige les programmes d&rsquo;\u00e9tudes bibliques et de voyages du CTU. En plus [&hellip;]<\/p>\n","protected":false},"author":2,"featured_media":124187,"comment_status":"closed","ping_status":"closed","sticky":false,"template":"","format":"standard","meta":{"_et_pb_use_builder":"","_et_pb_old_content":"","_et_gb_content_width":"","footnotes":""},"categories":[426,599],"tags":[],"class_list":["post-123013","post","type-post","status-publish","format-standard","has-post-thumbnail","hentry","category-pastorale-educative","category-usa-canada-fr"],"jetpack_featured_media_url":"https:\/\/i0.wp.com\/www.claret.org\/wp-content\/uploads\/2022\/05\/Ferdinand-Okorie-1.webp?fit=1366%2C768&ssl=1","jetpack_sharing_enabled":true,"jetpack_shortlink":"https:\/\/wp.me\/pdaBmi-w05","jetpack_likes_enabled":true,"_links":{"self":[{"href":"https:\/\/www.claret.org\/fr\/wp-json\/wp\/v2\/posts\/123013","targetHints":{"allow":["GET"]}}],"collection":[{"href":"https:\/\/www.claret.org\/fr\/wp-json\/wp\/v2\/posts"}],"about":[{"href":"https:\/\/www.claret.org\/fr\/wp-json\/wp\/v2\/types\/post"}],"author":[{"embeddable":true,"href":"https:\/\/www.claret.org\/fr\/wp-json\/wp\/v2\/users\/2"}],"replies":[{"embeddable":true,"href":"https:\/\/www.claret.org\/fr\/wp-json\/wp\/v2\/comments?post=123013"}],"version-history":[{"count":0,"href":"https:\/\/www.claret.org\/fr\/wp-json\/wp\/v2\/posts\/123013\/revisions"}],"wp:featuredmedia":[{"embeddable":true,"href":"https:\/\/www.claret.org\/fr\/wp-json\/wp\/v2\/media\/124187"}],"wp:attachment":[{"href":"https:\/\/www.claret.org\/fr\/wp-json\/wp\/v2\/media?parent=123013"}],"wp:term":[{"taxonomy":"category","embeddable":true,"href":"https:\/\/www.claret.org\/fr\/wp-json\/wp\/v2\/categories?post=123013"},{"taxonomy":"post_tag","embeddable":true,"href":"https:\/\/www.claret.org\/fr\/wp-json\/wp\/v2\/tags?post=123013"}],"curies":[{"name":"wp","href":"https:\/\/api.w.org\/{rel}","templated":true}]}}