{"id":123612,"date":"2022-06-04T00:50:41","date_gmt":"2022-06-03T22:50:41","guid":{"rendered":"https:\/\/www.claret.org\/nouvelles-de-la-mission-a-madagascar\/"},"modified":"2022-06-04T11:09:18","modified_gmt":"2022-06-04T09:09:18","slug":"nouvelles-de-la-mission-a-madagascar","status":"publish","type":"post","link":"https:\/\/www.claret.org\/fr\/nouvelles-de-la-mission-a-madagascar\/","title":{"rendered":"Nouvelles de la mission \u00e0 Madagascar"},"content":{"rendered":"\n<p class=\"has-drop-cap\"><strong>Farafangana, Madagascar. <\/strong>Les Missionnaires Clar\u00e9tains et les S\u0153urs Clar\u00e9taines ont \u00e9t\u00e9 re\u00e7us \u00e0 l&rsquo;a\u00e9roport par l&rsquo;\u00e9v\u00eaque Gaetano del Pierro. Apr\u00e8s leur arriv\u00e9e le 18 mai, ils ont pass\u00e9 plusieurs jours dans la capitale, Antananarivo, pour remplir la premi\u00e8re partie de la documentation de la r\u00e9sidence.<\/p>\n\n<p>Apr\u00e8s deux jours de voyage dans deux voitures, ils sont arriv\u00e9s \u00e0 Farafangana, le si\u00e8ge du dioc\u00e8se. L&rsquo;\u00e9v\u00eaque les a accompagn\u00e9s avec affection et une touche paternelle. Ils sont rest\u00e9s au centre de formation des cat\u00e9chistes. L&rsquo;\u00e9v\u00eaque voulait qu&rsquo;au cours des premiers mois, ils puissent se trouver au centre du dioc\u00e8se pour le premier contact avec la r\u00e9alit\u00e9 et l&rsquo;\u00e9tude de la langue. La maison dispose d&rsquo;espaces individuels ind\u00e9pendants et d&rsquo;un lieu commun o\u00f9 tous les quatre prient, partagent les repas, \u00e9changent leurs premi\u00e8res impressions sur la r\u00e9alit\u00e9 qui les entoure et voient les \u00e9tapes \u00e0 suivre.<\/p>\n\n<p><\/p>\n\n<figure class=\"wp-block-gallery has-nested-images columns-default is-cropped wp-block-gallery-1 is-layout-flex wp-block-gallery-is-layout-flex\">\n<figure class=\"wp-block-image size-full\"><a href=\"https:\/\/i0.wp.com\/www.claret.org\/wp-content\/uploads\/2022\/06\/CF-20220603-First-days-in-madagscar-5.jpg?ssl=1\"><img data-recalc-dims=\"1\" loading=\"lazy\" decoding=\"async\" width=\"1080\" height=\"1440\" data-attachment-id=\"123564\" data-permalink=\"https:\/\/www.claret.org\/fr\/nouvelles-de-la-mission-a-madagascar\/cf-20220603-first-days-in-madagscar-5-2\/\" data-orig-file=\"https:\/\/i0.wp.com\/www.claret.org\/wp-content\/uploads\/2022\/06\/CF-20220603-First-days-in-madagscar-5.jpg?fit=1200%2C1600&amp;ssl=1\" data-orig-size=\"1200,1600\" data-comments-opened=\"0\" data-image-meta=\"{&quot;aperture&quot;:&quot;0&quot;,&quot;credit&quot;:&quot;&quot;,&quot;camera&quot;:&quot;&quot;,&quot;caption&quot;:&quot;&quot;,&quot;created_timestamp&quot;:&quot;0&quot;,&quot;copyright&quot;:&quot;&quot;,&quot;focal_length&quot;:&quot;0&quot;,&quot;iso&quot;:&quot;0&quot;,&quot;shutter_speed&quot;:&quot;0&quot;,&quot;title&quot;:&quot;&quot;,&quot;orientation&quot;:&quot;0&quot;}\" data-image-title=\"CF-20220603 First days in madagscar (5)\" data-image-description=\"\" data-image-caption=\"\" data-large-file=\"https:\/\/i0.wp.com\/www.claret.org\/wp-content\/uploads\/2022\/06\/CF-20220603-First-days-in-madagscar-5.jpg?fit=768%2C1024&amp;ssl=1\" data-id=\"123564\" src=\"https:\/\/i0.wp.com\/www.claret.org\/wp-content\/uploads\/2022\/06\/CF-20220603-First-days-in-madagscar-5.jpg?resize=1080%2C1440&#038;ssl=1\" alt=\"\" class=\"wp-image-123564\" title=\"\" srcset=\"https:\/\/www.claret.org\/wp-content\/uploads\/2022\/06\/CF-20220603-First-days-in-madagscar-5.jpg 1200w, https:\/\/www.claret.org\/wp-content\/uploads\/2022\/06\/CF-20220603-First-days-in-madagscar-5-980x1307.jpg 980w, https:\/\/www.claret.org\/wp-content\/uploads\/2022\/06\/CF-20220603-First-days-in-madagscar-5-480x640.jpg 480w\" sizes=\"(min-width: 0px) and (max-width: 480px) 480px, (min-width: 481px) and (max-width: 980px) 980px, (min-width: 981px) 1200px, 100vw\" \/><\/a><\/figure>\n\n\n<figure class=\"wp-block-image size-full\"><a href=\"https:\/\/i0.wp.com\/www.claret.org\/wp-content\/uploads\/2022\/06\/CF-20220603-First-days-in-madagscar-3.jpg?ssl=1\"><img data-recalc-dims=\"1\" loading=\"lazy\" decoding=\"async\" width=\"1080\" height=\"587\" data-attachment-id=\"123570\" data-permalink=\"https:\/\/www.claret.org\/fr\/nouvelles-de-la-mission-a-madagascar\/cf-20220603-first-days-in-madagscar-3-2\/\" data-orig-file=\"https:\/\/i0.wp.com\/www.claret.org\/wp-content\/uploads\/2022\/06\/CF-20220603-First-days-in-madagscar-3.jpg?fit=1600%2C870&amp;ssl=1\" data-orig-size=\"1600,870\" data-comments-opened=\"0\" data-image-meta=\"{&quot;aperture&quot;:&quot;0&quot;,&quot;credit&quot;:&quot;&quot;,&quot;camera&quot;:&quot;&quot;,&quot;caption&quot;:&quot;&quot;,&quot;created_timestamp&quot;:&quot;0&quot;,&quot;copyright&quot;:&quot;&quot;,&quot;focal_length&quot;:&quot;0&quot;,&quot;iso&quot;:&quot;0&quot;,&quot;shutter_speed&quot;:&quot;0&quot;,&quot;title&quot;:&quot;&quot;,&quot;orientation&quot;:&quot;0&quot;}\" data-image-title=\"CF-20220603 First days in madagscar (3)\" data-image-description=\"\" data-image-caption=\"\" data-large-file=\"https:\/\/i0.wp.com\/www.claret.org\/wp-content\/uploads\/2022\/06\/CF-20220603-First-days-in-madagscar-3.jpg?fit=1024%2C557&amp;ssl=1\" data-id=\"123570\" src=\"https:\/\/i0.wp.com\/www.claret.org\/wp-content\/uploads\/2022\/06\/CF-20220603-First-days-in-madagscar-3.jpg?resize=1080%2C587&#038;ssl=1\" alt=\"\" class=\"wp-image-123570\" title=\"\" srcset=\"https:\/\/www.claret.org\/wp-content\/uploads\/2022\/06\/CF-20220603-First-days-in-madagscar-3.jpg 1600w, https:\/\/www.claret.org\/wp-content\/uploads\/2022\/06\/CF-20220603-First-days-in-madagscar-3-1280x696.jpg 1280w, https:\/\/www.claret.org\/wp-content\/uploads\/2022\/06\/CF-20220603-First-days-in-madagscar-3-980x533.jpg 980w, https:\/\/www.claret.org\/wp-content\/uploads\/2022\/06\/CF-20220603-First-days-in-madagscar-3-480x261.jpg 480w\" sizes=\"(min-width: 0px) and (max-width: 480px) 480px, (min-width: 481px) and (max-width: 980px) 980px, (min-width: 981px) and (max-width: 1280px) 1280px, (min-width: 1281px) 1600px, 100vw\" \/><\/a><\/figure><\/figure>\n\n<p><\/p>\n\n<p>Pendant ces jours, ils ont d\u00e9j\u00e0 pu visiter deux fois la paroisse d&rsquo;Ankarana, le centre de la future mission. Ils ont dit que les gens \u00e9taient tr\u00e8s sympathiques et accueillants. Ils ont dit que la premi\u00e8re t\u00e2che sera d&rsquo;entrer en contact avec les gens, bien qu&rsquo;il y ait encore une barri\u00e8re linguistique. Ils commenceront les cours de Malagashi le 6 juin.<\/p>\n\n<p>Pendant ce temps, ils rencontreront d&rsquo;autres religieux et religieuses qui sont dans la mission depuis des ann\u00e9es. Ils disent que le paysage est magnifique et, surtout, ils appr\u00e9cient la cordialit\u00e9 des personnes qui les accueillent. Ils sont tous surpris par les prix \u00e9lev\u00e9s et le co\u00fbt de la vie.<\/p>\n\n<p><\/p>\n\n<figure class=\"wp-block-image size-full\"><img data-recalc-dims=\"1\" loading=\"lazy\" decoding=\"async\" width=\"1080\" height=\"378\" data-attachment-id=\"123558\" data-permalink=\"https:\/\/www.claret.org\/fr\/nouvelles-de-la-mission-a-madagascar\/cf-20220603-first-days-in-madagscar-1-2\/\" data-orig-file=\"https:\/\/i0.wp.com\/www.claret.org\/wp-content\/uploads\/2022\/06\/CF-20220603-First-days-in-madagscar-1.jpg?fit=1280%2C448&amp;ssl=1\" data-orig-size=\"1280,448\" data-comments-opened=\"0\" data-image-meta=\"{&quot;aperture&quot;:&quot;0&quot;,&quot;credit&quot;:&quot;&quot;,&quot;camera&quot;:&quot;&quot;,&quot;caption&quot;:&quot;&quot;,&quot;created_timestamp&quot;:&quot;0&quot;,&quot;copyright&quot;:&quot;&quot;,&quot;focal_length&quot;:&quot;0&quot;,&quot;iso&quot;:&quot;0&quot;,&quot;shutter_speed&quot;:&quot;0&quot;,&quot;title&quot;:&quot;&quot;,&quot;orientation&quot;:&quot;0&quot;}\" data-image-title=\"CF-20220603 First days in madagscar (1)\" data-image-description=\"\" data-image-caption=\"\" data-large-file=\"https:\/\/i0.wp.com\/www.claret.org\/wp-content\/uploads\/2022\/06\/CF-20220603-First-days-in-madagscar-1.jpg?fit=1024%2C358&amp;ssl=1\" src=\"https:\/\/i0.wp.com\/www.claret.org\/wp-content\/uploads\/2022\/06\/CF-20220603-First-days-in-madagscar-1.jpg?resize=1080%2C378&#038;ssl=1\" alt=\"\" class=\"wp-image-123558\" title=\"\" srcset=\"https:\/\/www.claret.org\/wp-content\/uploads\/2022\/06\/CF-20220603-First-days-in-madagscar-1.jpg 1280w, https:\/\/www.claret.org\/wp-content\/uploads\/2022\/06\/CF-20220603-First-days-in-madagscar-1-980x343.jpg 980w, https:\/\/www.claret.org\/wp-content\/uploads\/2022\/06\/CF-20220603-First-days-in-madagscar-1-480x168.jpg 480w\" sizes=\"(min-width: 0px) and (max-width: 480px) 480px, (min-width: 481px) and (max-width: 980px) 980px, (min-width: 981px) 1280px, 100vw\" \/><\/figure>","protected":false},"excerpt":{"rendered":"<p>Farafangana, Madagascar. Les Missionnaires Clar\u00e9tains et les S\u0153urs Clar\u00e9taines ont \u00e9t\u00e9 re\u00e7us \u00e0 l&rsquo;a\u00e9roport par l&rsquo;\u00e9v\u00eaque Gaetano del Pierro. Apr\u00e8s leur arriv\u00e9e le 18 mai, ils ont pass\u00e9 plusieurs jours dans la capitale, Antananarivo, pour remplir la premi\u00e8re partie de la documentation de la r\u00e9sidence. Apr\u00e8s deux jours de voyage dans deux voitures, ils sont [&hellip;]<\/p>\n","protected":false},"author":2,"featured_media":123552,"comment_status":"closed","ping_status":"closed","sticky":false,"template":"","format":"standard","meta":{"_et_pb_use_builder":"","_et_pb_old_content":"","_et_gb_content_width":"","footnotes":""},"categories":[532],"tags":[],"class_list":["post-123612","post","type-post","status-publish","format-standard","has-post-thumbnail","hentry","category-famille-claretaine"],"jetpack_featured_media_url":"https:\/\/i0.wp.com\/www.claret.org\/wp-content\/uploads\/2022\/06\/CF-20220603-First-days-in-madagscar-4.webp?fit=1600%2C1200&ssl=1","jetpack_sharing_enabled":true,"jetpack_shortlink":"https:\/\/wp.me\/pdaBmi-w9K","jetpack_likes_enabled":true,"_links":{"self":[{"href":"https:\/\/www.claret.org\/fr\/wp-json\/wp\/v2\/posts\/123612","targetHints":{"allow":["GET"]}}],"collection":[{"href":"https:\/\/www.claret.org\/fr\/wp-json\/wp\/v2\/posts"}],"about":[{"href":"https:\/\/www.claret.org\/fr\/wp-json\/wp\/v2\/types\/post"}],"author":[{"embeddable":true,"href":"https:\/\/www.claret.org\/fr\/wp-json\/wp\/v2\/users\/2"}],"replies":[{"embeddable":true,"href":"https:\/\/www.claret.org\/fr\/wp-json\/wp\/v2\/comments?post=123612"}],"version-history":[{"count":0,"href":"https:\/\/www.claret.org\/fr\/wp-json\/wp\/v2\/posts\/123612\/revisions"}],"wp:featuredmedia":[{"embeddable":true,"href":"https:\/\/www.claret.org\/fr\/wp-json\/wp\/v2\/media\/123552"}],"wp:attachment":[{"href":"https:\/\/www.claret.org\/fr\/wp-json\/wp\/v2\/media?parent=123612"}],"wp:term":[{"taxonomy":"category","embeddable":true,"href":"https:\/\/www.claret.org\/fr\/wp-json\/wp\/v2\/categories?post=123612"},{"taxonomy":"post_tag","embeddable":true,"href":"https:\/\/www.claret.org\/fr\/wp-json\/wp\/v2\/tags?post=123612"}],"curies":[{"name":"wp","href":"https:\/\/api.w.org\/{rel}","templated":true}]}}