{"id":129889,"date":"2022-07-14T23:57:08","date_gmt":"2022-07-14T21:57:08","guid":{"rendered":"https:\/\/www.claret.org\/message-a-loccasion-de-la-journee-de-la-fondation-16-juillet-2022\/"},"modified":"2022-07-15T01:19:40","modified_gmt":"2022-07-14T23:19:40","slug":"message-a-loccasion-de-la-journee-de-la-fondation-16-juillet-2022","status":"publish","type":"post","link":"https:\/\/www.claret.org\/fr\/message-a-loccasion-de-la-journee-de-la-fondation-16-juillet-2022\/","title":{"rendered":"MESSAGE \u00c0 L\u2019OCCASION DE LA JOURN\u00c9E DE LA FONDATION 16 JUILLET 2022"},"content":{"rendered":"\n<p>T\u00e9l\u00e9charge et lis le message complet du P\u00e8re Mathew Vattamattam, CMF, Sup\u00e9rieur G\u00e9n\u00e9ral, sur la c\u00e9l\u00e9bration du Jour de la Fondation de notre bien-aim\u00e9e Congr\u00e9gation :<\/p>\n\n<figure class=\"wp-block-embed is-type-wp-embed is-provider-claretian-missionaries wp-block-embed-claretian-missionaries\"><div class=\"wp-block-embed__wrapper\">\r\n<blockquote class=\"wp-embedded-content\" data-secret=\"jy2eaebCJr\"><a href=\"https:\/\/www.claret.org\/fr\/superieurs-generaux\/\">Sup\u00e9rieurs G\u00e9n\u00e9raux<\/a><\/blockquote><iframe loading=\"lazy\" class=\"wp-embedded-content\" sandbox=\"allow-scripts\" security=\"restricted\" style=\"position: absolute; clip: rect(1px, 1px, 1px, 1px);\" title=\"\u00ab\u00a0Sup\u00e9rieurs G\u00e9n\u00e9raux\u00a0\u00bb &#8212; Missionnaires Clar\u00e9tains\" src=\"https:\/\/www.claret.org\/fr\/superieurs-generaux\/embed\/#?secret=5I7ViaslAB#?secret=jy2eaebCJr\" data-secret=\"jy2eaebCJr\" width=\"600\" height=\"338\" frameborder=\"0\" marginwidth=\"0\" marginheight=\"0\" scrolling=\"no\"><\/iframe>\r\n<\/div><\/figure>\n\n<p><\/p>\n","protected":false},"excerpt":{"rendered":"<p>T\u00e9l\u00e9charge et lis le message complet du P\u00e8re Mathew Vattamattam, CMF, Sup\u00e9rieur G\u00e9n\u00e9ral, sur la c\u00e9l\u00e9bration du Jour de la Fondation de notre bien-aim\u00e9e Congr\u00e9gation :<\/p>\n","protected":false},"author":2,"featured_media":129820,"comment_status":"closed","ping_status":"closed","sticky":false,"template":"","format":"standard","meta":{"_et_pb_use_builder":"","_et_pb_old_content":"","_et_gb_content_width":"","footnotes":""},"categories":[1204],"tags":[],"class_list":["post-129889","post","type-post","status-publish","format-standard","has-post-thumbnail","hentry","category-mathew-vattamattam-fr"],"jetpack_featured_media_url":"https:\/\/i0.wp.com\/www.claret.org\/wp-content\/uploads\/2022\/07\/jour-de-fund.webp?fit=1366%2C768&ssl=1","jetpack_sharing_enabled":true,"jetpack_shortlink":"https:\/\/wp.me\/pdaBmi-xMZ","jetpack_likes_enabled":true,"_links":{"self":[{"href":"https:\/\/www.claret.org\/fr\/wp-json\/wp\/v2\/posts\/129889","targetHints":{"allow":["GET"]}}],"collection":[{"href":"https:\/\/www.claret.org\/fr\/wp-json\/wp\/v2\/posts"}],"about":[{"href":"https:\/\/www.claret.org\/fr\/wp-json\/wp\/v2\/types\/post"}],"author":[{"embeddable":true,"href":"https:\/\/www.claret.org\/fr\/wp-json\/wp\/v2\/users\/2"}],"replies":[{"embeddable":true,"href":"https:\/\/www.claret.org\/fr\/wp-json\/wp\/v2\/comments?post=129889"}],"version-history":[{"count":0,"href":"https:\/\/www.claret.org\/fr\/wp-json\/wp\/v2\/posts\/129889\/revisions"}],"wp:featuredmedia":[{"embeddable":true,"href":"https:\/\/www.claret.org\/fr\/wp-json\/wp\/v2\/media\/129820"}],"wp:attachment":[{"href":"https:\/\/www.claret.org\/fr\/wp-json\/wp\/v2\/media?parent=129889"}],"wp:term":[{"taxonomy":"category","embeddable":true,"href":"https:\/\/www.claret.org\/fr\/wp-json\/wp\/v2\/categories?post=129889"},{"taxonomy":"post_tag","embeddable":true,"href":"https:\/\/www.claret.org\/fr\/wp-json\/wp\/v2\/tags?post=129889"}],"curies":[{"name":"wp","href":"https:\/\/api.w.org\/{rel}","templated":true}]}}