{"id":132396,"date":"2022-07-16T18:27:28","date_gmt":"2022-07-16T16:27:28","guid":{"rendered":"https:\/\/www.claret.org\/nouveau-gouvernement-de-st-joseph-vaz-2022-2025\/"},"modified":"2022-08-03T19:59:29","modified_gmt":"2022-08-03T17:59:29","slug":"nouveau-gouvernement-de-st-joseph-vaz-2022-2025","status":"publish","type":"post","link":"https:\/\/www.claret.org\/fr\/nouveau-gouvernement-de-st-joseph-vaz-2022-2025\/","title":{"rendered":"Nouveau Gouvernement de St. Joseph Vaz 2022 &#8211; 2025"},"content":{"rendered":"\n<p class=\"has-drop-cap\"><strong>Negombo, Sri Lanka.<\/strong> Le 16 juillet 2022, 173e anniversaire de la fondation de la Congr\u00e9gation Clar\u00e9taine, le P\u00e8re Mathew Vattamattam, CMF, Sup\u00e9rieur G\u00e9n\u00e9ral et pr\u00e9sident de l&rsquo;Assembl\u00e9e de D\u00e9l\u00e9gation de St Joseph Vaz au Sri Lanka, a annonc\u00e9 la nouvelle \u00e9quipe qui dirigera la D\u00e9l\u00e9gation au cours des trois prochaines ann\u00e9es.<\/p>\n\n<p class=\"has-text-align-center\"><strong>Gouvernement de la D\u00e9l\u00e9gation de St. Joseph Vaz 2022 &#8211; 2025<\/strong><\/p>\n\n<p class=\"has-text-align-center\">Sup\u00e9rieur Majeur &#8211; <strong>P. J.M.J. Jeyaseelan, CMF<\/strong><\/p>\n\n<p class=\"has-text-align-center\">Consultor &#8211; Econome : <strong>P. S.M.S. Satheesh, CMF<\/strong><\/p>\n\n<p class=\"has-text-align-center\">Consultor: <strong>P. S. Maria Arul, CMF<\/strong><\/p>\n\n<p class=\"has-text-align-center\">Consultor: <strong>P. A. Everest Dias, CMF<\/strong><\/p>\n","protected":false},"excerpt":{"rendered":"<p>Negombo, Sri Lanka. Le 16 juillet 2022, 173e anniversaire de la fondation de la Congr\u00e9gation Clar\u00e9taine, le P\u00e8re Mathew Vattamattam, CMF, Sup\u00e9rieur G\u00e9n\u00e9ral et pr\u00e9sident de l&rsquo;Assembl\u00e9e de D\u00e9l\u00e9gation de St Joseph Vaz au Sri Lanka, a annonc\u00e9 la nouvelle \u00e9quipe qui dirigera la D\u00e9l\u00e9gation au cours des trois prochaines ann\u00e9es. Gouvernement de la D\u00e9l\u00e9gation [&hellip;]<\/p>\n","protected":false},"author":2,"featured_media":130810,"comment_status":"closed","ping_status":"closed","sticky":false,"template":"","format":"standard","meta":{"_et_pb_use_builder":"","_et_pb_old_content":"","_et_gb_content_width":"","footnotes":""},"categories":[242],"tags":[],"class_list":["post-132396","post","type-post","status-publish","format-standard","has-post-thumbnail","hentry","category-st-joseph-vaz-fr"],"jetpack_featured_media_url":"https:\/\/i0.wp.com\/www.claret.org\/wp-content\/uploads\/2022\/07\/SV-20220716-Delegation-Government-2022-2025.webp?fit=960%2C640&ssl=1","jetpack_sharing_enabled":true,"jetpack_shortlink":"https:\/\/wp.me\/pdaBmi-yrq","jetpack_likes_enabled":true,"_links":{"self":[{"href":"https:\/\/www.claret.org\/fr\/wp-json\/wp\/v2\/posts\/132396","targetHints":{"allow":["GET"]}}],"collection":[{"href":"https:\/\/www.claret.org\/fr\/wp-json\/wp\/v2\/posts"}],"about":[{"href":"https:\/\/www.claret.org\/fr\/wp-json\/wp\/v2\/types\/post"}],"author":[{"embeddable":true,"href":"https:\/\/www.claret.org\/fr\/wp-json\/wp\/v2\/users\/2"}],"replies":[{"embeddable":true,"href":"https:\/\/www.claret.org\/fr\/wp-json\/wp\/v2\/comments?post=132396"}],"version-history":[{"count":0,"href":"https:\/\/www.claret.org\/fr\/wp-json\/wp\/v2\/posts\/132396\/revisions"}],"wp:featuredmedia":[{"embeddable":true,"href":"https:\/\/www.claret.org\/fr\/wp-json\/wp\/v2\/media\/130810"}],"wp:attachment":[{"href":"https:\/\/www.claret.org\/fr\/wp-json\/wp\/v2\/media?parent=132396"}],"wp:term":[{"taxonomy":"category","embeddable":true,"href":"https:\/\/www.claret.org\/fr\/wp-json\/wp\/v2\/categories?post=132396"},{"taxonomy":"post_tag","embeddable":true,"href":"https:\/\/www.claret.org\/fr\/wp-json\/wp\/v2\/tags?post=132396"}],"curies":[{"name":"wp","href":"https:\/\/api.w.org\/{rel}","templated":true}]}}