{"id":13370,"date":"2018-02-27T18:56:37","date_gmt":"2018-02-27T16:56:37","guid":{"rendered":"https:\/\/www.claret.org\/rencontre-annuelle-de-la-conference-dacla\/"},"modified":"2018-02-27T18:56:37","modified_gmt":"2018-02-27T17:56:37","slug":"rencontre-annuelle-de-la-conference-dacla","status":"publish","type":"post","link":"https:\/\/www.claret.org\/fr\/rencontre-annuelle-de-la-conference-dacla\/","title":{"rendered":"Rencontre annuelle de la Conf\u00e9rence d\u2019ACLA"},"content":{"rendered":"<p><strong>Kinshasa, R\u00e9publique D\u00e9mocratique du Congo.  <\/strong>La rencontre annuelle des Missionnaires Clar\u00e9tains d\u2019Afrique (ACLA) a commenc\u00e9 le mardi 27 f\u00e9vrier \u00e0 Kinshasa. La r\u00e9union ser l\u2019accompagnement et la suite de la rencontre du Gouvernement G\u00e9n\u00e9ral et les Gouvernements des Organismes Majeurs et Missions du dit continent qui eut lieu \u00e0 Nairobi (Kenya)  du 19 au 28novembre, 2017. La Famille Clar\u00e9taine, les religieux et  les la\u00efcs ont \u00e9t\u00e9 pr\u00e9sents lors de la bienvenue aux repr\u00e9sentants du Cameroun, Congo, East Nigeria, Gabon, Guin\u00e9e \u00c9quatoriale, St. Charles Lwanga, West Nigeria, Zimbabwe.<\/p>\n<p>L\u2019\u00c9v\u00eaque Auxiliaire de Kinshasa, Mgr. \u00c9douard Kisonga, a anim\u00e9 aux participants, au cours de la Messe d\u2019ouverture \u00e0 adopter le style de leadership de service \u00e0 l\u2019exemple de J\u00e9sus-Christ.<\/p>\n<p>Le Secr\u00e9taire de la Conf\u00e9rence, P. Jude Thaddeus Langeh, a fait part de la lettre du P. G\u00e9n\u00e9ral,  des r\u00e9solutions de la derni\u00e8re r\u00e9union avec le Gouvernement G\u00e9n\u00e9ral \u00e0 Nairobi, de la lettre du Pr\u00e9fet G\u00e9n\u00e9ral de Formation ainsi que  des messages de communion fraternelle re\u00e7us de diff\u00e9rents endroits de notre Congr\u00e9gation.<\/p>\n<p>Les participants \u00e0 ce forum-rencontre sollicitent \u00e0 notre Congr\u00e9gation  de les inclure dans nos pri\u00e8res.<\/p>\n<p>&nbsp;<\/p>\n<div class=\"et_pb_slider et_pb_slider_fullwidth_off et_pb_gallery_post_type\">\n\t\t\t\t<div class=\"et_pb_slides\">\n\t\t\t\t\t<div class=\"et_pb_slide\" style=\"background: url(https:\/\/www.claret.org\/wp-content\/uploads\/2018\/02\/20180227_165247.jpg);\"><\/div><div class=\"et_pb_slide\" style=\"background: url(https:\/\/www.claret.org\/wp-content\/uploads\/2018\/02\/20180227_165353.jpg);\"><\/div><div class=\"et_pb_slide\" style=\"background: url(https:\/\/www.claret.org\/wp-content\/uploads\/2018\/02\/20180227_192931.jpg);\"><\/div><div class=\"et_pb_slide\" style=\"background: url(https:\/\/www.claret.org\/wp-content\/uploads\/2018\/02\/IMG-20180227-WA0204.jpg);\"><\/div><div class=\"et_pb_slide\" style=\"background: url(https:\/\/www.claret.org\/wp-content\/uploads\/2018\/02\/WhatsApp-Image-2018-03-01-at-19.46.36.jpeg);\"><\/div><div class=\"et_pb_slide\" style=\"background: url(https:\/\/www.claret.org\/wp-content\/uploads\/2018\/02\/WhatsApp-Image-2018-03-01-at-19.47.01.jpeg);\"><\/div><div class=\"et_pb_slide\" style=\"background: url(https:\/\/www.claret.org\/wp-content\/uploads\/2018\/02\/WhatsApp-Image-2018-03-01-at-19.47.06.jpeg);\"><\/div><div class=\"et_pb_slide\" style=\"background: url(https:\/\/www.claret.org\/wp-content\/uploads\/2018\/02\/WhatsApp-Image-2018-03-01-at-19.47.10.jpeg);\"><\/div><div class=\"et_pb_slide\" style=\"background: url(https:\/\/www.claret.org\/wp-content\/uploads\/2018\/02\/WhatsApp-Image-2018-03-01-at-19.47.16.jpeg);\"><\/div><div class=\"et_pb_slide\" style=\"background: url(https:\/\/www.claret.org\/wp-content\/uploads\/2018\/02\/WhatsApp-Image-2018-03-01-at-19.47.24.jpeg);\"><\/div><div class=\"et_pb_slide\" style=\"background: url(https:\/\/www.claret.org\/wp-content\/uploads\/2018\/02\/WhatsApp-Image-2018-03-01-at-19.47.51.jpeg);\"><\/div><div class=\"et_pb_slide\" style=\"background: url(https:\/\/www.claret.org\/wp-content\/uploads\/2018\/02\/WhatsApp-Image-2018-03-01-at-19.47.56.jpeg);\"><\/div><div class=\"et_pb_slide\" style=\"background: url(https:\/\/www.claret.org\/wp-content\/uploads\/2018\/02\/WhatsApp-Image-2018-03-01-at-19.48.14.jpeg);\"><\/div><div class=\"et_pb_slide\" style=\"background: url(https:\/\/www.claret.org\/wp-content\/uploads\/2018\/02\/WhatsApp-Image-2018-03-01-at-19.48.16.jpeg);\"><\/div>\n\t\t\t\t<\/div>\n\t\t\t<\/div>\n","protected":false},"excerpt":{"rendered":"<p>Kinshasa, R\u00e9publique D\u00e9mocratique du Congo. La rencontre annuelle des Missionnaires Clar\u00e9tains d\u2019Afrique (ACLA) a commenc\u00e9 le mardi 27 f\u00e9vrier \u00e0 Kinshasa. La r\u00e9union ser l\u2019accompagnement et la suite de la rencontre du Gouvernement G\u00e9n\u00e9ral et les Gouvernements des Organismes Majeurs et Missions du dit continent qui eut lieu \u00e0 Nairobi (Kenya) du 19 au 28novembre, [&hellip;]<\/p>\n","protected":false},"author":1,"featured_media":5783,"comment_status":"closed","ping_status":"closed","sticky":false,"template":"","format":"standard","meta":{"_et_pb_use_builder":"","_et_pb_old_content":"","_et_gb_content_width":"","footnotes":""},"categories":[981,147,136,140,153,128,161,145,187,168,182,162],"tags":[],"class_list":["post-13370","post","type-post","status-publish","format-standard","has-post-thumbnail","hentry","category-acla-fr","category-burkina-faso-fr","category-cameroun-fr","category-congo-fr","category-ivory-coast-fr","category-mae-da-africa-fr","category-mozambique-fr","category-east-nigeria-fr","category-west-nigeria-fr","category-padre-xifre-fr","category-st-charles-lwanga-fr","category-zimbabwe-fr"],"jetpack_featured_media_url":"https:\/\/i0.wp.com\/www.claret.org\/wp-content\/uploads\/2018\/02\/20180227_165353.jpg?fit=4032%2C3024&ssl=1","jetpack_sharing_enabled":true,"jetpack_shortlink":"https:\/\/wp.me\/pdaBmi-3tE","jetpack_likes_enabled":true,"_links":{"self":[{"href":"https:\/\/www.claret.org\/fr\/wp-json\/wp\/v2\/posts\/13370","targetHints":{"allow":["GET"]}}],"collection":[{"href":"https:\/\/www.claret.org\/fr\/wp-json\/wp\/v2\/posts"}],"about":[{"href":"https:\/\/www.claret.org\/fr\/wp-json\/wp\/v2\/types\/post"}],"author":[{"embeddable":true,"href":"https:\/\/www.claret.org\/fr\/wp-json\/wp\/v2\/users\/1"}],"replies":[{"embeddable":true,"href":"https:\/\/www.claret.org\/fr\/wp-json\/wp\/v2\/comments?post=13370"}],"version-history":[{"count":0,"href":"https:\/\/www.claret.org\/fr\/wp-json\/wp\/v2\/posts\/13370\/revisions"}],"wp:featuredmedia":[{"embeddable":true,"href":"https:\/\/www.claret.org\/fr\/wp-json\/wp\/v2\/media\/5783"}],"wp:attachment":[{"href":"https:\/\/www.claret.org\/fr\/wp-json\/wp\/v2\/media?parent=13370"}],"wp:term":[{"taxonomy":"category","embeddable":true,"href":"https:\/\/www.claret.org\/fr\/wp-json\/wp\/v2\/categories?post=13370"},{"taxonomy":"post_tag","embeddable":true,"href":"https:\/\/www.claret.org\/fr\/wp-json\/wp\/v2\/tags?post=13370"}],"curies":[{"name":"wp","href":"https:\/\/api.w.org\/{rel}","templated":true}]}}