{"id":134562,"date":"2022-09-06T20:57:37","date_gmt":"2022-09-06T18:57:37","guid":{"rendered":"https:\/\/www.claret.org\/hakuna-matata-pas-de-soucis\/"},"modified":"2022-09-08T22:55:56","modified_gmt":"2022-09-08T20:55:56","slug":"hakuna-matata-pas-de-soucis","status":"publish","type":"post","link":"https:\/\/www.claret.org\/fr\/hakuna-matata-pas-de-soucis\/","title":{"rendered":"Hakuna Matata &#8211; Pas de soucis"},"content":{"rendered":"\n<p class=\"has-drop-cap\">Le deuxi\u00e8me jour de la r\u00e9union pourrait \u00eatre r\u00e9sum\u00e9e par l&rsquo;expression en swahilie \u00ab <strong><em>Hakuna Matat<\/em>a<\/strong> \u00bb rendue si c\u00e9l\u00e8bre par le film \u00ab Le Roi Lion \u00bb en 1994. Le fil conducteur de cette journ\u00e9e \u00e9tait la retraite pr\u00e9sid\u00e9e par Carlos S\u00e1nchez, Pr\u00e9fet g\u00e9n\u00e9ral de la spiritualit\u00e9, avec en son centre le texte de l&rsquo;\u00e9vangile de Jean 15, 1-17. <\/p>\n\n<p>Apr\u00e8s l\u2019adoration eucharistique et la pri\u00e8re du matin anim\u00e9e par les membres de l\u2019ACLA, la premi\u00e8re session du matin s&rsquo;est concentr\u00e9e sur la premi\u00e8re partie du texte (Jn. 15, 1-8) ayant pour cl\u00e9 de lecture<strong> permanence-enracinement,<\/strong> tandis que l&rsquo;apr\u00e8s-midi a port\u00e9 sur la deuxi\u00e8me partie du texte (Jn. 15, 9-17) avec pour cl\u00e9 <strong>f\u00e9condit\u00e9-audace. <\/strong><\/p>\n\n<p>Le matin, Carlos nous a accompagn\u00e9s dans le discernement des diff\u00e9rents modes de <strong>permanence-enracinement<\/strong>, quitter du \u00ab rester sans \u00eatre \u00bb \u00e0 la permanence dans la fid\u00e9lit\u00e9 cr\u00e9ative ; la fid\u00e9lit\u00e9 au charisme et \u00e0 sa propre vocation est impossible s&rsquo;il n&rsquo;y a pas de place pour le renouvellement. Apr\u00e8s la pr\u00e9sentation, nous avons \u00e9t\u00e9 invit\u00e9s \u00e0 m\u00e9diter sur ce que signifie \u00ab rester \u00bb en ce moment de notre vie ? Comment Dieu nous \u00e9monde-t-il ? Quel seraient les engagements pour que nous puissions devenir plus enracin\u00e9s ? <\/p>\n\n<p><\/p>\n\n<figure class=\"wp-block-gallery has-nested-images columns-default is-cropped wp-block-gallery-1 is-layout-flex wp-block-gallery-is-layout-flex\">\n<figure class=\"wp-block-image size-full\"><img data-recalc-dims=\"1\" loading=\"lazy\" decoding=\"async\" width=\"1080\" height=\"720\" data-attachment-id=\"134222\" data-permalink=\"https:\/\/www.claret.org\/fr\/hakuna-matata-pas-de-soucis\/img_3174-2\/\" data-orig-file=\"https:\/\/i0.wp.com\/www.claret.org\/wp-content\/uploads\/2022\/09\/IMG_3174-scaled.jpg?fit=2880%2C1920&amp;ssl=1\" data-orig-size=\"2880,1920\" data-comments-opened=\"0\" data-image-meta=\"{&quot;aperture&quot;:&quot;2&quot;,&quot;credit&quot;:&quot;MidhunCMF&quot;,&quot;camera&quot;:&quot;Canon EOS 1300D&quot;,&quot;caption&quot;:&quot;&quot;,&quot;created_timestamp&quot;:&quot;946684834&quot;,&quot;copyright&quot;:&quot;Photography&quot;,&quot;focal_length&quot;:&quot;50&quot;,&quot;iso&quot;:&quot;1600&quot;,&quot;shutter_speed&quot;:&quot;0.016666666666667&quot;,&quot;title&quot;:&quot;&quot;,&quot;orientation&quot;:&quot;1&quot;}\" data-image-title=\"IMG_3174\" data-image-description=\"\" data-image-caption=\"\" data-large-file=\"https:\/\/i0.wp.com\/www.claret.org\/wp-content\/uploads\/2022\/09\/IMG_3174-scaled.jpg?fit=1024%2C683&amp;ssl=1\" data-id=\"134222\" src=\"https:\/\/i0.wp.com\/www.claret.org\/wp-content\/uploads\/2022\/09\/IMG_3174-scaled.jpg?resize=1080%2C720&#038;ssl=1\" alt=\"\" class=\"wp-image-134222\" title=\"\" srcset=\"https:\/\/www.claret.org\/wp-content\/uploads\/2022\/09\/IMG_3174-scaled.jpg 2880w, https:\/\/www.claret.org\/wp-content\/uploads\/2022\/09\/IMG_3174-1280x853.jpg 1280w, https:\/\/www.claret.org\/wp-content\/uploads\/2022\/09\/IMG_3174-980x653.jpg 980w, https:\/\/www.claret.org\/wp-content\/uploads\/2022\/09\/IMG_3174-480x320.jpg 480w\" sizes=\"(min-width: 0px) and (max-width: 480px) 480px, (min-width: 481px) and (max-width: 980px) 980px, (min-width: 981px) and (max-width: 1280px) 1280px, (min-width: 1281px) 2880px, 100vw\" \/><\/figure>\n\n\n\n<figure class=\"wp-block-image size-full\"><img data-recalc-dims=\"1\" loading=\"lazy\" decoding=\"async\" width=\"1080\" height=\"720\" data-attachment-id=\"134216\" data-permalink=\"https:\/\/www.claret.org\/fr\/hakuna-matata-pas-de-soucis\/_mg_3296-2\/\" data-orig-file=\"https:\/\/i0.wp.com\/www.claret.org\/wp-content\/uploads\/2022\/09\/MG_3296-scaled.jpg?fit=2880%2C1920&amp;ssl=1\" data-orig-size=\"2880,1920\" data-comments-opened=\"0\" data-image-meta=\"{&quot;aperture&quot;:&quot;10&quot;,&quot;credit&quot;:&quot;MidhunCMF&quot;,&quot;camera&quot;:&quot;Canon EOS 1300D&quot;,&quot;caption&quot;:&quot;&quot;,&quot;created_timestamp&quot;:&quot;946703068&quot;,&quot;copyright&quot;:&quot;Photography&quot;,&quot;focal_length&quot;:&quot;250&quot;,&quot;iso&quot;:&quot;1600&quot;,&quot;shutter_speed&quot;:&quot;0.0015625&quot;,&quot;title&quot;:&quot;&quot;,&quot;orientation&quot;:&quot;1&quot;}\" data-image-title=\"_MG_3296\" data-image-description=\"\" data-image-caption=\"\" data-large-file=\"https:\/\/i0.wp.com\/www.claret.org\/wp-content\/uploads\/2022\/09\/MG_3296-scaled.jpg?fit=1024%2C683&amp;ssl=1\" data-id=\"134216\" src=\"https:\/\/i0.wp.com\/www.claret.org\/wp-content\/uploads\/2022\/09\/MG_3296-scaled.jpg?resize=1080%2C720&#038;ssl=1\" alt=\"\" class=\"wp-image-134216\" title=\"\" srcset=\"https:\/\/www.claret.org\/wp-content\/uploads\/2022\/09\/MG_3296-scaled.jpg 2880w, https:\/\/www.claret.org\/wp-content\/uploads\/2022\/09\/MG_3296-1280x853.jpg 1280w, https:\/\/www.claret.org\/wp-content\/uploads\/2022\/09\/MG_3296-980x653.jpg 980w, https:\/\/www.claret.org\/wp-content\/uploads\/2022\/09\/MG_3296-480x320.jpg 480w\" sizes=\"(min-width: 0px) and (max-width: 480px) 480px, (min-width: 481px) and (max-width: 980px) 980px, (min-width: 981px) and (max-width: 1280px) 1280px, (min-width: 1281px) 2880px, 100vw\" \/><\/figure>\n<\/figure>\n\n<p><\/p>\n\n<p>La session de l&rsquo;apr\u00e8s-midi a port\u00e9 sur le bin\u00f4me <strong>f\u00e9condit\u00e9-audace <\/strong>; la fertilit\u00e9 de l&rsquo;ap\u00f4tre n&rsquo;est pas faite de lanternes et de guirlandes ; elle n&rsquo;est pas \u00ab spectaculaire \u00bb. Elle est enracin\u00e9e et livre un amour qui nous r\u00e9v\u00e8le limit\u00e9s, fragment\u00e9s, et fragiles, et qui r\u00e9v\u00e8le la puissance de Dieu comme elle s&rsquo;est r\u00e9v\u00e9l\u00e9e dans ces hommes et ces femmes qui d\u00e9passent la peur d\u2019\u00eatre d\u2019audacieux t\u00e9moins du Christ ressuscit\u00e9 apr\u00e8s la croix.<\/p>\n\n<p>Selon Carlos, le texte d&rsquo;Isa\u00efe 61,1 \u00ab le Seigneur est sur moi et m&rsquo;a oint&#8230; \u00bb arrive tardivement dans la vie du P\u00e8re Claret, en 1859, mais devient un texte \u00ab cl\u00e9 \u00bb pour lui et pour nous. Car il est comme la cl\u00e9 de vo\u00fbte de l&rsquo;arc qui soutient le reste des voussoirs : les autres textes bibliques qui ont inspir\u00e9 la vie du P\u00e8re Claret. C&rsquo;est au milieu des pers\u00e9cutions et d\u2019hostilit\u00e9 envers son travail missionnaire qu&rsquo;il d\u00e9couvre que le succ\u00e8s missionnaire n&rsquo;est pas dans les applaudissements du monde, mais dans le fait de se reconnaitre soi-m\u00eame comme oint et envoy\u00e9 par l&rsquo;Esprit. <\/p>\n\n<p>Pendant la crise, seule l&rsquo;exp\u00e9rience de la foi profonde nous maintient \u00e0 flot, hakuna matata &#8211; pas d&rsquo;inqui\u00e9tude. Est-ce que cela vous surprend ? Le P. Xifr\u00e9 a \u00e9galement \u00e9t\u00e9 surpris par l\u2019esprit tr\u00e8s positif du P. Claret dans sa r\u00e9ponse \u00ab Hakuna Matata \u00bb au compte-rendu que Xifr\u00e9 a fait de la d\u00e9bacle de la Congr\u00e9gation &#8211; qui, selon certains avait re\u00e7u un coup mortel dans la r\u00e9volution lib\u00e9rale de 1868 en Espagne. <\/p>\n\n<p>Nous sommes une famille qui est n\u00e9e audacieuse et qui a beaucoup d&rsquo;histoires courageuses : Celle des 270 martyrs de la guerre civile d&rsquo;Espagne ; celle du renouveau post-conciliaire et notre engagement \u00e0 servir la Vie Religieuse ; celle des empreintes d&rsquo;hommes comme Dimberger, Casald\u00e1liga et tant de nombreux fr\u00e8res clar\u00e9tains qui, par leur service simple et tranquille ont gagn\u00e9 le c\u0153ur des gens. <\/p>\n\n<blockquote class=\"wp-block-quote is-layout-flow wp-block-quote-is-layout-flow\"><p>Aujourd&rsquo;hui est aussi le temps de l&rsquo;audace, nous a rappel\u00e9 Carlos, l&rsquo;audace de d\u00e9fier les limites que l&rsquo;interculturalit\u00e9, le cl\u00e9ricalisme, l&rsquo;individualisme, et l&rsquo;ac\u00e9die&#8230; imposent \u00e0 notre vocation missionnaire.<\/p><\/blockquote>\n\n<p>La journ\u00e9e de retraite s&rsquo;est termin\u00e9e par l\u2019Eucharistie, qui, par co\u00efncidence, propose comme \u00e9vangile du jour, le texte de l&rsquo;\u00e9lection des ap\u00f4tres. Apr\u00e8s une nuit de pri\u00e8re avec son P\u00e8re, J\u00e9sus poss\u00e8de suffisamment de \u00ab hakuna matata \u00bb pour proposer \u00e0 ces 12 hommes, ce qui para\u00eet insens\u00e9 aux yeux de beaucoup : \u00ab Venez et suivez-moi. \u00bb<\/p>\n\n<p><\/p>\n\n<figure class=\"wp-block-gallery has-nested-images columns-default is-cropped wp-block-gallery-2 is-layout-flex wp-block-gallery-is-layout-flex\">\n<figure class=\"wp-block-image size-large\"><img data-recalc-dims=\"1\" loading=\"lazy\" decoding=\"async\" width=\"1080\" height=\"609\" data-attachment-id=\"134228\" data-permalink=\"https:\/\/www.claret.org\/fr\/hakuna-matata-pas-de-soucis\/img20220906184004-2\/\" data-orig-file=\"https:\/\/i0.wp.com\/www.claret.org\/wp-content\/uploads\/2022\/09\/IMG20220906184004-scaled.jpg?fit=2880%2C1624&amp;ssl=1\" data-orig-size=\"2880,1624\" data-comments-opened=\"0\" data-image-meta=\"{&quot;aperture&quot;:&quot;1.7&quot;,&quot;credit&quot;:&quot;&quot;,&quot;camera&quot;:&quot;OPPO Reno5 F&quot;,&quot;caption&quot;:&quot;&quot;,&quot;created_timestamp&quot;:&quot;1662489604&quot;,&quot;copyright&quot;:&quot;&quot;,&quot;focal_length&quot;:&quot;4.71&quot;,&quot;iso&quot;:&quot;1000&quot;,&quot;shutter_speed&quot;:&quot;0.020004&quot;,&quot;title&quot;:&quot;&quot;,&quot;orientation&quot;:&quot;1&quot;}\" data-image-title=\"IMG20220906184004\" data-image-description=\"\" data-image-caption=\"\" data-large-file=\"https:\/\/i0.wp.com\/www.claret.org\/wp-content\/uploads\/2022\/09\/IMG20220906184004-scaled.jpg?fit=1024%2C577&amp;ssl=1\" data-id=\"134228\" src=\"https:\/\/i0.wp.com\/www.claret.org\/wp-content\/uploads\/2022\/09\/IMG20220906184004-scaled.jpg?resize=1080%2C609&#038;ssl=1\" alt=\"\" class=\"wp-image-134228\" title=\"\" srcset=\"https:\/\/www.claret.org\/wp-content\/uploads\/2022\/09\/IMG20220906184004-scaled.jpg 2880w, https:\/\/www.claret.org\/wp-content\/uploads\/2022\/09\/IMG20220906184004-1280x722.jpg 1280w, https:\/\/www.claret.org\/wp-content\/uploads\/2022\/09\/IMG20220906184004-980x553.jpg 980w, https:\/\/www.claret.org\/wp-content\/uploads\/2022\/09\/IMG20220906184004-480x271.jpg 480w\" sizes=\"(min-width: 0px) and (max-width: 480px) 480px, (min-width: 481px) and (max-width: 980px) 980px, (min-width: 981px) and (max-width: 1280px) 1280px, (min-width: 1281px) 2880px, 100vw\" \/><\/figure>\n\n\n\n<figure class=\"wp-block-image size-large\"><img data-recalc-dims=\"1\" loading=\"lazy\" decoding=\"async\" width=\"1080\" height=\"609\" data-attachment-id=\"134234\" data-permalink=\"https:\/\/www.claret.org\/fr\/hakuna-matata-pas-de-soucis\/img20220906184520-2\/\" data-orig-file=\"https:\/\/i0.wp.com\/www.claret.org\/wp-content\/uploads\/2022\/09\/IMG20220906184520-scaled.jpg?fit=2880%2C1624&amp;ssl=1\" data-orig-size=\"2880,1624\" data-comments-opened=\"0\" data-image-meta=\"{&quot;aperture&quot;:&quot;1.7&quot;,&quot;credit&quot;:&quot;&quot;,&quot;camera&quot;:&quot;OPPO Reno5 F&quot;,&quot;caption&quot;:&quot;&quot;,&quot;created_timestamp&quot;:&quot;1662489920&quot;,&quot;copyright&quot;:&quot;&quot;,&quot;focal_length&quot;:&quot;4.71&quot;,&quot;iso&quot;:&quot;1204&quot;,&quot;shutter_speed&quot;:&quot;0.020004&quot;,&quot;title&quot;:&quot;&quot;,&quot;orientation&quot;:&quot;1&quot;}\" data-image-title=\"IMG20220906184520\" data-image-description=\"\" data-image-caption=\"\" data-large-file=\"https:\/\/i0.wp.com\/www.claret.org\/wp-content\/uploads\/2022\/09\/IMG20220906184520-scaled.jpg?fit=1024%2C577&amp;ssl=1\" data-id=\"134234\" src=\"https:\/\/i0.wp.com\/www.claret.org\/wp-content\/uploads\/2022\/09\/IMG20220906184520-scaled.jpg?resize=1080%2C609&#038;ssl=1\" alt=\"\" class=\"wp-image-134234\" title=\"\" srcset=\"https:\/\/www.claret.org\/wp-content\/uploads\/2022\/09\/IMG20220906184520-scaled.jpg 2880w, https:\/\/www.claret.org\/wp-content\/uploads\/2022\/09\/IMG20220906184520-1280x722.jpg 1280w, https:\/\/www.claret.org\/wp-content\/uploads\/2022\/09\/IMG20220906184520-980x553.jpg 980w, https:\/\/www.claret.org\/wp-content\/uploads\/2022\/09\/IMG20220906184520-480x271.jpg 480w\" sizes=\"(min-width: 0px) and (max-width: 480px) 480px, (min-width: 481px) and (max-width: 980px) 980px, (min-width: 981px) and (max-width: 1280px) 1280px, (min-width: 1281px) 2880px, 100vw\" \/><\/figure>\n<\/figure>\n\n<p><\/p>\n\n<p><strong><em>Francisco Car\u00edn, CMF, Chronicler of the Day<\/em><\/strong>&#13;\n&#13;\nTraduit par Ndi Nkoumou Martin Herv\u00e9, CMF<\/p>\n","protected":false},"excerpt":{"rendered":"<p>Le deuxi\u00e8me jour de la r\u00e9union pourrait \u00eatre r\u00e9sum\u00e9e par l&rsquo;expression en swahilie \u00ab Hakuna Matata \u00bb rendue si c\u00e9l\u00e8bre par le film \u00ab Le Roi Lion \u00bb en 1994. Le fil conducteur de cette journ\u00e9e \u00e9tait la retraite pr\u00e9sid\u00e9e par Carlos S\u00e1nchez, Pr\u00e9fet g\u00e9n\u00e9ral de la spiritualit\u00e9, avec en son centre le texte de [&hellip;]<\/p>\n","protected":false},"author":2,"featured_media":134210,"comment_status":"closed","ping_status":"closed","sticky":false,"template":"","format":"standard","meta":{"_et_pb_use_builder":"","_et_pb_old_content":"","_et_gb_content_width":"","footnotes":""},"categories":[521,4917],"tags":[],"class_list":["post-134562","post","type-post","status-publish","format-standard","has-post-thumbnail","hentry","category-gouvernement-general","category-nairobi-2022-fr"],"jetpack_featured_media_url":"https:\/\/i0.wp.com\/www.claret.org\/wp-content\/uploads\/2022\/09\/Hakuna-Matata.jpg?fit=1924%2C1282&ssl=1","jetpack_sharing_enabled":true,"jetpack_shortlink":"https:\/\/wp.me\/pdaBmi-z0m","jetpack_likes_enabled":true,"_links":{"self":[{"href":"https:\/\/www.claret.org\/fr\/wp-json\/wp\/v2\/posts\/134562","targetHints":{"allow":["GET"]}}],"collection":[{"href":"https:\/\/www.claret.org\/fr\/wp-json\/wp\/v2\/posts"}],"about":[{"href":"https:\/\/www.claret.org\/fr\/wp-json\/wp\/v2\/types\/post"}],"author":[{"embeddable":true,"href":"https:\/\/www.claret.org\/fr\/wp-json\/wp\/v2\/users\/2"}],"replies":[{"embeddable":true,"href":"https:\/\/www.claret.org\/fr\/wp-json\/wp\/v2\/comments?post=134562"}],"version-history":[{"count":0,"href":"https:\/\/www.claret.org\/fr\/wp-json\/wp\/v2\/posts\/134562\/revisions"}],"wp:featuredmedia":[{"embeddable":true,"href":"https:\/\/www.claret.org\/fr\/wp-json\/wp\/v2\/media\/134210"}],"wp:attachment":[{"href":"https:\/\/www.claret.org\/fr\/wp-json\/wp\/v2\/media?parent=134562"}],"wp:term":[{"taxonomy":"category","embeddable":true,"href":"https:\/\/www.claret.org\/fr\/wp-json\/wp\/v2\/categories?post=134562"},{"taxonomy":"post_tag","embeddable":true,"href":"https:\/\/www.claret.org\/fr\/wp-json\/wp\/v2\/tags?post=134562"}],"curies":[{"name":"wp","href":"https:\/\/api.w.org\/{rel}","templated":true}]}}