{"id":140627,"date":"2023-01-14T16:38:16","date_gmt":"2023-01-14T15:38:16","guid":{"rendered":"https:\/\/www.claret.org\/ordination-sacerdotale-de-male-jojappa-cmf\/"},"modified":"2023-01-14T16:41:26","modified_gmt":"2023-01-14T15:41:26","slug":"ordination-sacerdotale-de-male-jojappa-cmf","status":"publish","type":"post","link":"https:\/\/www.claret.org\/fr\/ordination-sacerdotale-de-male-jojappa-cmf\/","title":{"rendered":"Ordination sacerdotale de Male Jojappa CMF"},"content":{"rendered":"\n<p><p>Kurnool, Inde : Le diacre Male Jojappa, CMF, a \u00e9t\u00e9 ordonn\u00e9 pr\u00eatre le 09 janvier 2023 par Mgr M. D. Prakasam, \u00e9v\u00eaque de Nellore, \u00e0 l&rsquo;\u00e9glise Notre-Dame du Mont Carmel Sunkeswari dans le dioc\u00e8se de Kurnool, la paroisse natale de Jojappa. Ce fut une c\u00e9l\u00e9bration unique et joyeuse non seulement pour la famille de Jojappa mais aussi pour tout le village, car la plupart des gens se sont joints \u00e0 la pr\u00e9paration et \u00e0 la c\u00e9l\u00e9bration de cet \u00e9v\u00e9nement\u00a0solennel.<\/p><\/p>\n\n<p><\/p>\n\n<figure class=\"wp-block-gallery has-nested-images columns-default is-cropped wp-block-gallery-1 is-layout-flex wp-block-gallery-is-layout-flex\">\n<figure class=\"wp-block-image size-large\"><img data-recalc-dims=\"1\" loading=\"lazy\" decoding=\"async\" width=\"1024\" height=\"681\" data-id=\"140589\" src=\"https:\/\/i0.wp.com\/www.claret.org\/wp-content\/uploads\/2023\/01\/MJ-O2.jpg?resize=1024%2C681&#038;ssl=1\" alt=\"\" class=\"wp-image-140589\" title=\"\" srcset=\"https:\/\/www.claret.org\/wp-content\/uploads\/2023\/01\/MJ-O2-980x652.jpg 980w, https:\/\/www.claret.org\/wp-content\/uploads\/2023\/01\/MJ-O2-480x319.jpg 480w\" sizes=\"(min-width: 0px) and (max-width: 480px) 480px, (min-width: 481px) and (max-width: 980px) 980px, (min-width: 981px) 1024px, 100vw\" \/><\/figure>\n\n\n\n<figure class=\"wp-block-image size-large\"><img data-recalc-dims=\"1\" loading=\"lazy\" decoding=\"async\" width=\"1024\" height=\"681\" data-id=\"140607\" src=\"https:\/\/i0.wp.com\/www.claret.org\/wp-content\/uploads\/2023\/01\/MJ-O4.jpg?resize=1024%2C681&#038;ssl=1\" alt=\"\" class=\"wp-image-140607\" title=\"\" srcset=\"https:\/\/www.claret.org\/wp-content\/uploads\/2023\/01\/MJ-O4-980x652.jpg 980w, https:\/\/www.claret.org\/wp-content\/uploads\/2023\/01\/MJ-O4-480x319.jpg 480w\" sizes=\"(min-width: 0px) and (max-width: 480px) 480px, (min-width: 481px) and (max-width: 980px) 980px, (min-width: 981px) 1024px, 100vw\" \/><\/figure>\n\n\n\n<figure class=\"wp-block-image size-large\"><img data-recalc-dims=\"1\" loading=\"lazy\" decoding=\"async\" width=\"1024\" height=\"681\" data-id=\"140595\" src=\"https:\/\/i0.wp.com\/www.claret.org\/wp-content\/uploads\/2023\/01\/MJ-O3.jpg?resize=1024%2C681&#038;ssl=1\" alt=\"\" class=\"wp-image-140595\" title=\"\" srcset=\"https:\/\/www.claret.org\/wp-content\/uploads\/2023\/01\/MJ-O3-980x652.jpg 980w, https:\/\/www.claret.org\/wp-content\/uploads\/2023\/01\/MJ-O3-480x319.jpg 480w\" sizes=\"(min-width: 0px) and (max-width: 480px) 480px, (min-width: 481px) and (max-width: 980px) 980px, (min-width: 981px) 1024px, 100vw\" \/><\/figure>\n\n\n\n<figure class=\"wp-block-image size-large\"><img data-recalc-dims=\"1\" loading=\"lazy\" decoding=\"async\" width=\"1024\" height=\"681\" data-id=\"140613\" src=\"https:\/\/i0.wp.com\/www.claret.org\/wp-content\/uploads\/2023\/01\/MJ-O5.jpg?resize=1024%2C681&#038;ssl=1\" alt=\"\" class=\"wp-image-140613\" title=\"\" srcset=\"https:\/\/www.claret.org\/wp-content\/uploads\/2023\/01\/MJ-O5-980x652.jpg 980w, https:\/\/www.claret.org\/wp-content\/uploads\/2023\/01\/MJ-O5-480x319.jpg 480w\" sizes=\"(min-width: 0px) and (max-width: 480px) 480px, (min-width: 481px) and (max-width: 980px) 980px, (min-width: 981px) 1024px, 100vw\" \/><\/figure>\n\n\n\n<figure class=\"wp-block-image size-large\"><img data-recalc-dims=\"1\" loading=\"lazy\" decoding=\"async\" width=\"1024\" height=\"681\" data-id=\"140601\" src=\"https:\/\/i0.wp.com\/www.claret.org\/wp-content\/uploads\/2023\/01\/MJ-O6.jpg?resize=1024%2C681&#038;ssl=1\" alt=\"\" class=\"wp-image-140601\" title=\"\" srcset=\"https:\/\/www.claret.org\/wp-content\/uploads\/2023\/01\/MJ-O6-980x652.jpg 980w, https:\/\/www.claret.org\/wp-content\/uploads\/2023\/01\/MJ-O6-480x319.jpg 480w\" sizes=\"(min-width: 0px) and (max-width: 480px) 480px, (min-width: 481px) and (max-width: 980px) 980px, (min-width: 981px) 1024px, 100vw\" \/><\/figure>\n<\/figure>\n","protected":false},"excerpt":{"rendered":"<p>Kurnool, Inde : Le diacre Male Jojappa, CMF, a \u00e9t\u00e9 ordonn\u00e9 pr\u00eatre le 09 janvier 2023 par Mgr M. D. Prakasam, \u00e9v\u00eaque de Nellore, \u00e0 l&rsquo;\u00e9glise Notre-Dame du Mont Carmel Sunkeswari dans le dioc\u00e8se de Kurnool, la paroisse natale de Jojappa. Ce fut une c\u00e9l\u00e9bration unique et joyeuse non seulement pour la famille de Jojappa [&hellip;]<\/p>\n","protected":false},"author":69,"featured_media":140620,"comment_status":"closed","ping_status":"closed","sticky":false,"template":"","format":"standard","meta":{"_et_pb_use_builder":"","_et_pb_old_content":"","_et_gb_content_width":"","footnotes":""},"categories":[217,223,575],"tags":[],"class_list":["post-140627","post","type-post","status-publish","format-standard","has-post-thumbnail","hentry","category-ascla-west-fr","category-bangalore-fr","category-ordinations-fr"],"jetpack_featured_media_url":"https:\/\/i0.wp.com\/www.claret.org\/wp-content\/uploads\/2023\/01\/MJ-O1-scaled.jpg?fit=2880%2C1580&ssl=1","jetpack_sharing_enabled":true,"jetpack_shortlink":"https:\/\/wp.me\/pdaBmi-AAb","jetpack_likes_enabled":true,"_links":{"self":[{"href":"https:\/\/www.claret.org\/fr\/wp-json\/wp\/v2\/posts\/140627","targetHints":{"allow":["GET"]}}],"collection":[{"href":"https:\/\/www.claret.org\/fr\/wp-json\/wp\/v2\/posts"}],"about":[{"href":"https:\/\/www.claret.org\/fr\/wp-json\/wp\/v2\/types\/post"}],"author":[{"embeddable":true,"href":"https:\/\/www.claret.org\/fr\/wp-json\/wp\/v2\/users\/69"}],"replies":[{"embeddable":true,"href":"https:\/\/www.claret.org\/fr\/wp-json\/wp\/v2\/comments?post=140627"}],"version-history":[{"count":0,"href":"https:\/\/www.claret.org\/fr\/wp-json\/wp\/v2\/posts\/140627\/revisions"}],"wp:featuredmedia":[{"embeddable":true,"href":"https:\/\/www.claret.org\/fr\/wp-json\/wp\/v2\/media\/140620"}],"wp:attachment":[{"href":"https:\/\/www.claret.org\/fr\/wp-json\/wp\/v2\/media?parent=140627"}],"wp:term":[{"taxonomy":"category","embeddable":true,"href":"https:\/\/www.claret.org\/fr\/wp-json\/wp\/v2\/categories?post=140627"},{"taxonomy":"post_tag","embeddable":true,"href":"https:\/\/www.claret.org\/fr\/wp-json\/wp\/v2\/tags?post=140627"}],"curies":[{"name":"wp","href":"https:\/\/api.w.org\/{rel}","templated":true}]}}