{"id":141693,"date":"2023-02-03T17:01:00","date_gmt":"2023-02-03T16:01:00","guid":{"rendered":"https:\/\/www.claret.org\/?p=141693"},"modified":"2023-02-03T11:14:16","modified_gmt":"2023-02-03T10:14:16","slug":"rever-ensemble-assemblee-des-superieurs-locaux-en-guinee-equatoriale","status":"publish","type":"post","link":"https:\/\/www.claret.org\/fr\/rever-ensemble-assemblee-des-superieurs-locaux-en-guinee-equatoriale\/","title":{"rendered":"R\u00eaver ensemble : Assembl\u00e9e des sup\u00e9rieurs locaux en Guin\u00e9e \u00e9quatoriale"},"content":{"rendered":"\n<p class=\"has-drop-cap\"><p><strong>BATA, GUIN\u00c9E \u00c9QUATORIALE :<\/strong> La D\u00e9l\u00e9gation P\u00e8re Xifr\u00e9 a tenu son Assembl\u00e9e des Sup\u00e9rieurs des Communaut\u00e9s du Gabon et de Guin\u00e9e \u00c9quatoriale le 1er f\u00e9vrier, marquant le d\u00e9but d&rsquo;une assise de trois jours. L&rsquo;assembl\u00e9e a r\u00e9uni le conseil de la d\u00e9l\u00e9gation et des repr\u00e9sentants des 16 communaut\u00e9s qui composent la d\u00e9l\u00e9gation.<\/p><\/p>\n\n<p>L&rsquo;assembl\u00e9e a commenc\u00e9 par un aspect spirituel, comprenant l&rsquo;adoration du Saint-Sacrement et une c\u00e9l\u00e9bration Eucharistie en l&rsquo;honneur des Bienheureux Martyrs de la Congr\u00e9gation. La s\u00e9ance d&rsquo;ouverture a \u00e9t\u00e9 marqu\u00e9e par l&rsquo;intronisation et la proclamation de la Parole de Dieu, donnant un ton plus fort \u00e0 l&rsquo;\u00e9v\u00e9nement.<\/p>\n\n<p>Au cours de l&rsquo;assembl\u00e9e, le gouvernement de la D\u00e9l\u00e9gation a pr\u00e9sent\u00e9 son Plan d&rsquo;Action pour le Triennat 2022-2025 aux Sup\u00e9rieurs locaux. Les communaut\u00e9s ont \u00e9galement partag\u00e9 leurs progr\u00e8s dans la mise en \u0153uvre des orientations de la deuxi\u00e8me assembl\u00e9e de la D\u00e9l\u00e9gation, qui a eu lieu un an auparavant.<\/p>\n\n<p>L&rsquo;objectif de l&rsquo;assembl\u00e9e \u00e9tait de favoriser un leadership synodal, un travail d&rsquo;\u00e9quipe et une coresponsabilit\u00e9 dans l&rsquo;exercice de l&rsquo;autorit\u00e9 dans les communaut\u00e9s et la D\u00e9l\u00e9gation. Les participants esp\u00e8rent que la tendresse du C\u0153ur Immacul\u00e9 de Marie accompagnera les travaux de l&rsquo;assembl\u00e9e.<\/p>\n\n<p>La maison de formation du noviciat P\u00e8re Xifr\u00e9 \u00e0 Bata, en Guin\u00e9e \u00e9quatoriale, a servi de lieu pour l&rsquo;assembl\u00e9e.<\/p>\n\n<p><\/p>\n\n<figure class=\"wp-block-gallery has-nested-images columns-default is-cropped wp-block-gallery-1 is-layout-flex wp-block-gallery-is-layout-flex\">\n<figure class=\"wp-block-image size-large\"><img data-recalc-dims=\"1\" loading=\"lazy\" decoding=\"async\" width=\"733\" height=\"520\" data-id=\"141661\" src=\"https:\/\/i0.wp.com\/www.claret.org\/wp-content\/uploads\/2023\/02\/IMG-20230201-WA0046.jpg?resize=733%2C520&#038;ssl=1\" alt=\"\" class=\"wp-image-141661\" title=\"\" srcset=\"https:\/\/www.claret.org\/wp-content\/uploads\/2023\/02\/IMG-20230201-WA0046.jpg 733w, https:\/\/www.claret.org\/wp-content\/uploads\/2023\/02\/IMG-20230201-WA0046-480x341.jpg 480w\" sizes=\"(min-width: 0px) and (max-width: 480px) 480px, (min-width: 481px) 733px, 100vw\" \/><\/figure>\n\n\n\n<figure class=\"wp-block-image size-large\"><img data-recalc-dims=\"1\" loading=\"lazy\" decoding=\"async\" width=\"960\" height=\"540\" data-id=\"141673\" src=\"https:\/\/i0.wp.com\/www.claret.org\/wp-content\/uploads\/2023\/02\/IMG-20230201-WA0047.jpg?resize=960%2C540&#038;ssl=1\" alt=\"\" class=\"wp-image-141673\" title=\"\" srcset=\"https:\/\/www.claret.org\/wp-content\/uploads\/2023\/02\/IMG-20230201-WA0047.jpg 960w, https:\/\/www.claret.org\/wp-content\/uploads\/2023\/02\/IMG-20230201-WA0047-480x270.jpg 480w\" sizes=\"(min-width: 0px) and (max-width: 480px) 480px, (min-width: 481px) 960px, 100vw\" \/><\/figure>\n\n\n\n<figure class=\"wp-block-image size-large\"><img data-recalc-dims=\"1\" loading=\"lazy\" decoding=\"async\" width=\"960\" height=\"540\" data-id=\"141667\" src=\"https:\/\/i0.wp.com\/www.claret.org\/wp-content\/uploads\/2023\/02\/IMG-20230201-WA0048.jpg?resize=960%2C540&#038;ssl=1\" alt=\"\" class=\"wp-image-141667\" title=\"\" srcset=\"https:\/\/www.claret.org\/wp-content\/uploads\/2023\/02\/IMG-20230201-WA0048.jpg 960w, https:\/\/www.claret.org\/wp-content\/uploads\/2023\/02\/IMG-20230201-WA0048-480x270.jpg 480w\" sizes=\"(min-width: 0px) and (max-width: 480px) 480px, (min-width: 481px) 960px, 100vw\" \/><\/figure>\n<\/figure>\n","protected":false},"excerpt":{"rendered":"<p>BATA, GUIN\u00c9E \u00c9QUATORIALE : La D\u00e9l\u00e9gation P\u00e8re Xifr\u00e9 a tenu son Assembl\u00e9e des Sup\u00e9rieurs des Communaut\u00e9s du Gabon et de Guin\u00e9e \u00c9quatoriale le 1er f\u00e9vrier, marquant le d\u00e9but d&rsquo;une assise de trois jours. L&rsquo;assembl\u00e9e a r\u00e9uni le conseil de la d\u00e9l\u00e9gation et des repr\u00e9sentants des 16 communaut\u00e9s qui composent la d\u00e9l\u00e9gation. L&rsquo;assembl\u00e9e a commenc\u00e9 par [&hellip;]<\/p>\n","protected":false},"author":69,"featured_media":141680,"comment_status":"closed","ping_status":"closed","sticky":false,"template":"","format":"standard","meta":{"_et_pb_use_builder":"","_et_pb_old_content":"","_et_gb_content_width":"","footnotes":""},"categories":[981,168],"tags":[],"class_list":["post-141693","post","type-post","status-publish","format-standard","has-post-thumbnail","hentry","category-acla-fr","category-padre-xifre-fr"],"jetpack_featured_media_url":"https:\/\/i0.wp.com\/www.claret.org\/wp-content\/uploads\/2023\/02\/B53zfDJJpXKDSNkolJUUTPpPA9YwMsJ3q0uRTKiTeeM_plaintext_638108589804531233.jpg?fit=1000%2C528&ssl=1","jetpack_sharing_enabled":true,"jetpack_shortlink":"https:\/\/wp.me\/pdaBmi-ARn","jetpack_likes_enabled":true,"_links":{"self":[{"href":"https:\/\/www.claret.org\/fr\/wp-json\/wp\/v2\/posts\/141693","targetHints":{"allow":["GET"]}}],"collection":[{"href":"https:\/\/www.claret.org\/fr\/wp-json\/wp\/v2\/posts"}],"about":[{"href":"https:\/\/www.claret.org\/fr\/wp-json\/wp\/v2\/types\/post"}],"author":[{"embeddable":true,"href":"https:\/\/www.claret.org\/fr\/wp-json\/wp\/v2\/users\/69"}],"replies":[{"embeddable":true,"href":"https:\/\/www.claret.org\/fr\/wp-json\/wp\/v2\/comments?post=141693"}],"version-history":[{"count":0,"href":"https:\/\/www.claret.org\/fr\/wp-json\/wp\/v2\/posts\/141693\/revisions"}],"wp:featuredmedia":[{"embeddable":true,"href":"https:\/\/www.claret.org\/fr\/wp-json\/wp\/v2\/media\/141680"}],"wp:attachment":[{"href":"https:\/\/www.claret.org\/fr\/wp-json\/wp\/v2\/media?parent=141693"}],"wp:term":[{"taxonomy":"category","embeddable":true,"href":"https:\/\/www.claret.org\/fr\/wp-json\/wp\/v2\/categories?post=141693"},{"taxonomy":"post_tag","embeddable":true,"href":"https:\/\/www.claret.org\/fr\/wp-json\/wp\/v2\/tags?post=141693"}],"curies":[{"name":"wp","href":"https:\/\/api.w.org\/{rel}","templated":true}]}}