{"id":146252,"date":"2023-04-14T12:00:00","date_gmt":"2023-04-14T10:00:00","guid":{"rendered":"https:\/\/www.claret.org\/tisser-une-vie-missionnaire-dans-le-projet-de-dieu-pour-lhumanite-reflexions-sur-le-chemin-synodal\/"},"modified":"2023-04-14T12:14:01","modified_gmt":"2023-04-14T10:14:01","slug":"tisser-une-vie-missionnaire-dans-le-projet-de-dieu-pour-lhumanite-reflexions-sur-le-chemin-synodal","status":"publish","type":"post","link":"https:\/\/www.claret.org\/fr\/tisser-une-vie-missionnaire-dans-le-projet-de-dieu-pour-lhumanite-reflexions-sur-le-chemin-synodal\/","title":{"rendered":"Tisser une vie missionnaire dans le projet de Dieu pour l&rsquo;humanit\u00e9 : r\u00e9flexions sur le chemin synodal"},"content":{"rendered":"\n<p class=\"has-drop-cap\">Le Sup\u00e9rieur G\u00e9n\u00e9ral des Missionnaires Clar\u00e9tains, le P. Mathew Vattammattam, CMF, a publi\u00e9 une lettre circulaire dat\u00e9e du 25 mars 2023, intitul\u00e9e \u00ab Notre voyage missionnaire sur le chemin synodal \u00bb. La lettre refl\u00e8te le cheminement missionnaire de la Congr\u00e9gation sur le chemin synodal et leur cheminement commun dans l&rsquo;\u00c9glise comme peuple de Dieu. La lettre souligne l&rsquo;importance du XXVI Chapitre g\u00e9n\u00e9ral pour renforcer l&rsquo;engagement des membres \u00e0 partager les espoirs et les joies, les peines et les \u00e9preuves du peuple, en particulier ceux des pauvres, et \u00e0 joindre leurs efforts \u00e0 tous ceux qui s&rsquo;efforcent de transformer le monde selon Le plan de Dieu.<\/p>\n\n<p><p>La lettre souligne que dans un monde fragment\u00e9, la communion avec Dieu et la fraternit\u00e9 entre les humains constituent l&rsquo;annonce la plus cr\u00e9dible de l&rsquo;Evangile de l&rsquo;amour. Enracin\u00e9e en J\u00e9sus-Christ et dans la spiritualit\u00e9 clar\u00e9taine, elle est appel\u00e9e \u00e0 \u00eatre une Congr\u00e9gation p\u00e8lerine se joignant \u00e0 toutes les autres sur le chemin de la J\u00e9rusalem c\u00e9leste.<\/p><\/p>\n\n<p><p>En outre, il a soulign\u00e9 l&rsquo;importance de l&rsquo;exhortation du XXVIe Chapitre G\u00e9n\u00e9ral Querida Congregaci\u00f3n (Bien-aim\u00e9e Congr\u00e9gation). Il sert d&rsquo;appel \u00e0 tous les membres de la Congr\u00e9gation \u00e0 r\u00e9fl\u00e9chir sur leur responsabilit\u00e9 collective dans la r\u00e9alisation du r\u00eave de Dieu dans leurs contextes respectifs.<\/p><\/p>\n\n<p><p>La circulaire explique \u00e9galement comment les clar\u00e9tains peuvent tisser leur vie missionnaire dans le projet de Dieu pour l&rsquo;humanit\u00e9. Il leur sugg\u00e8re de consid\u00e9rer ces r\u00e9alit\u00e9s dans leurs \u00e9valuations communautaires et de s&rsquo;assurer qu&rsquo;ils utilisent intelligemment les diverses formes de moyens de communication pour la formation et la mission. En formant plus de cyber missionnaires et en d\u00e9veloppant une vision clar\u00e9taine de leur mission m\u00e9diatique, ils pourront offrir un service missionnaire qualifi\u00e9 dans le Continent Num\u00e9rique.<\/p><\/p>\n\n<p><p>La lettre se termine en d\u00e9clarant qu&rsquo;en tant que communaut\u00e9, les Clar\u00e9tains doivent continuer \u00e0 travailler ensemble en collaboration pour r\u00e9aliser des \u00e9tapes d&rsquo;action concr\u00e8tes vers la mise en \u0153uvre de leur plan d&rsquo;action. Les processus de mise en \u0153uvre sont en cours, et c&rsquo;est gr\u00e2ce aux efforts partag\u00e9s qu&rsquo;ils peuvent se transformer et transformer la soci\u00e9t\u00e9 selon le plan de Dieu. La lettre circulaire sert de rappel important aux membres de la Congr\u00e9gation pour qu&rsquo;ils restent engag\u00e9s dans leur mission de missionnaires du Christ, enracin\u00e9s dans la spiritualit\u00e9 clar\u00e9taine, tout en s&rsquo;adaptant aux nouvelles r\u00e9alit\u00e9s telles que les m\u00e9dias num\u00e9riques.<\/p><\/p>\n\n<p><p><a href=\"https:\/\/www.claret.org\/fr\/superieurs-generaux\/\" target=\"_blank\" rel=\"noopener\">Lire la lettre circulaire<\/a><\/p><\/p>\n","protected":false},"excerpt":{"rendered":"<p>Le Sup\u00e9rieur G\u00e9n\u00e9ral des Missionnaires Clar\u00e9tains, le P. Mathew Vattammattam, CMF, a publi\u00e9 une lettre circulaire dat\u00e9e du 25 mars 2023, intitul\u00e9e \u00ab Notre voyage missionnaire sur le chemin synodal \u00bb. La lettre refl\u00e8te le cheminement missionnaire de la Congr\u00e9gation sur le chemin synodal et leur cheminement commun dans l&rsquo;\u00c9glise comme peuple de Dieu. La [&hellip;]<\/p>\n","protected":false},"author":69,"featured_media":146240,"comment_status":"closed","ping_status":"closed","sticky":false,"template":"","format":"standard","meta":{"_et_pb_use_builder":"","_et_pb_old_content":"","_et_gb_content_width":"","footnotes":""},"categories":[537,1204],"tags":[],"class_list":["post-146252","post","type-post","status-publish","format-standard","has-post-thumbnail","hentry","category-la-congregation","category-mathew-vattamattam-fr"],"jetpack_featured_media_url":"https:\/\/i0.wp.com\/www.claret.org\/wp-content\/uploads\/2023\/04\/Communication-1.jpg?fit=1890%2C1176&ssl=1","jetpack_sharing_enabled":true,"jetpack_shortlink":"https:\/\/wp.me\/pdaBmi-C2U","jetpack_likes_enabled":true,"_links":{"self":[{"href":"https:\/\/www.claret.org\/fr\/wp-json\/wp\/v2\/posts\/146252","targetHints":{"allow":["GET"]}}],"collection":[{"href":"https:\/\/www.claret.org\/fr\/wp-json\/wp\/v2\/posts"}],"about":[{"href":"https:\/\/www.claret.org\/fr\/wp-json\/wp\/v2\/types\/post"}],"author":[{"embeddable":true,"href":"https:\/\/www.claret.org\/fr\/wp-json\/wp\/v2\/users\/69"}],"replies":[{"embeddable":true,"href":"https:\/\/www.claret.org\/fr\/wp-json\/wp\/v2\/comments?post=146252"}],"version-history":[{"count":0,"href":"https:\/\/www.claret.org\/fr\/wp-json\/wp\/v2\/posts\/146252\/revisions"}],"wp:featuredmedia":[{"embeddable":true,"href":"https:\/\/www.claret.org\/fr\/wp-json\/wp\/v2\/media\/146240"}],"wp:attachment":[{"href":"https:\/\/www.claret.org\/fr\/wp-json\/wp\/v2\/media?parent=146252"}],"wp:term":[{"taxonomy":"category","embeddable":true,"href":"https:\/\/www.claret.org\/fr\/wp-json\/wp\/v2\/categories?post=146252"},{"taxonomy":"post_tag","embeddable":true,"href":"https:\/\/www.claret.org\/fr\/wp-json\/wp\/v2\/tags?post=146252"}],"curies":[{"name":"wp","href":"https:\/\/api.w.org\/{rel}","templated":true}]}}