{"id":15298,"date":"2018-03-05T18:42:10","date_gmt":"2018-03-05T16:42:10","guid":{"rendered":"https:\/\/www.claret.org\/defense-de-these-doctorale-missions-populaires-de-claret\/"},"modified":"2018-03-05T18:42:10","modified_gmt":"2018-03-05T16:42:10","slug":"defense-de-these-doctorale-missions-populaires-de-claret","status":"publish","type":"post","link":"https:\/\/www.claret.org\/fr\/defense-de-these-doctorale-missions-populaires-de-claret\/","title":{"rendered":"D\u00e9fense de Th\u00e8se Doctorale : Missions Populaires de Claret"},"content":{"rendered":"<p><strong><img data-recalc-dims=\"1\" loading=\"lazy\" decoding=\"async\" data-attachment-id=\"15289\" data-permalink=\"https:\/\/www.claret.org\/fr\/defense-de-these-doctorale-missions-populaires-de-claret\/con-director-2\/\" data-orig-file=\"https:\/\/i0.wp.com\/www.claret.org\/wp-content\/uploads\/2018\/03\/con-director.jpg?fit=690%2C1021&amp;ssl=1\" data-orig-size=\"690,1021\" data-comments-opened=\"1\" data-image-meta=\"{&quot;aperture&quot;:&quot;0&quot;,&quot;credit&quot;:&quot;&quot;,&quot;camera&quot;:&quot;&quot;,&quot;caption&quot;:&quot;&quot;,&quot;created_timestamp&quot;:&quot;0&quot;,&quot;copyright&quot;:&quot;&quot;,&quot;focal_length&quot;:&quot;0&quot;,&quot;iso&quot;:&quot;0&quot;,&quot;shutter_speed&quot;:&quot;0&quot;,&quot;title&quot;:&quot;&quot;,&quot;orientation&quot;:&quot;0&quot;}\" data-image-title=\"con-director\" data-image-description=\"\" data-image-caption=\"\" data-large-file=\"https:\/\/i0.wp.com\/www.claret.org\/wp-content\/uploads\/2018\/03\/con-director.jpg?fit=690%2C1021&amp;ssl=1\" class=\"alignleft wp-image-15289\" src=\"https:\/\/i0.wp.com\/www.claret.org\/wp-content\/uploads\/2018\/03\/con-director.jpg?resize=346%2C512&#038;ssl=1\" alt=\"\" width=\"346\" height=\"512\" title=\"\" srcset=\"https:\/\/i0.wp.com\/www.claret.org\/wp-content\/uploads\/2018\/03\/con-director.jpg?w=690&amp;ssl=1 690w, https:\/\/i0.wp.com\/www.claret.org\/wp-content\/uploads\/2018\/03\/con-director.jpg?resize=203%2C300&amp;ssl=1 203w\" sizes=\"(max-width: 346px) 100vw, 346px\" \/><\/strong><\/p>\n<p><strong>Madrid, Espagne. <\/strong>\u00c0 midi du lundi 5 mars, 2018, a eu lieu \u00e0 l\u2019auditorium du Campus <em>Cantoblanco <\/em>de l\u2019Universit\u00e9 Pontificale Comillas, \u00e0 Madrid, la d\u00e9fense dela th\u00e8se doctorale du P. Carlos  Enrique  S\u00e1nchez Miranda, Directeur du CESC. Le tribunal a \u00e9t\u00e9 pr\u00e9sid\u00e9 par le Dr. Pedro Ferm\u00edn \u00c1lvarez L\u00e1zaro, et  voici les membres du dit tribunal : Dre, Mar\u00eda Jes\u00fas Fern\u00e1ndez Cordero, Dr.  Francisco Jos\u00e9 L\u00f3pez S\u00e1ez, le Directeur de la Th\u00e8se et le Dr. Eduard L\u00f3pez Hortelano, celui-ci jouant le r\u00f4le de Secr\u00e9taire.<\/p>\n<p>La th\u00e8se, dirig\u00e9e par le Dr. Alfredo Verdoy Herr\u00e1nz, S.J., sp\u00e9ciliste d\u2019Histoire de l\u2019\u00c9glise contemporaine et professeur \u00e0 Comillas, a pour titre : \u00ab <strong><em>Les missions populaires du P. Claret \u00e0 Catalogne, entre 1840 et 850. Un chemin d\u2019\u00e9vang\u00e9lisation en temps de crise<\/em><\/strong> \u00bb. Le P. Carlos S\u00e1nchez a obtenu la qualification finale de  mention honorable  avec une note de 9.<\/p>\n<p>Nous offrons \u00e0 la suite <a href=\"https:\/\/drive.google.com\/file\/d\/1nvxqXHsdz8yYGTNRwcJFZxCPz7oiV-ly\/view?usp=sharing\" target=\"_blank\" rel=\"noopener nofollow\">le texte<\/a> lu par le P. Carlos S\u00e1nchez pendant la D\u00e9fense<\/p>\n<div class=\"et_pb_slider et_pb_slider_fullwidth_off et_pb_gallery_post_type\">\n\t\t\t\t<div class=\"et_pb_slides\">\n\t\t\t\t\t<div class=\"et_pb_slide\" style=\"background: url(https:\/\/www.claret.org\/wp-content\/uploads\/2018\/03\/carlos_defense_4.jpg);\"><\/div><div class=\"et_pb_slide\" style=\"background: url(https:\/\/www.claret.org\/wp-content\/uploads\/2018\/03\/carlos_defense_3.jpg);\"><\/div><div class=\"et_pb_slide\" style=\"background: url(https:\/\/www.claret.org\/wp-content\/uploads\/2018\/03\/con-asistentes-de-cerca-2.jpg);\"><\/div>\n\t\t\t\t<\/div>\n\t\t\t<\/div>\n","protected":false},"excerpt":{"rendered":"<p>Madrid, Espagne. \u00c0 midi du lundi 5 mars, 2018, a eu lieu \u00e0 l\u2019auditorium du Campus Cantoblanco de l\u2019Universit\u00e9 Pontificale Comillas, \u00e0 Madrid, la d\u00e9fense dela th\u00e8se doctorale du P. Carlos Enrique S\u00e1nchez Miranda, Directeur du CESC. Le tribunal a \u00e9t\u00e9 pr\u00e9sid\u00e9 par le Dr. Pedro Ferm\u00edn \u00c1lvarez L\u00e1zaro, et voici les membres du dit [&hellip;]<\/p>\n","protected":false},"author":1,"featured_media":15276,"comment_status":"closed","ping_status":"closed","sticky":false,"template":"","format":"standard","meta":{"_et_pb_use_builder":"","_et_pb_old_content":"","_et_gb_content_width":"","footnotes":""},"categories":[398,572,615],"tags":[],"class_list":["post-15298","post","type-post","status-publish","format-standard","has-post-thumbnail","hentry","category-cesc-fr","category-fondateurs","category-spiritualite"],"jetpack_featured_media_url":"https:\/\/i0.wp.com\/www.claret.org\/wp-content\/uploads\/2018\/03\/con-el-tribunal-3.jpg?fit=1280%2C766&ssl=1","jetpack_sharing_enabled":true,"jetpack_shortlink":"https:\/\/wp.me\/pdaBmi-3YK","jetpack_likes_enabled":true,"_links":{"self":[{"href":"https:\/\/www.claret.org\/fr\/wp-json\/wp\/v2\/posts\/15298","targetHints":{"allow":["GET"]}}],"collection":[{"href":"https:\/\/www.claret.org\/fr\/wp-json\/wp\/v2\/posts"}],"about":[{"href":"https:\/\/www.claret.org\/fr\/wp-json\/wp\/v2\/types\/post"}],"author":[{"embeddable":true,"href":"https:\/\/www.claret.org\/fr\/wp-json\/wp\/v2\/users\/1"}],"replies":[{"embeddable":true,"href":"https:\/\/www.claret.org\/fr\/wp-json\/wp\/v2\/comments?post=15298"}],"version-history":[{"count":0,"href":"https:\/\/www.claret.org\/fr\/wp-json\/wp\/v2\/posts\/15298\/revisions"}],"wp:featuredmedia":[{"embeddable":true,"href":"https:\/\/www.claret.org\/fr\/wp-json\/wp\/v2\/media\/15276"}],"wp:attachment":[{"href":"https:\/\/www.claret.org\/fr\/wp-json\/wp\/v2\/media?parent=15298"}],"wp:term":[{"taxonomy":"category","embeddable":true,"href":"https:\/\/www.claret.org\/fr\/wp-json\/wp\/v2\/categories?post=15298"},{"taxonomy":"post_tag","embeddable":true,"href":"https:\/\/www.claret.org\/fr\/wp-json\/wp\/v2\/tags?post=15298"}],"curies":[{"name":"wp","href":"https:\/\/api.w.org\/{rel}","templated":true}]}}