{"id":15606,"date":"2018-04-10T09:20:29","date_gmt":"2018-04-10T07:20:29","guid":{"rendered":"https:\/\/www.claret.org\/gaudete-et-exultate-sur-lappel-a-la-saintete-dans-le-monde-daujourdhui\/"},"modified":"2018-04-10T09:20:29","modified_gmt":"2018-04-10T07:20:29","slug":"gaudete-et-exultate-sur-lappel-a-la-saintete-dans-le-monde-daujourdhui","status":"publish","type":"post","link":"https:\/\/www.claret.org\/fr\/gaudete-et-exultate-sur-lappel-a-la-saintete-dans-le-monde-daujourdhui\/","title":{"rendered":"GAUDETE ET EXULTATE : SUR L\u2019APPEL \u00c0 LA SAINTET\u00c9 DANS LE MONDE D\u2019AUJOURD\u2019HUI"},"content":{"rendered":"<p><strong>Cit\u00e9 du Vatican.<\/strong> <em>Gaudete et exsultate<\/em>, \u00ab R\u00e9jouissez-vous et exultez \u00bb en latin, est la troisi\u00e8me exhortation apostolique du Pape Fran\u00e7ois, sign\u00e9e le 19 mars, 2018, f\u00eate de Saint Joseph et rendue publique le 9 avril. L\u2019exhortation est sous-titr\u00e9e \u00ab Sur l\u2019appel \u00e0 la saintet\u00e9 dans le monde d\u2019aujourd\u2019hui \u00bb<\/p>\n<p>Le titre a son origine au sermon des b\u00e9atitudes du chapitre 5 de l\u2019\u00c9vangile selon Saint Mathieu. Voici les liens au texte dans les diff\u00e9rentes langues :<\/p>\n<p><strong>ANGLAIS:<\/strong> <a href=\"http:\/\/w2.vatican.va\/content\/francesco\/en\/apost_exhortations\/documents\/papa-francesco_esortazione-ap_20180319_gaudete-et-exsultate.html\" target=\"_blank\" rel=\"noopener nofollow\">http:\/\/w2.vatican.va\/content\/francesco\/en\/apost_exhortations\/documents\/papa-francesco_esortazione-ap_20180319_gaudete-et-exsultate.html<\/a><br \/>\n<strong>ESPAGNOL:<\/strong> <a href=\"http:\/\/w2.vatican.va\/content\/francesco\/es\/apost_exhortations\/documents\/papa-francesco_esortazione-ap_20180319_gaudete-et-exsultate.html\" target=\"_blank\" rel=\"noopener nofollow\">http:\/\/w2.vatican.va\/content\/francesco\/es\/apost_exhortations\/documents\/papa-francesco_esortazione-ap_20180319_gaudete-et-exsultate.html<\/a><br \/>\n<strong>FRAN\u00c7AIS<\/strong>: <a href=\"http:\/\/w2.vatican.va\/content\/francesco\/fr\/apost_exhortations\/documents\/papa-francesco_esortazione-ap_20180319_gaudete-et-exsultate.html\" target=\"_blank\" rel=\"noopener nofollow\">http:\/\/w2.vatican.va\/content\/francesco\/fr\/apost_exhortations\/documents\/papa-francesco_esortazione-ap_20180319_gaudete-et-exsultate.html<\/a><br \/>\n<strong>ITALIEN<\/strong>: <a href=\"http:\/\/w2.vatican.va\/content\/francesco\/it\/apost_exhortations\/documents\/papa-francesco_esortazione-ap_20180319_gaudete-et-exsultate.html\" target=\"_blank\" rel=\"noopener nofollow\">http:\/\/w2.vatican.va\/content\/francesco\/it\/apost_exhortations\/documents\/papa-francesco_esortazione-ap_20180319_gaudete-et-exsultate.html<\/a><br \/>\n<strong>PORTUGAIS<\/strong>: <a href=\"http:\/\/w2.vatican.va\/content\/francesco\/pt\/apost_exhortations\/documents\/papa-francesco_esortazione-ap_20180319_gaudete-et-exsultate.html\" target=\"_blank\" rel=\"noopener nofollow\">http:\/\/w2.vatican.va\/content\/francesco\/pt\/apost_exhortations\/documents\/papa-francesco_esortazione-ap_20180319_gaudete-et-exsultate.html<\/a><\/p>\n<p>\u00c9galement tu peux descendre l\u2019archive PDF et Word ici :<\/p>\n<p><\/p>\n","protected":false},"excerpt":{"rendered":"<p>Cit\u00e9 du Vatican. Gaudete et exsultate, \u00ab R\u00e9jouissez-vous et exultez \u00bb en latin, est la troisi\u00e8me exhortation apostolique du Pape Fran\u00e7ois, sign\u00e9e le 19 mars, 2018, f\u00eate de Saint Joseph et rendue publique le 9 avril. L\u2019exhortation est sous-titr\u00e9e \u00ab Sur l\u2019appel \u00e0 la saintet\u00e9 dans le monde d\u2019aujourd\u2019hui \u00bb Le titre a son origine [&hellip;]<\/p>\n","protected":false},"author":2,"featured_media":15349,"comment_status":"closed","ping_status":"closed","sticky":false,"template":"","format":"standard","meta":{"_et_pb_use_builder":"","_et_pb_old_content":"","_et_gb_content_width":"","footnotes":""},"categories":[502],"tags":[],"class_list":["post-15606","post","type-post","status-publish","format-standard","has-post-thumbnail","hentry","category-nouvelles-ecclesiastiques"],"jetpack_featured_media_url":"https:\/\/i0.wp.com\/www.claret.org\/wp-content\/uploads\/2018\/04\/Gaudete-et-Exsultate-Pope-Francis.jpg?fit=1275%2C725&ssl=1","jetpack_sharing_enabled":true,"jetpack_shortlink":"https:\/\/wp.me\/pdaBmi-43I","jetpack_likes_enabled":true,"_links":{"self":[{"href":"https:\/\/www.claret.org\/fr\/wp-json\/wp\/v2\/posts\/15606","targetHints":{"allow":["GET"]}}],"collection":[{"href":"https:\/\/www.claret.org\/fr\/wp-json\/wp\/v2\/posts"}],"about":[{"href":"https:\/\/www.claret.org\/fr\/wp-json\/wp\/v2\/types\/post"}],"author":[{"embeddable":true,"href":"https:\/\/www.claret.org\/fr\/wp-json\/wp\/v2\/users\/2"}],"replies":[{"embeddable":true,"href":"https:\/\/www.claret.org\/fr\/wp-json\/wp\/v2\/comments?post=15606"}],"version-history":[{"count":0,"href":"https:\/\/www.claret.org\/fr\/wp-json\/wp\/v2\/posts\/15606\/revisions"}],"wp:featuredmedia":[{"embeddable":true,"href":"https:\/\/www.claret.org\/fr\/wp-json\/wp\/v2\/media\/15349"}],"wp:attachment":[{"href":"https:\/\/www.claret.org\/fr\/wp-json\/wp\/v2\/media?parent=15606"}],"wp:term":[{"taxonomy":"category","embeddable":true,"href":"https:\/\/www.claret.org\/fr\/wp-json\/wp\/v2\/categories?post=15606"},{"taxonomy":"post_tag","embeddable":true,"href":"https:\/\/www.claret.org\/fr\/wp-json\/wp\/v2\/tags?post=15606"}],"curies":[{"name":"wp","href":"https:\/\/api.w.org\/{rel}","templated":true}]}}