{"id":15607,"date":"2018-02-01T20:47:16","date_gmt":"2018-02-01T18:47:16","guid":{"rendered":"https:\/\/www.claret.org\/celebrations-a-claret-nivas-de-sri-lanka\/"},"modified":"2018-02-01T20:47:16","modified_gmt":"2018-02-01T18:47:16","slug":"celebrations-a-claret-nivas-de-sri-lanka","status":"publish","type":"post","link":"https:\/\/www.claret.org\/fr\/celebrations-a-claret-nivas-de-sri-lanka\/","title":{"rendered":"C\u00e9l\u00e9brations \u00e0 Claret Nivas de Sri Lanka"},"content":{"rendered":"<p><strong>Kandy, Sri Lanka. <\/strong> Pendant trois  jours cons\u00e9cutifs, en honneur  \u00e0 la M\u00e9moire de nos Martyrs Clar\u00e9tains, la communaut\u00e9 Claret Nivas \u00e0 Kandy,  d\u00e9dia un Triduum comportant des r\u00e9flexions sur la fid\u00e9lit\u00e9 joyeuse et courageuse des Martyrs  \u00e0 leur vocation jusqu\u2019\u00e0 la fin. La c\u00e9l\u00e9bration a culmin\u00e9 avec une solennelle  c\u00e9l\u00e9bration de la Sainte Eucharistie, le 1<sup>er<\/sup> f\u00e9vrier, pr\u00e9sid\u00e9e par le P. Rex Constantine,  D\u00e9l\u00e9gu\u00e9 Sup\u00e9rieur de Sri Lanka.<\/p>\n<p>Int\u00e9gr\u00e9e \u00e0 la c\u00e9l\u00e9bration il  a eu lieu l\u2019acceptation au Petit  S\u00e9minaire de trois aspirants, ainsi que la concession de l\u2019Ordre d\u2019Acolytat  \u00e0 trois \u00c9tudiants de 2<sup>\u00e8me<\/sup> ann\u00e9e et l\u2019Ordre  du Lectorat  \u00e0 sept \u00c9tudiants de 1<sup>\u00e8re<\/sup> ann\u00e9e, se pr\u00e9parant pour les Ordres.<\/p>\n<p>Claret Nivas est une communaut\u00e9 de missionnaires en formation comptant 14  \u00c9tudiants de th\u00e9ologie, prof\u00e8s et trois \u00c9tudiants de philosophie non-prof\u00e8s. Quatre autres \u00c9tudiants  de cette communaut\u00e9 sont en train de vivre leur ann\u00e9e pastorale \u00e0 l\u2019ext\u00e9rieur de celle-ci et pr\u00e9sentement  ils vivent une exp\u00e9rience laborale dans une usine textile.<\/p>\n<p>&nbsp;<\/p>\n<div class=\"et_pb_slider et_pb_slider_fullwidth_off et_pb_gallery_post_type\">\n\t\t\t\t<div class=\"et_pb_slides\">\n\t\t\t\t\t<div class=\"et_pb_slide\" style=\"background: url(https:\/\/www.claret.org\/wp-content\/uploads\/2018\/04\/20180201_195746.jpg);\"><\/div><div class=\"et_pb_slide\" style=\"background: url(https:\/\/www.claret.org\/wp-content\/uploads\/2018\/04\/20180201_202636.jpg);\"><\/div><div class=\"et_pb_slide\" style=\"background: url(https:\/\/www.claret.org\/wp-content\/uploads\/2018\/04\/20180201_203848.jpg);\"><\/div><div class=\"et_pb_slide\" style=\"background: url(https:\/\/www.claret.org\/wp-content\/uploads\/2018\/04\/20180201_204016.jpg);\"><\/div><div class=\"et_pb_slide\" style=\"background: url(https:\/\/www.claret.org\/wp-content\/uploads\/2018\/04\/20180201_204054.jpg);\"><\/div>\n\t\t\t\t<\/div>\n\t\t\t<\/div>\n","protected":false},"excerpt":{"rendered":"<p>Kandy, Sri Lanka. Pendant trois jours cons\u00e9cutifs, en honneur \u00e0 la M\u00e9moire de nos Martyrs Clar\u00e9tains, la communaut\u00e9 Claret Nivas \u00e0 Kandy, d\u00e9dia un Triduum comportant des r\u00e9flexions sur la fid\u00e9lit\u00e9 joyeuse et courageuse des Martyrs \u00e0 leur vocation jusqu\u2019\u00e0 la fin. La c\u00e9l\u00e9bration a culmin\u00e9 avec une solennelle c\u00e9l\u00e9bration de la Sainte Eucharistie, le [&hellip;]<\/p>\n","protected":false},"author":2,"featured_media":15574,"comment_status":"closed","ping_status":"closed","sticky":false,"template":"","format":"standard","meta":{"_et_pb_use_builder":"","_et_pb_old_content":"","_et_gb_content_width":"","footnotes":""},"categories":[263,217,1160,242],"tags":[],"class_list":["post-15607","post","type-post","status-publish","format-standard","has-post-thumbnail","hentry","category-109-cmf-fr","category-ascla-west-fr","category-postulat","category-st-joseph-vaz-fr"],"jetpack_featured_media_url":"https:\/\/i0.wp.com\/www.claret.org\/wp-content\/uploads\/2018\/04\/20180201_203741.jpg?fit=1280%2C720&ssl=1","jetpack_sharing_enabled":true,"jetpack_shortlink":"https:\/\/wp.me\/pdaBmi-43J","jetpack_likes_enabled":true,"_links":{"self":[{"href":"https:\/\/www.claret.org\/fr\/wp-json\/wp\/v2\/posts\/15607","targetHints":{"allow":["GET"]}}],"collection":[{"href":"https:\/\/www.claret.org\/fr\/wp-json\/wp\/v2\/posts"}],"about":[{"href":"https:\/\/www.claret.org\/fr\/wp-json\/wp\/v2\/types\/post"}],"author":[{"embeddable":true,"href":"https:\/\/www.claret.org\/fr\/wp-json\/wp\/v2\/users\/2"}],"replies":[{"embeddable":true,"href":"https:\/\/www.claret.org\/fr\/wp-json\/wp\/v2\/comments?post=15607"}],"version-history":[{"count":0,"href":"https:\/\/www.claret.org\/fr\/wp-json\/wp\/v2\/posts\/15607\/revisions"}],"wp:featuredmedia":[{"embeddable":true,"href":"https:\/\/www.claret.org\/fr\/wp-json\/wp\/v2\/media\/15574"}],"wp:attachment":[{"href":"https:\/\/www.claret.org\/fr\/wp-json\/wp\/v2\/media?parent=15607"}],"wp:term":[{"taxonomy":"category","embeddable":true,"href":"https:\/\/www.claret.org\/fr\/wp-json\/wp\/v2\/categories?post=15607"},{"taxonomy":"post_tag","embeddable":true,"href":"https:\/\/www.claret.org\/fr\/wp-json\/wp\/v2\/tags?post=15607"}],"curies":[{"name":"wp","href":"https:\/\/api.w.org\/{rel}","templated":true}]}}