{"id":156385,"date":"2023-09-26T12:00:00","date_gmt":"2023-09-26T10:00:00","guid":{"rendered":"https:\/\/www.claret.org\/lassemblee-biblique-de-lascla-se-termine-en-indonesie-avec-un-accent-sur-lanimation-biblique\/"},"modified":"2023-09-29T15:59:30","modified_gmt":"2023-09-29T13:59:30","slug":"lassemblee-biblique-de-lascla-se-termine-en-indonesie-avec-un-accent-sur-lanimation-biblique","status":"publish","type":"post","link":"https:\/\/www.claret.org\/fr\/lassemblee-biblique-de-lascla-se-termine-en-indonesie-avec-un-accent-sur-lanimation-biblique\/","title":{"rendered":"L&rsquo;Assembl\u00e9e biblique de l&rsquo;ASCLA se termine en Indon\u00e9sie avec un accent sur l&rsquo;animation biblique."},"content":{"rendered":"\n<p class=\"has-drop-cap\"><p><strong>Bandung, Indon\u00e9sie<\/strong>. Le 23 septembre 2023, les Claretains, responsables des minist\u00e8res bibliques respectifs des organismes majeurs de l&rsquo;ASCLA Est et Ouest, ont termin\u00e9 leur Assembl\u00e9e biblique au Centre pastoral dioc\u00e9sain de Bandung, en Indon\u00e9sie. Le rassemblement \u00e9tait centr\u00e9 sur la foi et visait \u00e0 diffuser la Parole de Dieu. L&rsquo;assembl\u00e9e, qui avait pour th\u00e8me \u00ab Enracin\u00e9 dans le Christ et audacieux dans la Parole en Asie \u00bb, a r\u00e9uni vingt-six participants des deux Conf\u00e9rences. Tout au long de l&rsquo;\u00e9v\u00e9nement, les participants ont \u00e9t\u00e9 inspir\u00e9s et encourag\u00e9s dans une atmosph\u00e8re solidaire.<\/p><\/p>\n\n<p>L&rsquo;objectif principal de cette assembl\u00e9e de cinq jours \u00e9tait de mettre l&rsquo;accent sur l&rsquo;animation biblique de tous les minist\u00e8res pastoraux. Les participants ont reconnu l&rsquo;urgence de doter les missionnaires en Asie de m\u00e9thodes d&rsquo;\u00e9tude, d&rsquo;outils et de ressources efficaces pour une interpr\u00e9tation et une application pr\u00e9cise de l&rsquo;\u00c9criture par le biais d&rsquo;une formation continue. <\/p>\n\n<p><p><strong>Renforcer les fondements du minist\u00e8re biblique<\/strong><\/p><\/p>\n\n<p>Dans le contexte des conf\u00e9rences asiatiques, le minist\u00e8re paroissial a \u00e9t\u00e9 soulign\u00e9 comme une plate-forme solide. Pour diffuser la Parole par divers moyens tels que les c\u00e9l\u00e9brations liturgiques, la cat\u00e9ch\u00e8se, la pr\u00e9dication de retraites et les programmes d&rsquo;\u00e9tudes bibliques. M\u00eame si les m\u00e9thodes de pr\u00e9dication traditionnelles restent importantes, l&rsquo;Assembl\u00e9e a soulign\u00e9 l&rsquo;importance d&rsquo;adopter des moyens cr\u00e9atifs pour communiquer la Parole de Dieu aux personnes de tous \u00e2ges. <\/p>\n\n<p><\/p>\n\n<p><\/p>\n\n<figure class=\"wp-block-gallery has-nested-images columns-default is-cropped wp-block-gallery-1 is-layout-flex wp-block-gallery-is-layout-flex\">\n<figure class=\"wp-block-image size-large\"><img data-recalc-dims=\"1\" loading=\"lazy\" decoding=\"async\" width=\"1024\" height=\"768\" data-id=\"156249\" src=\"https:\/\/i0.wp.com\/www.claret.org\/wp-content\/uploads\/2023\/09\/IMG-20230926-WA0009.jpg?resize=1024%2C768&#038;ssl=1\" alt=\"\" class=\"wp-image-156249\" title=\"\" srcset=\"https:\/\/www.claret.org\/wp-content\/uploads\/2023\/09\/IMG-20230926-WA0009.jpg 1024w, https:\/\/www.claret.org\/wp-content\/uploads\/2023\/09\/IMG-20230926-WA0009-980x735.jpg 980w, https:\/\/www.claret.org\/wp-content\/uploads\/2023\/09\/IMG-20230926-WA0009-480x360.jpg 480w\" sizes=\"(min-width: 0px) and (max-width: 480px) 480px, (min-width: 481px) and (max-width: 980px) 980px, (min-width: 981px) 1024px, 100vw\" \/><\/figure>\n\n\n\n<figure class=\"wp-block-image size-large\"><img data-recalc-dims=\"1\" loading=\"lazy\" decoding=\"async\" width=\"1024\" height=\"768\" data-id=\"156243\" src=\"https:\/\/i0.wp.com\/www.claret.org\/wp-content\/uploads\/2023\/09\/WhatsApp-Image-2023-09-24-at-15.47.21.jpg?resize=1024%2C768&#038;ssl=1\" alt=\"\" class=\"wp-image-156243\" title=\"\" srcset=\"https:\/\/www.claret.org\/wp-content\/uploads\/2023\/09\/WhatsApp-Image-2023-09-24-at-15.47.21.jpg 1024w, https:\/\/www.claret.org\/wp-content\/uploads\/2023\/09\/WhatsApp-Image-2023-09-24-at-15.47.21-980x735.jpg 980w, https:\/\/www.claret.org\/wp-content\/uploads\/2023\/09\/WhatsApp-Image-2023-09-24-at-15.47.21-480x360.jpg 480w\" sizes=\"(min-width: 0px) and (max-width: 480px) 480px, (min-width: 481px) and (max-width: 980px) 980px, (min-width: 981px) 1024px, 100vw\" \/><\/figure>\n\n\n\n<figure class=\"wp-block-image size-large\"><img data-recalc-dims=\"1\" loading=\"lazy\" decoding=\"async\" width=\"1024\" height=\"576\" data-id=\"156255\" src=\"https:\/\/i0.wp.com\/www.claret.org\/wp-content\/uploads\/2023\/09\/IMG-20230926-WA0002.jpg?resize=1024%2C576&#038;ssl=1\" alt=\"\" class=\"wp-image-156255\" title=\"\" srcset=\"https:\/\/www.claret.org\/wp-content\/uploads\/2023\/09\/IMG-20230926-WA0002.jpg 1024w, https:\/\/www.claret.org\/wp-content\/uploads\/2023\/09\/IMG-20230926-WA0002-980x551.jpg 980w, https:\/\/www.claret.org\/wp-content\/uploads\/2023\/09\/IMG-20230926-WA0002-480x270.jpg 480w\" sizes=\"(min-width: 0px) and (max-width: 480px) 480px, (min-width: 481px) and (max-width: 980px) 980px, (min-width: 981px) 1024px, 100vw\" \/><\/figure>\n<\/figure>\n\n<p><\/p>\n\n<p><\/p>\n\n<p><p><strong>Du Leadership dans le minist\u00e8re biblique. <\/strong><\/p><\/p>\n\n<p>La Conf\u00e9rence ASCLA a form\u00e9 une \u00e9quipe d&rsquo;animation biblique sp\u00e9cialis\u00e9e pour g\u00e9rer et superviser diff\u00e9rents aspects du minist\u00e8re biblique. L&rsquo;\u00e9quipe sera dirig\u00e9e par le P. Jose Cherukara, CMF (Asie de l&rsquo;Est) avec les membres Fr. Johnson Thurackal, CMF (Inde du Nord-Est), le P. Valens Agino, CMF (Indon\u00e9sie-Timor Leste), le P. Ronald Sujeevan, CMF (St. Joseph Vaz), et le P. Martin Vithayathil, CMF (St. Thomas). <\/p>\n\n<p>En outre, les P\u00e8res Clar\u00e9tains Martin Mankunnath de Bangalore, Alejandro Gordin du P\u00e8re. Rhoel Gallardo, Gabriel Kim de Cor\u00e9e, Augustus Kujur de Calcutta et Michael Francis de Chennai aideront \u00e0 la gestion des projets de minist\u00e8re biblique dans leurs principaux organismes. Ils encourageront le travail d&rsquo;\u00e9quipe, ainsi que l&rsquo;\u00e9change de connaissances et de ressources. <\/p>\n\n<p><p><strong>D\u00e9fis et opportunit\u00e9s <\/strong><\/p><\/p>\n\n<p>L\u2019assembl\u00e9e a reconnu des d\u00e9fis dans le domaine de l&rsquo;apostolat biblique, notamment un manque de comp\u00e9tence et une pr\u00e9paration inad\u00e9quate parmi les missionnaires et les collaborateurs, ainsi qu&rsquo;une p\u00e9nurie de collaborateurs la\u00efcs. Aborder ces questions sera essentiel pour am\u00e9liorer l\u2019efficacit\u00e9 du minist\u00e8re biblique.<\/p>\n\n<p><\/p>\n\n<p><\/p>\n\n<figure class=\"wp-block-gallery has-nested-images columns-default is-cropped wp-block-gallery-2 is-layout-flex wp-block-gallery-is-layout-flex\">\n<figure class=\"wp-block-image size-large\"><img data-recalc-dims=\"1\" loading=\"lazy\" decoding=\"async\" width=\"1024\" height=\"576\" data-id=\"156261\" src=\"https:\/\/i0.wp.com\/www.claret.org\/wp-content\/uploads\/2023\/09\/IMG-20230926-WA0010.jpg?resize=1024%2C576&#038;ssl=1\" alt=\"\" class=\"wp-image-156261\" title=\"\" srcset=\"https:\/\/www.claret.org\/wp-content\/uploads\/2023\/09\/IMG-20230926-WA0010.jpg 1024w, https:\/\/www.claret.org\/wp-content\/uploads\/2023\/09\/IMG-20230926-WA0010-980x551.jpg 980w, https:\/\/www.claret.org\/wp-content\/uploads\/2023\/09\/IMG-20230926-WA0010-480x270.jpg 480w\" sizes=\"(min-width: 0px) and (max-width: 480px) 480px, (min-width: 481px) and (max-width: 980px) 980px, (min-width: 981px) 1024px, 100vw\" \/><\/figure>\n\n\n\n<figure class=\"wp-block-image size-full\"><img data-recalc-dims=\"1\" loading=\"lazy\" decoding=\"async\" width=\"1024\" height=\"768\" data-id=\"156303\" src=\"https:\/\/i0.wp.com\/www.claret.org\/wp-content\/uploads\/2023\/09\/IMG-20230926-WA0004.jpg?resize=1024%2C768&#038;ssl=1\" alt=\"\" class=\"wp-image-156303\" title=\"\" srcset=\"https:\/\/www.claret.org\/wp-content\/uploads\/2023\/09\/IMG-20230926-WA0004.jpg 1024w, https:\/\/www.claret.org\/wp-content\/uploads\/2023\/09\/IMG-20230926-WA0004-980x735.jpg 980w, https:\/\/www.claret.org\/wp-content\/uploads\/2023\/09\/IMG-20230926-WA0004-480x360.jpg 480w\" sizes=\"(min-width: 0px) and (max-width: 480px) 480px, (min-width: 481px) and (max-width: 980px) 980px, (min-width: 981px) 1024px, 100vw\" \/><\/figure>\n\n\n\n<figure class=\"wp-block-image size-full\"><img data-recalc-dims=\"1\" loading=\"lazy\" decoding=\"async\" width=\"1024\" height=\"768\" data-id=\"156316\" src=\"https:\/\/i0.wp.com\/www.claret.org\/wp-content\/uploads\/2023\/09\/IMG-20230926-WA0005.jpg?resize=1024%2C768&#038;ssl=1\" alt=\"\" class=\"wp-image-156316\" title=\"\" srcset=\"https:\/\/www.claret.org\/wp-content\/uploads\/2023\/09\/IMG-20230926-WA0005.jpg 1024w, https:\/\/www.claret.org\/wp-content\/uploads\/2023\/09\/IMG-20230926-WA0005-980x735.jpg 980w, https:\/\/www.claret.org\/wp-content\/uploads\/2023\/09\/IMG-20230926-WA0005-480x360.jpg 480w\" sizes=\"(min-width: 0px) and (max-width: 480px) 480px, (min-width: 481px) and (max-width: 980px) 980px, (min-width: 981px) 1024px, 100vw\" \/><\/figure>\n<\/figure>\n\n<p><\/p>\n\n<p><\/p>\n\n<p><p><strong>Adopter les outils et plateformes num\u00e9riques<\/strong><\/p><\/p>\n\n<p>Reconnaissant le potentiel des initiatives cyber-missionnaires, l&rsquo;Assembl\u00e9e a soulign\u00e9 la n\u00e9cessit\u00e9 de ma\u00eetriser les outils et plateformes num\u00e9riques pour communiquer et impliquer efficacement des personnes d&rsquo;horizons divers \u00e0 l&rsquo;\u00e8re de l&rsquo;intelligence artificielle. L&rsquo;\u00e9quipe des m\u00e9dias et de la communication de la conf\u00e9rence dirigera des initiatives visant \u00e0 am\u00e9liorer les connaissances bibliques des missionnaires et \u00e0 lancer le minist\u00e8re biblique sur toutes les plateformes num\u00e9riques. En outre, les principaux organismes sont encourag\u00e9s \u00e0 investir dans la recherche et le d\u00e9veloppement (R&amp;D) pour d\u00e9velopper des outils num\u00e9riques innovants qui facilitent l&rsquo;\u00e9tude, l&rsquo;interpr\u00e9tation et la compr\u00e9hension de la Bible.<\/p>\n\n<p><p><strong>Dialogue interreligieux<\/strong><\/p><\/p>\n\n<p>L&rsquo;assembl\u00e9e a soulign\u00e9 l&rsquo;importance de promouvoir la compr\u00e9hension mutuelle, le respect et la coexistence pacifique. Dans un monde caract\u00e9ris\u00e9 par le pluralisme religieux. Il appelle \u00e0 un engagement en faveur d&rsquo;un dialogue interreligieux r\u00e9gulier afin de faciliter des \u00e9changes significatifs entre les diff\u00e9rentes religions. Les efforts visant \u00e0 \u00e9duquer et \u00e0 apprendre les uns des autres traditions et pratiques religieuses ont \u00e9t\u00e9 cruciaux pour une coexistence harmonieuse entre les diff\u00e9rentes communaut\u00e9s religieuses. <\/p>\n\n<p>Les participants ont quitt\u00e9 l&rsquo;Assembl\u00e9e avec un engagement renouvel\u00e9 envers la Parole de Dieu et avec la mission de parler d&rsquo;une mani\u00e8re inclusive qui respecte toutes les religions comme ils continuent de diffuser le message du Christ en Asie et au-del\u00e0.<\/p>\n\n<p>Source : P. Jose Cherukara, CMF, responsable de la communication, d\u00e9l\u00e9gation Asie de l&rsquo;Est. <\/p>\n\n<p><\/p>\n\n<p><\/p>\n\n<figure class=\"wp-block-gallery has-nested-images columns-default is-cropped wp-block-gallery-3 is-layout-flex wp-block-gallery-is-layout-flex\">\n<figure class=\"wp-block-image size-large\"><img data-recalc-dims=\"1\" loading=\"lazy\" decoding=\"async\" width=\"1024\" height=\"768\" data-id=\"156279\" src=\"https:\/\/i0.wp.com\/www.claret.org\/wp-content\/uploads\/2023\/09\/IMG-20230926-WA0006.jpg?resize=1024%2C768&#038;ssl=1\" alt=\"\" class=\"wp-image-156279\" title=\"\" srcset=\"https:\/\/www.claret.org\/wp-content\/uploads\/2023\/09\/IMG-20230926-WA0006.jpg 1024w, https:\/\/www.claret.org\/wp-content\/uploads\/2023\/09\/IMG-20230926-WA0006-980x735.jpg 980w, https:\/\/www.claret.org\/wp-content\/uploads\/2023\/09\/IMG-20230926-WA0006-480x360.jpg 480w\" sizes=\"(min-width: 0px) and (max-width: 480px) 480px, (min-width: 481px) and (max-width: 980px) 980px, (min-width: 981px) 1024px, 100vw\" \/><\/figure>\n\n\n\n<figure class=\"wp-block-image size-large\"><img data-recalc-dims=\"1\" loading=\"lazy\" decoding=\"async\" width=\"1024\" height=\"462\" data-id=\"156285\" src=\"https:\/\/i0.wp.com\/www.claret.org\/wp-content\/uploads\/2023\/09\/IMG-20230926-WA0008.jpg?resize=1024%2C462&#038;ssl=1\" alt=\"\" class=\"wp-image-156285\" title=\"\" srcset=\"https:\/\/www.claret.org\/wp-content\/uploads\/2023\/09\/IMG-20230926-WA0008.jpg 1024w, https:\/\/www.claret.org\/wp-content\/uploads\/2023\/09\/IMG-20230926-WA0008-980x442.jpg 980w, https:\/\/www.claret.org\/wp-content\/uploads\/2023\/09\/IMG-20230926-WA0008-480x217.jpg 480w\" sizes=\"(min-width: 0px) and (max-width: 480px) 480px, (min-width: 481px) and (max-width: 980px) 980px, (min-width: 981px) 1024px, 100vw\" \/><\/figure>\n\n\n\n<figure class=\"wp-block-image size-large\"><img data-recalc-dims=\"1\" loading=\"lazy\" decoding=\"async\" width=\"1024\" height=\"462\" data-id=\"156297\" src=\"https:\/\/i0.wp.com\/www.claret.org\/wp-content\/uploads\/2023\/09\/IMG-20230922-WA0026-1.jpg?resize=1024%2C462&#038;ssl=1\" alt=\"\" class=\"wp-image-156297\" title=\"\" srcset=\"https:\/\/www.claret.org\/wp-content\/uploads\/2023\/09\/IMG-20230922-WA0026-1-980x443.jpg 980w, https:\/\/www.claret.org\/wp-content\/uploads\/2023\/09\/IMG-20230922-WA0026-1-480x217.jpg 480w\" sizes=\"(min-width: 0px) and (max-width: 480px) 480px, (min-width: 481px) and (max-width: 980px) 980px, (min-width: 981px) 1024px, 100vw\" \/><\/figure>\n<\/figure>\n","protected":false},"excerpt":{"rendered":"<p>Bandung, Indon\u00e9sie. Le 23 septembre 2023, les Claretains, responsables des minist\u00e8res bibliques respectifs des organismes majeurs de l&rsquo;ASCLA Est et Ouest, ont termin\u00e9 leur Assembl\u00e9e biblique au Centre pastoral dioc\u00e9sain de Bandung, en Indon\u00e9sie. Le rassemblement \u00e9tait centr\u00e9 sur la foi et visait \u00e0 diffuser la Parole de Dieu. L&rsquo;assembl\u00e9e, qui avait pour th\u00e8me \u00ab [&hellip;]<\/p>\n","protected":false},"author":69,"featured_media":156310,"comment_status":"closed","ping_status":"closed","sticky":false,"template":"","format":"standard","meta":{"_et_pb_use_builder":"","_et_pb_old_content":"","_et_gb_content_width":"","footnotes":""},"categories":[192,217,416],"tags":[],"class_list":["post-156385","post","type-post","status-publish","format-standard","has-post-thumbnail","hentry","category-ascla-east-fr","category-ascla-west-fr","category-pastorale-biblique"],"jetpack_featured_media_url":"https:\/\/i0.wp.com\/www.claret.org\/wp-content\/uploads\/2023\/09\/IMG-20230926-WA0003-1.jpg?fit=1024%2C472&ssl=1","jetpack_sharing_enabled":true,"jetpack_shortlink":"https:\/\/wp.me\/pdaBmi-EGl","jetpack_likes_enabled":true,"_links":{"self":[{"href":"https:\/\/www.claret.org\/fr\/wp-json\/wp\/v2\/posts\/156385","targetHints":{"allow":["GET"]}}],"collection":[{"href":"https:\/\/www.claret.org\/fr\/wp-json\/wp\/v2\/posts"}],"about":[{"href":"https:\/\/www.claret.org\/fr\/wp-json\/wp\/v2\/types\/post"}],"author":[{"embeddable":true,"href":"https:\/\/www.claret.org\/fr\/wp-json\/wp\/v2\/users\/69"}],"replies":[{"embeddable":true,"href":"https:\/\/www.claret.org\/fr\/wp-json\/wp\/v2\/comments?post=156385"}],"version-history":[{"count":0,"href":"https:\/\/www.claret.org\/fr\/wp-json\/wp\/v2\/posts\/156385\/revisions"}],"wp:featuredmedia":[{"embeddable":true,"href":"https:\/\/www.claret.org\/fr\/wp-json\/wp\/v2\/media\/156310"}],"wp:attachment":[{"href":"https:\/\/www.claret.org\/fr\/wp-json\/wp\/v2\/media?parent=156385"}],"wp:term":[{"taxonomy":"category","embeddable":true,"href":"https:\/\/www.claret.org\/fr\/wp-json\/wp\/v2\/categories?post=156385"},{"taxonomy":"post_tag","embeddable":true,"href":"https:\/\/www.claret.org\/fr\/wp-json\/wp\/v2\/tags?post=156385"}],"curies":[{"name":"wp","href":"https:\/\/api.w.org\/{rel}","templated":true}]}}