{"id":159869,"date":"2023-11-27T15:41:22","date_gmt":"2023-11-27T14:41:22","guid":{"rendered":"https:\/\/www.claret.org\/renouveler-lesperance-le-quinquennat-a-fatima-et-lavenir-de-levangelisation-en-europe\/"},"modified":"2023-11-29T08:07:50","modified_gmt":"2023-11-29T07:07:50","slug":"renouveler-lesperance-le-quinquennat-a-fatima-et-lavenir-de-levangelisation-en-europe","status":"publish","type":"post","link":"https:\/\/www.claret.org\/fr\/renouveler-lesperance-le-quinquennat-a-fatima-et-lavenir-de-levangelisation-en-europe\/","title":{"rendered":"Renouveler l\u2019esp\u00e9rance : le quinquennat \u00e0 F\u00e1tima et l\u2019avenir de l\u2019\u00e9vang\u00e9lisation en Europe"},"content":{"rendered":"\n<p class=\"has-drop-cap\"><strong>Fatima, Portugal.<\/strong> Du 17 au 19 novembre 2023 a eu lieu le Quinquennat des Clar\u00e9tains en Europe \u00e0 la <em>Casa de Acolhimento e Espiritualidade<\/em> de F\u00e1tima. Cette rencontre, coordonn\u00e9e par le P. Antonio Obikonu, CMF, Pr\u00e9fet de Formation de la Province de Santiago, a r\u00e9uni trente-six clar\u00e9tains de toute l&rsquo;Europe, dont l&rsquo;invit\u00e9, le P. Pedro Belderrain, CMF, Pr\u00e9fet G\u00e9n\u00e9ral d&rsquo;Apostolat, et le P\u00e8re Carlos Candeias, CMF, Sup\u00e9rieur Provincial de F\u00e1tima.&#13;\n<\/p>\n\n<p>Sous le th\u00e8me \u00ab Les d\u00e9fis de l&rsquo;\u00e9vang\u00e9lisation en Europe aujourd&rsquo;hui \u00bb, cet \u00e9v\u00e9nement a repr\u00e9sent\u00e9 un temps de r\u00e9flexion profonde et de renouveau d&rsquo;esp\u00e9rance dans la mission \u00e9vang\u00e9lisatrice de la Congr\u00e9gation sur le vieux continent. La rencontre a commenc\u00e9 par des moments de pri\u00e8re et de fraternit\u00e9, suivis de la pr\u00e9sentation centrale du P. Antonio S\u00e1nchez Orantos, CMF. Son expos\u00e9, intitul\u00e9 \u00ab <em>Les d\u00e9fis de l&rsquo;\u00e9vang\u00e9lisation dans le monde d&rsquo;aujourd&rsquo;hui<\/em> \u00bb, a fourni une vision claire des d\u00e9fis actuels auxquels l&rsquo;\u00c9glise est confront\u00e9e, soulignant que nous sommes \u00e0 une \u00e9poque de changement d&rsquo;\u00e9poque o\u00f9 un discernement urgent et authentique est n\u00e9cessaire. n\u00e9cessaire pour r\u00e9pondre missionnairement aux r\u00e9alit\u00e9s changeantes de la soci\u00e9t\u00e9. Le discours du P\u00e8re S\u00e1nchez \u00e9tait un appel \u00e0 l\u2019authenticit\u00e9, un regard critique sur son propre style de vie.<\/p>\n\n<p>Au cours de la r\u00e9union, des questions cruciales telles que la s\u00e9cularisation, le d\u00e9clin de la participation religieuse et l&rsquo;adaptation des structures eccl\u00e9siastiques aux r\u00e9alit\u00e9s sociales et technologiques actuelles ont \u00e9t\u00e9 abord\u00e9es. Ces discussions ont soulign\u00e9 l\u2019importance de trouver de nouvelles fa\u00e7ons de transmettre la foi, en mettant l\u2019accent sur la r\u00e9silience et l\u2019adaptabilit\u00e9 en p\u00e9riode de changement.<\/p>\n\n<p>Un aspect notable de la rencontre a \u00e9t\u00e9 la participation active des clar\u00e9tains de diverses provinces, y compris des membres de Pologne et d&rsquo;Allemagne, qui ont contribu\u00e9 aux s\u00e9ances de pri\u00e8re et de discussion, apportant diverses perspectives et exp\u00e9riences. De plus, des vid\u00e9oconf\u00e9rences avec des la\u00efcs clar\u00e9tains ont \u00e9t\u00e9 incluses, enrichissant encore la r\u00e9union avec une vision partag\u00e9e de la mission clar\u00e9taine.<\/p>\n\n<p>Ce quinquennat a \u00e9t\u00e9 non seulement l&rsquo;occasion de relever les d\u00e9fis actuels, mais aussi de r\u00e9affirmer l&rsquo;espoir et la vision d&rsquo;un avenir d&rsquo;\u00e9vang\u00e9lisation renouvel\u00e9e. Un moment important pour tous ceux qui sont pr\u00e9sents pour rencontrer et dialoguer avec les fr\u00e8res r\u00e9partis sur tout le continent.<\/p>\n\n<p><strong>Qu&rsquo;est-ce qu&rsquo;un quinquennat<\/strong><\/p>\n\n<p>Le programme Quinquennal est un programme de formation continue con\u00e7u pour les membres des Missionnaires Clar\u00e9tains au cours de leurs cinq premi\u00e8res ann\u00e9es apr\u00e8s leur profession perp\u00e9tuelle (Fr\u00e8res) ou leur ordination (Pr\u00eatres). En Europe, le programme est prolong\u00e9 jusqu&rsquo;\u00e0 dix ans. Le programme offre l&rsquo;opportunit\u00e9 aux membres de la Congr\u00e9gation de se r\u00e9unir, de partager des exp\u00e9riences, d&rsquo;\u00e9changer des connaissances et des id\u00e9es et de renforcer leur sens de la communaut\u00e9.<\/p>\n\n<p>Source | Le P. Jos\u00e9 Enrique, CMF, \u00e9quipe de communication g\u00e9n\u00e9rale.<\/p>\n\n<p><\/p>\n\n<p><\/p>\n\n<figure class=\"wp-block-gallery has-nested-images columns-default is-cropped wp-block-gallery-1 is-layout-flex wp-block-gallery-is-layout-flex\">\n<figure class=\"wp-block-image size-large\"><img data-recalc-dims=\"1\" loading=\"lazy\" decoding=\"async\" width=\"1024\" height=\"768\" data-id=\"159756\" src=\"https:\/\/i0.wp.com\/www.claret.org\/wp-content\/uploads\/2023\/11\/IMG_2014.jpeg?resize=1024%2C768&#038;ssl=1\" alt=\"\" class=\"wp-image-159756\" title=\"\" srcset=\"https:\/\/www.claret.org\/wp-content\/uploads\/2023\/11\/IMG_2014-980x735.jpeg 980w, https:\/\/www.claret.org\/wp-content\/uploads\/2023\/11\/IMG_2014-480x360.jpeg 480w\" sizes=\"(min-width: 0px) and (max-width: 480px) 480px, (min-width: 481px) and (max-width: 980px) 980px, (min-width: 981px) 1024px, 100vw\" \/><\/figure>\n\n\n\n<figure class=\"wp-block-image size-large\"><img data-recalc-dims=\"1\" loading=\"lazy\" decoding=\"async\" width=\"1024\" height=\"768\" data-id=\"159762\" src=\"https:\/\/i0.wp.com\/www.claret.org\/wp-content\/uploads\/2023\/11\/IMG_1990.jpeg?resize=1024%2C768&#038;ssl=1\" alt=\"\" class=\"wp-image-159762\" title=\"\" srcset=\"https:\/\/www.claret.org\/wp-content\/uploads\/2023\/11\/IMG_1990-980x735.jpeg 980w, https:\/\/www.claret.org\/wp-content\/uploads\/2023\/11\/IMG_1990-480x360.jpeg 480w\" sizes=\"(min-width: 0px) and (max-width: 480px) 480px, (min-width: 481px) and (max-width: 980px) 980px, (min-width: 981px) 1024px, 100vw\" \/><\/figure>\n\n\n\n<figure class=\"wp-block-image size-large\"><img data-recalc-dims=\"1\" loading=\"lazy\" decoding=\"async\" width=\"1024\" height=\"768\" data-id=\"159768\" src=\"https:\/\/i0.wp.com\/www.claret.org\/wp-content\/uploads\/2023\/11\/IMG_1993.jpeg?resize=1024%2C768&#038;ssl=1\" alt=\"\" class=\"wp-image-159768\" title=\"\" srcset=\"https:\/\/www.claret.org\/wp-content\/uploads\/2023\/11\/IMG_1993-980x735.jpeg 980w, https:\/\/www.claret.org\/wp-content\/uploads\/2023\/11\/IMG_1993-480x360.jpeg 480w\" sizes=\"(min-width: 0px) and (max-width: 480px) 480px, (min-width: 481px) and (max-width: 980px) 980px, (min-width: 981px) 1024px, 100vw\" \/><\/figure>\n\n\n\n<figure class=\"wp-block-image size-large\"><img data-recalc-dims=\"1\" loading=\"lazy\" decoding=\"async\" width=\"1024\" height=\"768\" data-id=\"159774\" src=\"https:\/\/i0.wp.com\/www.claret.org\/wp-content\/uploads\/2023\/11\/IMG_1416.jpg?resize=1024%2C768&#038;ssl=1\" alt=\"\" class=\"wp-image-159774\" title=\"\" srcset=\"https:\/\/www.claret.org\/wp-content\/uploads\/2023\/11\/IMG_1416-980x735.jpg 980w, https:\/\/www.claret.org\/wp-content\/uploads\/2023\/11\/IMG_1416-480x360.jpg 480w\" sizes=\"(min-width: 0px) and (max-width: 480px) 480px, (min-width: 481px) and (max-width: 980px) 980px, (min-width: 981px) 1024px, 100vw\" \/><\/figure>\n\n\n\n<figure class=\"wp-block-image size-large\"><img data-recalc-dims=\"1\" loading=\"lazy\" decoding=\"async\" width=\"1024\" height=\"768\" data-id=\"159786\" src=\"https:\/\/i0.wp.com\/www.claret.org\/wp-content\/uploads\/2023\/11\/IMG_2005.jpeg?resize=1024%2C768&#038;ssl=1\" alt=\"\" class=\"wp-image-159786\" title=\"\" srcset=\"https:\/\/www.claret.org\/wp-content\/uploads\/2023\/11\/IMG_2005-980x735.jpeg 980w, https:\/\/www.claret.org\/wp-content\/uploads\/2023\/11\/IMG_2005-480x360.jpeg 480w\" sizes=\"(min-width: 0px) and (max-width: 480px) 480px, (min-width: 481px) and (max-width: 980px) 980px, (min-width: 981px) 1024px, 100vw\" \/><\/figure>\n<\/figure>\n","protected":false},"excerpt":{"rendered":"<p>Fatima, Portugal. Du 17 au 19 novembre 2023 a eu lieu le Quinquennat des Clar\u00e9tains en Europe \u00e0 la Casa de Acolhimento e Espiritualidade de F\u00e1tima. Cette rencontre, coordonn\u00e9e par le P. Antonio Obikonu, CMF, Pr\u00e9fet de Formation de la Province de Santiago, a r\u00e9uni trente-six clar\u00e9tains de toute l&rsquo;Europe, dont l&rsquo;invit\u00e9, le P. Pedro [&hellip;]<\/p>\n","protected":false},"author":69,"featured_media":159781,"comment_status":"closed","ping_status":"closed","sticky":false,"template":"","format":"standard","meta":{"_et_pb_use_builder":"","_et_pb_old_content":"","_et_gb_content_width":"","footnotes":""},"categories":[625],"tags":[],"class_list":["post-159869","post","type-post","status-publish","format-standard","has-post-thumbnail","hentry","category-formation-permanente"],"jetpack_featured_media_url":"https:\/\/i0.wp.com\/www.claret.org\/wp-content\/uploads\/2023\/11\/IMG_1408-scaled.jpg?fit=2880%2C2160&ssl=1","jetpack_sharing_enabled":true,"jetpack_shortlink":"https:\/\/wp.me\/pdaBmi-FAx","jetpack_likes_enabled":true,"_links":{"self":[{"href":"https:\/\/www.claret.org\/fr\/wp-json\/wp\/v2\/posts\/159869","targetHints":{"allow":["GET"]}}],"collection":[{"href":"https:\/\/www.claret.org\/fr\/wp-json\/wp\/v2\/posts"}],"about":[{"href":"https:\/\/www.claret.org\/fr\/wp-json\/wp\/v2\/types\/post"}],"author":[{"embeddable":true,"href":"https:\/\/www.claret.org\/fr\/wp-json\/wp\/v2\/users\/69"}],"replies":[{"embeddable":true,"href":"https:\/\/www.claret.org\/fr\/wp-json\/wp\/v2\/comments?post=159869"}],"version-history":[{"count":0,"href":"https:\/\/www.claret.org\/fr\/wp-json\/wp\/v2\/posts\/159869\/revisions"}],"wp:featuredmedia":[{"embeddable":true,"href":"https:\/\/www.claret.org\/fr\/wp-json\/wp\/v2\/media\/159781"}],"wp:attachment":[{"href":"https:\/\/www.claret.org\/fr\/wp-json\/wp\/v2\/media?parent=159869"}],"wp:term":[{"taxonomy":"category","embeddable":true,"href":"https:\/\/www.claret.org\/fr\/wp-json\/wp\/v2\/categories?post=159869"},{"taxonomy":"post_tag","embeddable":true,"href":"https:\/\/www.claret.org\/fr\/wp-json\/wp\/v2\/tags?post=159869"}],"curies":[{"name":"wp","href":"https:\/\/api.w.org\/{rel}","templated":true}]}}