{"id":162516,"date":"2024-01-26T07:14:13","date_gmt":"2024-01-26T06:14:13","guid":{"rendered":"https:\/\/www.claret.org\/la-parole-de-dieu-au-coeur-de-notre-mission\/"},"modified":"2024-02-03T08:27:32","modified_gmt":"2024-02-03T07:27:32","slug":"la-parole-de-dieu-au-coeur-de-notre-mission","status":"publish","type":"post","link":"https:\/\/www.claret.org\/fr\/la-parole-de-dieu-au-coeur-de-notre-mission\/","title":{"rendered":"La Parole de Dieu au c\u0153ur de notre mission"},"content":{"rendered":"\n<p><strong>Yaound\u00e9, Cameroun. <\/strong>Entre dimanche le 14 et dimanche le 21 janvier 2024, tous les Missionnaires Clar\u00e9tains du Cameroun ont c\u00e9l\u00e9br\u00e9 la Semaine Biblique et le dimanche de la Parole de Dieu avec la Congr\u00e9gation toute enti\u00e8re. La c\u00e9l\u00e9bration de cette ann\u00e9e a connu la participation active et de l&rsquo;engagement des missionnaires ainsi que des la\u00efcs dans toutes nos missions.<\/p>\n\n<p>La semaine a commenc\u00e9 par l&rsquo;intronisation de la Bible dans chaque communaut\u00e9. L&rsquo;\u00e9v\u00e9nement comprenait diverses activit\u00e9s telles que la lectio divina, des pri\u00e8res guid\u00e9es par des th\u00e8mes bibliques, des conf\u00e9rences \u00e9ducatives et des quiz bibliques dans les paroisses, les \u00e9coles et les s\u00e9minaires.<\/p>\n\n<p><\/p>\n\n<figure class=\"wp-block-gallery has-nested-images columns-default is-cropped wp-block-gallery-1 is-layout-flex wp-block-gallery-is-layout-flex\">\n<figure class=\"wp-block-image size-large\"><img data-recalc-dims=\"1\" loading=\"lazy\" decoding=\"async\" width=\"1080\" height=\"608\" data-id=\"162445\" src=\"https:\/\/i0.wp.com\/www.claret.org\/wp-content\/uploads\/2024\/01\/CM-20240121-Bible-Week-and-SOW-2024-14.jpg?resize=1080%2C608&#038;ssl=1\" alt=\"\" class=\"wp-image-162445\" title=\"\" srcset=\"https:\/\/www.claret.org\/wp-content\/uploads\/2024\/01\/CM-20240121-Bible-Week-and-SOW-2024-14.jpg 1920w, https:\/\/www.claret.org\/wp-content\/uploads\/2024\/01\/CM-20240121-Bible-Week-and-SOW-2024-14-1280x720.jpg 1280w, https:\/\/www.claret.org\/wp-content\/uploads\/2024\/01\/CM-20240121-Bible-Week-and-SOW-2024-14-980x551.jpg 980w, https:\/\/www.claret.org\/wp-content\/uploads\/2024\/01\/CM-20240121-Bible-Week-and-SOW-2024-14-480x270.jpg 480w\" sizes=\"(min-width: 0px) and (max-width: 480px) 480px, (min-width: 481px) and (max-width: 980px) 980px, (min-width: 981px) and (max-width: 1280px) 1280px, (min-width: 1281px) 1920px, 100vw\" \/><\/figure>\n\n\n\n<figure class=\"wp-block-image size-large\"><img data-recalc-dims=\"1\" loading=\"lazy\" decoding=\"async\" width=\"1080\" height=\"608\" data-id=\"162451\" src=\"https:\/\/i0.wp.com\/www.claret.org\/wp-content\/uploads\/2024\/01\/CM-20240121-Bible-Week-and-SOW-2024-8-1.jpg?resize=1080%2C608&#038;ssl=1\" alt=\"\" class=\"wp-image-162451\" title=\"\" srcset=\"https:\/\/www.claret.org\/wp-content\/uploads\/2024\/01\/CM-20240121-Bible-Week-and-SOW-2024-8-1.jpg 1920w, https:\/\/www.claret.org\/wp-content\/uploads\/2024\/01\/CM-20240121-Bible-Week-and-SOW-2024-8-1-1280x720.jpg 1280w, https:\/\/www.claret.org\/wp-content\/uploads\/2024\/01\/CM-20240121-Bible-Week-and-SOW-2024-8-1-980x551.jpg 980w, https:\/\/www.claret.org\/wp-content\/uploads\/2024\/01\/CM-20240121-Bible-Week-and-SOW-2024-8-1-480x270.jpg 480w\" sizes=\"(min-width: 0px) and (max-width: 480px) 480px, (min-width: 481px) and (max-width: 980px) 980px, (min-width: 981px) and (max-width: 1280px) 1280px, (min-width: 1281px) 1920px, 100vw\" \/><\/figure>\n\n\n\n<figure class=\"wp-block-image size-large\"><img data-recalc-dims=\"1\" loading=\"lazy\" decoding=\"async\" width=\"1080\" height=\"608\" data-id=\"162457\" src=\"https:\/\/i0.wp.com\/www.claret.org\/wp-content\/uploads\/2024\/01\/CM-20240121-Bible-Week-and-SOW-2024-13-1.jpg?resize=1080%2C608&#038;ssl=1\" alt=\"\" class=\"wp-image-162457\" title=\"\" srcset=\"https:\/\/www.claret.org\/wp-content\/uploads\/2024\/01\/CM-20240121-Bible-Week-and-SOW-2024-13-1.jpg 1920w, https:\/\/www.claret.org\/wp-content\/uploads\/2024\/01\/CM-20240121-Bible-Week-and-SOW-2024-13-1-1280x720.jpg 1280w, https:\/\/www.claret.org\/wp-content\/uploads\/2024\/01\/CM-20240121-Bible-Week-and-SOW-2024-13-1-980x551.jpg 980w, https:\/\/www.claret.org\/wp-content\/uploads\/2024\/01\/CM-20240121-Bible-Week-and-SOW-2024-13-1-480x270.jpg 480w\" sizes=\"(min-width: 0px) and (max-width: 480px) 480px, (min-width: 481px) and (max-width: 980px) 980px, (min-width: 981px) and (max-width: 1280px) 1280px, (min-width: 1281px) 1920px, 100vw\" \/><\/figure>\n\n\n\n<figure class=\"wp-block-image size-large\"><img data-recalc-dims=\"1\" loading=\"lazy\" decoding=\"async\" width=\"1080\" height=\"608\" data-id=\"162463\" src=\"https:\/\/i0.wp.com\/www.claret.org\/wp-content\/uploads\/2024\/01\/CM-20240121-Bible-Week-and-SOW-2024-9-1.jpg?resize=1080%2C608&#038;ssl=1\" alt=\"\" class=\"wp-image-162463\" title=\"\" srcset=\"https:\/\/www.claret.org\/wp-content\/uploads\/2024\/01\/CM-20240121-Bible-Week-and-SOW-2024-9-1.jpg 1920w, https:\/\/www.claret.org\/wp-content\/uploads\/2024\/01\/CM-20240121-Bible-Week-and-SOW-2024-9-1-1280x720.jpg 1280w, https:\/\/www.claret.org\/wp-content\/uploads\/2024\/01\/CM-20240121-Bible-Week-and-SOW-2024-9-1-980x551.jpg 980w, https:\/\/www.claret.org\/wp-content\/uploads\/2024\/01\/CM-20240121-Bible-Week-and-SOW-2024-9-1-480x270.jpg 480w\" sizes=\"(min-width: 0px) and (max-width: 480px) 480px, (min-width: 481px) and (max-width: 980px) 980px, (min-width: 981px) and (max-width: 1280px) 1280px, (min-width: 1281px) 1920px, 100vw\" \/><\/figure>\n<\/figure>\n\n<p><\/p>\n\n<p>La Semaine biblique s&rsquo;est termin\u00e9e par le dimanche de la Parole de Dieu, qui a \u00e9galement marqu\u00e9 la fin de la visite canonique du P. Jude Langeh, CMF, Sup\u00e9rieur majeur de la D\u00e9l\u00e9gation Ind\u00e9pendante du Cameroun, \u00e0 la communaut\u00e9 paroissiale Saint-Charles Lwanga. Pendant la messe avec les fr\u00e8res et fid\u00e8les la\u00efcs, le P. Jude a soulign\u00e9 l&rsquo;importance de la Parole de Dieu dans nos vies de chr\u00e9tiens. Il a soulign\u00e9 que la Parole de Dieu devrait \u00eatre au centre m\u00eame de tout ce que nous faisons en tant qu&rsquo;enfants de Dieu.&#13;\n<\/p>\n\n<p>Au cours de la messe, le projet Scriptura 2023 a \u00e9t\u00e9 conclu et le lancement officiel de l&rsquo;\u00e9dition 2024 a \u00e9t\u00e9 annonc\u00e9. Depuis deux ans, l&rsquo;apostolat biblique clar\u00e9tain du Cameroun organise un concours bas\u00e9 sur la Bible appel\u00e9 Scriptura. Le projet vise \u00e0 faire conna\u00eetre la Parole de Dieu \u00e0 de nombreuses personnes en les encourageant \u00e0 prier avec la Bible, \u00e0 la copier et \u00e0 avoir une chance de gagner des prix incroyables. Lors de la c\u00e9r\u00e9monie de remise des prix de l&rsquo;\u00e9dition 2023, le P. Jude a exhort\u00e9 les gagnants \u00e0 continuer de placer la Parole de Dieu au centre de leur vie. Il a exprim\u00e9 le d\u00e9sir que toutes les communaut\u00e9s clar\u00e9taines de la d\u00e9l\u00e9gation encourageront les chr\u00e9tiens \u00e0 participer \u00e0 ce projet, car il croit que la Parole de Dieu peut transformer la soci\u00e9t\u00e9.<\/p>\n\n<figure class=\"wp-block-gallery has-nested-images columns-default is-cropped wp-block-gallery-2 is-layout-flex wp-block-gallery-is-layout-flex\">\n<figure class=\"wp-block-image size-large\"><img data-recalc-dims=\"1\" loading=\"lazy\" decoding=\"async\" width=\"1080\" height=\"608\" data-id=\"162469\" src=\"https:\/\/i0.wp.com\/www.claret.org\/wp-content\/uploads\/2024\/01\/CM-20240121-Bible-Week-and-SOW-2024-4-1.jpg?resize=1080%2C608&#038;ssl=1\" alt=\"\" class=\"wp-image-162469\" title=\"\" srcset=\"https:\/\/www.claret.org\/wp-content\/uploads\/2024\/01\/CM-20240121-Bible-Week-and-SOW-2024-4-1.jpg 1920w, https:\/\/www.claret.org\/wp-content\/uploads\/2024\/01\/CM-20240121-Bible-Week-and-SOW-2024-4-1-1280x720.jpg 1280w, https:\/\/www.claret.org\/wp-content\/uploads\/2024\/01\/CM-20240121-Bible-Week-and-SOW-2024-4-1-980x551.jpg 980w, https:\/\/www.claret.org\/wp-content\/uploads\/2024\/01\/CM-20240121-Bible-Week-and-SOW-2024-4-1-480x270.jpg 480w\" sizes=\"(min-width: 0px) and (max-width: 480px) 480px, (min-width: 481px) and (max-width: 980px) 980px, (min-width: 981px) and (max-width: 1280px) 1280px, (min-width: 1281px) 1920px, 100vw\" \/><\/figure>\n\n\n\n<figure class=\"wp-block-image size-large\"><img data-recalc-dims=\"1\" loading=\"lazy\" decoding=\"async\" width=\"1080\" height=\"608\" data-id=\"162475\" src=\"https:\/\/i0.wp.com\/www.claret.org\/wp-content\/uploads\/2024\/01\/CM-20240121-Bible-Week-and-SOW-2024-6-1.jpg?resize=1080%2C608&#038;ssl=1\" alt=\"\" class=\"wp-image-162475\" title=\"\" srcset=\"https:\/\/www.claret.org\/wp-content\/uploads\/2024\/01\/CM-20240121-Bible-Week-and-SOW-2024-6-1.jpg 1920w, https:\/\/www.claret.org\/wp-content\/uploads\/2024\/01\/CM-20240121-Bible-Week-and-SOW-2024-6-1-1280x720.jpg 1280w, https:\/\/www.claret.org\/wp-content\/uploads\/2024\/01\/CM-20240121-Bible-Week-and-SOW-2024-6-1-980x551.jpg 980w, https:\/\/www.claret.org\/wp-content\/uploads\/2024\/01\/CM-20240121-Bible-Week-and-SOW-2024-6-1-480x270.jpg 480w\" sizes=\"(min-width: 0px) and (max-width: 480px) 480px, (min-width: 481px) and (max-width: 980px) 980px, (min-width: 981px) and (max-width: 1280px) 1280px, (min-width: 1281px) 1920px, 100vw\" \/><\/figure>\n\n\n\n<figure class=\"wp-block-image size-large\"><img data-recalc-dims=\"1\" loading=\"lazy\" decoding=\"async\" width=\"1080\" height=\"608\" data-id=\"162481\" src=\"https:\/\/i0.wp.com\/www.claret.org\/wp-content\/uploads\/2024\/01\/CM-20240121-Bible-Week-and-SOW-2024-1-1.jpg?resize=1080%2C608&#038;ssl=1\" alt=\"\" class=\"wp-image-162481\" title=\"\" srcset=\"https:\/\/www.claret.org\/wp-content\/uploads\/2024\/01\/CM-20240121-Bible-Week-and-SOW-2024-1-1.jpg 1920w, https:\/\/www.claret.org\/wp-content\/uploads\/2024\/01\/CM-20240121-Bible-Week-and-SOW-2024-1-1-1280x720.jpg 1280w, https:\/\/www.claret.org\/wp-content\/uploads\/2024\/01\/CM-20240121-Bible-Week-and-SOW-2024-1-1-980x551.jpg 980w, https:\/\/www.claret.org\/wp-content\/uploads\/2024\/01\/CM-20240121-Bible-Week-and-SOW-2024-1-1-480x270.jpg 480w\" sizes=\"(min-width: 0px) and (max-width: 480px) 480px, (min-width: 481px) and (max-width: 980px) 980px, (min-width: 981px) and (max-width: 1280px) 1280px, (min-width: 1281px) 1920px, 100vw\" \/><\/figure>\n\n\n\n<figure class=\"wp-block-image size-large\"><img data-recalc-dims=\"1\" loading=\"lazy\" decoding=\"async\" width=\"1080\" height=\"608\" data-id=\"162487\" src=\"https:\/\/i0.wp.com\/www.claret.org\/wp-content\/uploads\/2024\/01\/CM-20240121-Bible-Week-and-SOW-2024-3-1.jpg?resize=1080%2C608&#038;ssl=1\" alt=\"\" class=\"wp-image-162487\" title=\"\" srcset=\"https:\/\/www.claret.org\/wp-content\/uploads\/2024\/01\/CM-20240121-Bible-Week-and-SOW-2024-3-1.jpg 1920w, https:\/\/www.claret.org\/wp-content\/uploads\/2024\/01\/CM-20240121-Bible-Week-and-SOW-2024-3-1-1280x720.jpg 1280w, https:\/\/www.claret.org\/wp-content\/uploads\/2024\/01\/CM-20240121-Bible-Week-and-SOW-2024-3-1-980x551.jpg 980w, https:\/\/www.claret.org\/wp-content\/uploads\/2024\/01\/CM-20240121-Bible-Week-and-SOW-2024-3-1-480x270.jpg 480w\" sizes=\"(min-width: 0px) and (max-width: 480px) 480px, (min-width: 481px) and (max-width: 980px) 980px, (min-width: 981px) and (max-width: 1280px) 1280px, (min-width: 1281px) 1920px, 100vw\" \/><\/figure>\n\n\n\n<figure class=\"wp-block-image size-large\"><img data-recalc-dims=\"1\" loading=\"lazy\" decoding=\"async\" width=\"1080\" height=\"608\" data-id=\"162493\" src=\"https:\/\/i0.wp.com\/www.claret.org\/wp-content\/uploads\/2024\/01\/CM-20240121-Bible-Week-and-SOW-2024-7-1.jpg?resize=1080%2C608&#038;ssl=1\" alt=\"\" class=\"wp-image-162493\" title=\"\" srcset=\"https:\/\/www.claret.org\/wp-content\/uploads\/2024\/01\/CM-20240121-Bible-Week-and-SOW-2024-7-1.jpg 1920w, https:\/\/www.claret.org\/wp-content\/uploads\/2024\/01\/CM-20240121-Bible-Week-and-SOW-2024-7-1-1280x720.jpg 1280w, https:\/\/www.claret.org\/wp-content\/uploads\/2024\/01\/CM-20240121-Bible-Week-and-SOW-2024-7-1-980x551.jpg 980w, https:\/\/www.claret.org\/wp-content\/uploads\/2024\/01\/CM-20240121-Bible-Week-and-SOW-2024-7-1-480x270.jpg 480w\" sizes=\"(min-width: 0px) and (max-width: 480px) 480px, (min-width: 481px) and (max-width: 980px) 980px, (min-width: 981px) and (max-width: 1280px) 1280px, (min-width: 1281px) 1920px, 100vw\" \/><\/figure>\n<\/figure>\n\n<p><\/p>\n\n<p>De Sakje au Nord \u00e0 Nkol-Bikok au Centre, de Mbot au Nord-Ouest \u00e0 Munyenge au Sud-Ouest, des messages de joyeuse c\u00e9l\u00e9bration ont conclu la Semaine biblique dans la d\u00e9l\u00e9gation,.<\/p>\n\n<p><em>Source : R\u00e9v\u00e9rend Melvin Ngwakongnwi Neba, CMF, Charg\u00e9 de la communication audiovisuelle du Cameroun<\/em><\/p>\n\n<p><\/p>\n","protected":false},"excerpt":{"rendered":"<p>C\u00e9l\u00e9bration de la Semaine Biblique et du Dimanche de la Parole de Dieu 2024 dans la  D\u00e9l\u00e9gation Ind\u00e9pendante du Cameroun<\/p>\n","protected":false},"author":2,"featured_media":162379,"comment_status":"closed","ping_status":"closed","sticky":false,"template":"","format":"standard","meta":{"_et_pb_use_builder":"","_et_pb_old_content":"","_et_gb_content_width":"","footnotes":""},"categories":[136,416],"tags":[],"class_list":["post-162516","post","type-post","status-publish","format-standard","has-post-thumbnail","hentry","category-cameroun-fr","category-pastorale-biblique"],"jetpack_featured_media_url":"https:\/\/i0.wp.com\/www.claret.org\/wp-content\/uploads\/2024\/01\/CM-20240121-Bible-Week-and-SOW-2024-5.jpg?fit=1920%2C1080&ssl=1","jetpack_sharing_enabled":true,"jetpack_shortlink":"https:\/\/wp.me\/pdaBmi-Ghe","jetpack_likes_enabled":true,"_links":{"self":[{"href":"https:\/\/www.claret.org\/fr\/wp-json\/wp\/v2\/posts\/162516","targetHints":{"allow":["GET"]}}],"collection":[{"href":"https:\/\/www.claret.org\/fr\/wp-json\/wp\/v2\/posts"}],"about":[{"href":"https:\/\/www.claret.org\/fr\/wp-json\/wp\/v2\/types\/post"}],"author":[{"embeddable":true,"href":"https:\/\/www.claret.org\/fr\/wp-json\/wp\/v2\/users\/2"}],"replies":[{"embeddable":true,"href":"https:\/\/www.claret.org\/fr\/wp-json\/wp\/v2\/comments?post=162516"}],"version-history":[{"count":0,"href":"https:\/\/www.claret.org\/fr\/wp-json\/wp\/v2\/posts\/162516\/revisions"}],"wp:featuredmedia":[{"embeddable":true,"href":"https:\/\/www.claret.org\/fr\/wp-json\/wp\/v2\/media\/162379"}],"wp:attachment":[{"href":"https:\/\/www.claret.org\/fr\/wp-json\/wp\/v2\/media?parent=162516"}],"wp:term":[{"taxonomy":"category","embeddable":true,"href":"https:\/\/www.claret.org\/fr\/wp-json\/wp\/v2\/categories?post=162516"},{"taxonomy":"post_tag","embeddable":true,"href":"https:\/\/www.claret.org\/fr\/wp-json\/wp\/v2\/tags?post=162516"}],"curies":[{"name":"wp","href":"https:\/\/api.w.org\/{rel}","templated":true}]}}