{"id":164067,"date":"2024-03-08T16:31:03","date_gmt":"2024-03-08T15:31:03","guid":{"rendered":"https:\/\/www.claret.org\/rencontre-virtuelle-deducateurs-claretains-pour-dialogue-educatif-en-vue-de-la-transformation\/"},"modified":"2024-03-11T13:30:49","modified_gmt":"2024-03-11T12:30:49","slug":"rencontre-virtuelle-deducateurs-claretains-pour-dialogue-educatif-en-vue-de-la-transformation","status":"publish","type":"post","link":"https:\/\/www.claret.org\/fr\/rencontre-virtuelle-deducateurs-claretains-pour-dialogue-educatif-en-vue-de-la-transformation\/","title":{"rendered":"Rencontre virtuelle d\u2019\u00e9ducateurs Clar\u00e9tains pour dialogue \u00e9ducatif en vue de la transformation"},"content":{"rendered":"\n<p class=\"has-drop-cap\"><strong>New York<\/strong><strong>.<\/strong> Le 4 mars 2024, une session virtuelle a \u00e9t\u00e9 organis\u00e9e par l&rsquo;\u00e9quipe clar\u00e9taine aux Nations Unies \u00e0 New York et a invit\u00e9 un groupe d&rsquo;\u00e9ducateurs clar\u00e9tains, pour une conversation sur le th\u00e8me \u00ab \u00e9ducation mondiale \u00bb. Le P. Paulson Veliyannoor, CMF, directeur de Sanyasa, l&rsquo;Institut de vie consacr\u00e9e, en Inde, a mod\u00e9r\u00e9 cette r\u00e9union, intitul\u00e9e \u00ab Conversation clar\u00e9taine sur la transformation de l&rsquo;\u00e9ducation \u00bb, visant \u00e0 contribuer de mani\u00e8re substantielle au prochain Sommet des Nations Unies sur l\u2019avenir.<\/p>\n\n<p>Depuis 2022, les Nations Unies s&rsquo;engagent activement avec les parties prenantes du monde entier dans la pr\u00e9paration du \u00ab Sommet de l\u2019avenir \u00bb, qualifi\u00e9 par le Secr\u00e9taire g\u00e9n\u00e9ral Ant\u00f3nio Guterres d&rsquo;\u00ab opportunit\u00e9 unique dans une g\u00e9n\u00e9ration \u00bb. Pr\u00e9vu pour septembre 2024, le sommet vise \u00e0 forger un consensus mondial sur l&rsquo;avenir de l&rsquo;humanit\u00e9 et \u00e0 concevoir des mesures concr\u00e8tes pour le garantir.<\/p>\n\n<p>Au c\u0153ur du dialogue se trouvaient les 11 notes d&rsquo;orientation pr\u00e9sent\u00e9es dans le rapport de Guterres \u00ab Notre programme commun \u00bb, soulignant l&rsquo;importance d&rsquo;un \u00ab Pacte pour l&rsquo;avenir \u00bb. Ce document, actuellement au stade de l&rsquo;avant-projet, sera formul\u00e9 et ratifi\u00e9 en collaboration lors des n\u00e9gociations intergouvernementales du sommet. Le pape Fran\u00e7ois a \u00e9galement lanc\u00e9 le Pacte mondial sur l\u2019\u00e9ducation pour garantir que l\u2019\u00e9ducation favorise la paix, la justice et la compr\u00e9hension mutuelle.<\/p>\n\n<p>Dans le cadre de l&rsquo;engagement en faveur d&rsquo;une consultation mondiale, la Fondazione Proclade Internazionale-onlus, titulaire du statut consultatif aupr\u00e8s de l&rsquo;ECOSOC des Nations Unies, contribue activement par diverses voies. La conversation sur l&rsquo;\u00e9ducation est l&rsquo;un des efforts de l&rsquo;\u00e9quipe clar\u00e9taine de l&rsquo;ONU visant \u00e0 aborder les questions d&rsquo;\u00e9ducation, comme le soulignent les notes d&rsquo;orientation du Secr\u00e9taire g\u00e9n\u00e9ral. Dix \u00e9ducateurs clar\u00e9tains estim\u00e9s de divers coins du monde se sont engag\u00e9s dans un discours rigoureux au cours de quatre cycles distincts, abordant des aspects cruciaux du paysage \u00e9ducatif mondial.<\/p>\n\n<p>Le premier cycle s&rsquo;est concentr\u00e9 sur la compr\u00e9hension de la gravit\u00e9 et des manifestations vari\u00e9es de la double crise de l&rsquo;\u00e9quit\u00e9 et de la pertinence de l&rsquo;\u00e9ducation, telle qu&rsquo;identifi\u00e9e par le Secr\u00e9taire g\u00e9n\u00e9ral de l&rsquo;ONU.<\/p>\n\n<p>L&rsquo;attention s&rsquo;est ensuite port\u00e9e sur l&rsquo;\u00e9valuation des solutions propos\u00e9es, y compris les recommandations du Secr\u00e9taire g\u00e9n\u00e9ral de l&rsquo;ONU, les propositions du pape Fran\u00e7ois et les exigences de la D\u00e9claration de la jeunesse lors du Sommet pour transformer l&rsquo;\u00e9ducation \u00e0 l&rsquo;ONU en 2022. Les discussions ont port\u00e9 sur l&rsquo;identification des recommandations et des propositions les plus pertinentes. Potentiel pour r\u00e9soudre les probl\u00e8mes urgents, compte tenu de leur pertinence, de leur urgence et de leur faisabilit\u00e9 dans des contextes sp\u00e9cifiques.<\/p>\n\n<p>Le troisi\u00e8me cycle a vu les participants passer de la discussion \u00e0 l&rsquo;action, articulant des demandes concr\u00e8tes adress\u00e9es aux gouvernements pour faciliter des changements transformateurs dans l&rsquo;\u00e9ducation afin de garantir des progr\u00e8s vers la r\u00e9alisation de l&rsquo;Objectif de D\u00e9veloppement Durable No 4.<\/p>\n\n<p>Lors du dernier cycle, les r\u00e9flexions se sont concentr\u00e9es sur les efforts en cours au sein des institutions \u00e9ducatives clar\u00e9taines pour faire progresser l&rsquo;\u00e9quit\u00e9 dans l&rsquo;\u00e9ducation et sur l&rsquo;importance de traduire les aspirations en politiques pratiques. Tout en reconnaissant ces efforts, les participants ont soulign\u00e9 la n\u00e9cessit\u00e9 de traduire les aspirations en politiques pratiques qui s&rsquo;alignent sur les visions articul\u00e9es dans l&rsquo;ONU et les r\u00eaves eccl\u00e9siaux d&rsquo;\u00e9ducation transformatrice. Les th\u00e8mes cl\u00e9s comprenaient l&rsquo;importance de favoriser la pertinence des pratiques \u00e9ducatives, de promouvoir les initiatives d&rsquo;apprentissage tout au long de la vie, de donner la priorit\u00e9 aux programmes de formation des enseignants ax\u00e9s sur l&rsquo;impr\u00e9gnation de valeurs fondamentales et d&rsquo;int\u00e9grer des outils num\u00e9riques dans le cadre \u00e9ducatif pour am\u00e9liorer les r\u00e9sultats d&rsquo;apprentissage.<\/p>\n\n<p>Cet effort de collaboration illustre l&rsquo;engagement in\u00e9branlable des \u00e9ducateurs clar\u00e9tains \u00e0 exploiter le pouvoir de l&rsquo;\u00e9ducation comme instrument de profonde transformation sociale.<\/p>\n\n<p>Comme pan\u00e9listes, il y avait les Clar\u00e9tains suivants:<\/p>\n\n<ul class=\"wp-block-list\">\n<li>Allwyn Mendoz CMF \u2013 Province du Nord-Est de l\u2019Inde (ASCLA Ouest)<\/li>\n\n\n\n<li>Felix Martinez CMF \u2013 D\u00e9l\u00e9gation Asie de l\u2019Est (ASCLA Est)<\/li>\n\n\n\n<li>Mauricio Ulep \u2013 Province de Rohel Gallardo (ASCLA Est)<\/li>\n\n\n\n<li>Salustiano Oyono CMF \u2013 D\u00e9l\u00e9gation Padre Xifre (ACLA)<\/li>\n\n\n\n<li>Kenneth Opara CMF \u2013 Province du Nig\u00e9ria Est (ACLA)<\/li>\n\n\n\n<li>Marita Leineiker \u2013 Province de San Jos\u00e9 del Sur (MICLA)<\/li>\n\n\n\n<li>Claudio Bastos CMF \u2013 Province du Br\u00e9sil (MICLA)<\/li>\n\n\n\n<li>Enrique Aponte CMF \u2013 Province de Colombie-\u00c9quateur (MICLA)<\/li>\n\n\n\n<li>Miguel \u00c1ngel Velasco CMF \u2013 Province de Santiago (ECLA)<\/li>\n\n\n\n<li>James Castro CMF \u2013 Province de Fatima (ECLA)<\/li>\n<\/ul>\n\n<p>Source : P. Rohan Dominic, CMF, de l&rsquo;\u00e9quipe des Nations Unies.<\/p>\n\n<p><\/p>\n\n<p><\/p>\n\n<figure class=\"wp-block-gallery has-nested-images columns-default is-cropped wp-block-gallery-1 is-layout-flex wp-block-gallery-is-layout-flex\">\n<figure class=\"wp-block-image size-large\"><img data-recalc-dims=\"1\" loading=\"lazy\" decoding=\"async\" width=\"1024\" height=\"768\" data-id=\"164044\" src=\"https:\/\/i0.wp.com\/www.claret.org\/wp-content\/uploads\/2024\/03\/428697482_733823655535323_1817700588611970728_n.jpg?resize=1024%2C768&#038;ssl=1\" alt=\"\" class=\"wp-image-164044\" title=\"\" srcset=\"https:\/\/www.claret.org\/wp-content\/uploads\/2024\/03\/428697482_733823655535323_1817700588611970728_n-980x735.jpg 980w, https:\/\/www.claret.org\/wp-content\/uploads\/2024\/03\/428697482_733823655535323_1817700588611970728_n-480x360.jpg 480w\" sizes=\"(min-width: 0px) and (max-width: 480px) 480px, (min-width: 481px) and (max-width: 980px) 980px, (min-width: 981px) 1024px, 100vw\" \/><\/figure>\n\n\n\n<figure class=\"wp-block-image size-large\"><img data-recalc-dims=\"1\" loading=\"lazy\" decoding=\"async\" width=\"1024\" height=\"768\" data-id=\"164038\" src=\"https:\/\/i0.wp.com\/www.claret.org\/wp-content\/uploads\/2024\/03\/428684582_733823335535355_6003171281981276159_n.jpg?resize=1024%2C768&#038;ssl=1\" alt=\"\" class=\"wp-image-164038\" title=\"\" srcset=\"https:\/\/www.claret.org\/wp-content\/uploads\/2024\/03\/428684582_733823335535355_6003171281981276159_n-980x735.jpg 980w, https:\/\/www.claret.org\/wp-content\/uploads\/2024\/03\/428684582_733823335535355_6003171281981276159_n-480x360.jpg 480w\" sizes=\"(min-width: 0px) and (max-width: 480px) 480px, (min-width: 481px) and (max-width: 980px) 980px, (min-width: 981px) 1024px, 100vw\" \/><\/figure>\n\n\n\n<figure class=\"wp-block-image size-large\"><img data-recalc-dims=\"1\" loading=\"lazy\" decoding=\"async\" width=\"1024\" height=\"768\" data-id=\"164032\" src=\"https:\/\/i0.wp.com\/www.claret.org\/wp-content\/uploads\/2024\/03\/428705613_733823715535317_2801597067791706714_n.jpg?resize=1024%2C768&#038;ssl=1\" alt=\"\" class=\"wp-image-164032\" title=\"\" srcset=\"https:\/\/www.claret.org\/wp-content\/uploads\/2024\/03\/428705613_733823715535317_2801597067791706714_n-980x735.jpg 980w, https:\/\/www.claret.org\/wp-content\/uploads\/2024\/03\/428705613_733823715535317_2801597067791706714_n-480x360.jpg 480w\" sizes=\"(min-width: 0px) and (max-width: 480px) 480px, (min-width: 481px) and (max-width: 980px) 980px, (min-width: 981px) 1024px, 100vw\" \/><\/figure>\n<\/figure>\n","protected":false},"excerpt":{"rendered":"<p>New York. Le 4 mars 2024, une session virtuelle a \u00e9t\u00e9 organis\u00e9e par l&rsquo;\u00e9quipe clar\u00e9taine aux Nations Unies \u00e0 New York et a invit\u00e9 un groupe d&rsquo;\u00e9ducateurs clar\u00e9tains, pour une conversation sur le th\u00e8me \u00ab \u00e9ducation mondiale \u00bb. Le P. Paulson Veliyannoor, CMF, directeur de Sanyasa, l&rsquo;Institut de vie consacr\u00e9e, en Inde, a mod\u00e9r\u00e9 cette [&hellip;]<\/p>\n","protected":false},"author":69,"featured_media":164052,"comment_status":"closed","ping_status":"closed","sticky":false,"template":"","format":"standard","meta":{"_et_pb_use_builder":"","_et_pb_old_content":"","_et_gb_content_width":"","footnotes":""},"categories":[426,453],"tags":[],"class_list":["post-164067","post","type-post","status-publish","format-standard","has-post-thumbnail","hentry","category-pastorale-educative","category-presence-de-lonu"],"jetpack_featured_media_url":"https:\/\/i0.wp.com\/www.claret.org\/wp-content\/uploads\/2024\/03\/Education-conversation.png?fit=2252%2C830&ssl=1","jetpack_sharing_enabled":true,"jetpack_shortlink":"https:\/\/wp.me\/pdaBmi-GGf","jetpack_likes_enabled":true,"_links":{"self":[{"href":"https:\/\/www.claret.org\/fr\/wp-json\/wp\/v2\/posts\/164067","targetHints":{"allow":["GET"]}}],"collection":[{"href":"https:\/\/www.claret.org\/fr\/wp-json\/wp\/v2\/posts"}],"about":[{"href":"https:\/\/www.claret.org\/fr\/wp-json\/wp\/v2\/types\/post"}],"author":[{"embeddable":true,"href":"https:\/\/www.claret.org\/fr\/wp-json\/wp\/v2\/users\/69"}],"replies":[{"embeddable":true,"href":"https:\/\/www.claret.org\/fr\/wp-json\/wp\/v2\/comments?post=164067"}],"version-history":[{"count":0,"href":"https:\/\/www.claret.org\/fr\/wp-json\/wp\/v2\/posts\/164067\/revisions"}],"wp:featuredmedia":[{"embeddable":true,"href":"https:\/\/www.claret.org\/fr\/wp-json\/wp\/v2\/media\/164052"}],"wp:attachment":[{"href":"https:\/\/www.claret.org\/fr\/wp-json\/wp\/v2\/media?parent=164067"}],"wp:term":[{"taxonomy":"category","embeddable":true,"href":"https:\/\/www.claret.org\/fr\/wp-json\/wp\/v2\/categories?post=164067"},{"taxonomy":"post_tag","embeddable":true,"href":"https:\/\/www.claret.org\/fr\/wp-json\/wp\/v2\/tags?post=164067"}],"curies":[{"name":"wp","href":"https:\/\/api.w.org\/{rel}","templated":true}]}}