{"id":165400,"date":"2024-04-15T09:30:55","date_gmt":"2024-04-15T07:30:55","guid":{"rendered":"https:\/\/www.claret.org\/les-ordinations-sacerdotales-illuminent-la-semaine-de-paques\/"},"modified":"2024-04-15T09:30:55","modified_gmt":"2024-04-15T07:30:55","slug":"les-ordinations-sacerdotales-illuminent-la-semaine-de-paques","status":"publish","type":"post","link":"https:\/\/www.claret.org\/fr\/les-ordinations-sacerdotales-illuminent-la-semaine-de-paques\/","title":{"rendered":"Les ordinations sacerdotales illuminent la semaine de P\u00e2ques"},"content":{"rendered":"\r\n<p class=\"has-drop-cap\"><strong>Bengaluru, Inde :<\/strong> Cette ann\u00e9e, la semaine de P\u00e2ques a apport\u00e9 davantage de joie \u00e0 la province de Bangalore puisque deux de leurs diacres ont re\u00e7u l&rsquo;Ordre sacr\u00e9 du sacerdoce. Le diacre Seru Sagar a \u00e9t\u00e9 ordonn\u00e9 le 4 avril 2024 par Mgr Joseph Raja Rao, \u00e9v\u00eaque de Vijayawada, \u00e0 l&rsquo;\u00e9glise Notre-Dame, \u00c9toile de la Mer de Yesupuram, sa paroisse natale du dioc\u00e8se de Vijayawada.<\/p>\r\n\r\n\r\n\r\n<p><\/p>\r\n\r\n\r\n\r\n<p><\/p>\r\n\r\n\r\n\r\n<figure class=\"wp-block-gallery has-nested-images columns-default is-cropped wp-block-gallery-1 is-layout-flex wp-block-gallery-is-layout-flex\">\r\n<figure class=\"wp-block-image size-large\"><img data-recalc-dims=\"1\" loading=\"lazy\" decoding=\"async\" width=\"1024\" height=\"683\" data-id=\"164973\" src=\"https:\/\/i0.wp.com\/www.claret.org\/wp-content\/uploads\/2024\/04\/OrdSeru2.jpg?resize=1024%2C683&#038;ssl=1\" alt=\"\" class=\"wp-image-164973\" title=\"\" srcset=\"https:\/\/www.claret.org\/wp-content\/uploads\/2024\/04\/OrdSeru2-980x653.jpg 980w, https:\/\/www.claret.org\/wp-content\/uploads\/2024\/04\/OrdSeru2-480x320.jpg 480w\" sizes=\"(min-width: 0px) and (max-width: 480px) 480px, (min-width: 481px) and (max-width: 980px) 980px, (min-width: 981px) 1024px, 100vw\" \/><\/figure>\r\n\r\n\r\n\r\n<figure class=\"wp-block-image size-large\"><img data-recalc-dims=\"1\" loading=\"lazy\" decoding=\"async\" width=\"1024\" height=\"683\" data-id=\"164979\" src=\"https:\/\/i0.wp.com\/www.claret.org\/wp-content\/uploads\/2024\/04\/OrdSeru3.jpg?resize=1024%2C683&#038;ssl=1\" alt=\"\" class=\"wp-image-164979\" title=\"\" srcset=\"https:\/\/www.claret.org\/wp-content\/uploads\/2024\/04\/OrdSeru3-980x653.jpg 980w, https:\/\/www.claret.org\/wp-content\/uploads\/2024\/04\/OrdSeru3-480x320.jpg 480w\" sizes=\"(min-width: 0px) and (max-width: 480px) 480px, (min-width: 481px) and (max-width: 980px) 980px, (min-width: 981px) 1024px, 100vw\" \/><\/figure>\r\n\r\n\r\n\r\n<figure class=\"wp-block-image size-large\"><img data-recalc-dims=\"1\" loading=\"lazy\" decoding=\"async\" width=\"1024\" height=\"683\" data-id=\"165009\" src=\"https:\/\/i0.wp.com\/www.claret.org\/wp-content\/uploads\/2024\/04\/OrdSeru5.jpg?resize=1024%2C683&#038;ssl=1\" alt=\"\" classe=\"wp-image-165009\" title=\"\" srcset=\"https:\/\/www.claret.org\/wp-content\/uploads\/2024\/04\/OrdSeru5-980x653.jpg 980w, https:\/\/www.claret.org\/wp-content\/uploads\/2024\/04\/OrdSeru5-480x320.jpg 480w\" sizes=\"(min-width: 0px) and (max-width: 480px) 480px, (min-width: 481px) and (max-width: 980px) 980px, (min-width: 981px) 1024px, 100vw\" \/><\/figure>\r\n<\/figure>\r\n\r\n\r\n\r\n<p><\/p>\r\n\r\n\r\n\r\n<p><\/p>\r\n\r\n\r\n<p>Le diacre Sikha Kumar a \u00e9t\u00e9 ordonn\u00e9 le 5 avril 2024 dans sa paroisse natale, l&rsquo;\u00e9glise Sainte-Th\u00e9r\u00e8se d&rsquo;Avila de Ravipadu, par Mgr Chinnabathini Bhagyaiah, \u00e9v\u00eaque de Guntur.<\/p>\r\n\r\n\r\n\r\n<p>Les deux c\u00e9l\u00e9brations ont \u00e9t\u00e9 solennelles avec une large participation des fid\u00e8les et de la Fraternit\u00e9 Clar\u00e9taine. Avec les Clar\u00e9tains, les familles des nouveaux pr\u00eatres se sont r\u00e9jouies de voir leurs fils au service de l&rsquo;Autel. C&rsquo;\u00e9tait une atmosph\u00e8re de f\u00eate puisque la joie pascale \u00e9tait doubl\u00e9e de la gr\u00e2ce des ordinations.<\/p>\r\n\r\n\r\n\r\n<p><strong>Source : <\/strong>P. Xavier Pereira, <em>Secr\u00e9taire provincial, Bangalore.<\/em><\/p>\r\n\r\n\r\n\r\n<p><\/p>\r\n\r\n\r\n\r\n<p><\/p>\r\n\r\n\r\n\r\n<figure class=\"wp-block-gallery has-nested-images columns-default is-cropped wp-block-gallery-2 is-layout-flex wp-block-gallery-is-layout-flex\">\r\n<figure class=\"wp-block-image size-large\"><img data-recalc-dims=\"1\" loading=\"lazy\" decoding=\"async\" width=\"1024\" height=\"682\" data-id=\"164991\" src=\"https:\/\/i0.wp.com\/www.claret.org\/wp-content\/uploads\/2024\/04\/OrdSikha1.jpg?resize=1024%2C682&#038;ssl=1\" alt=\"\" classe=\"wp-image-164991\" title=\"\" srcset=\"https:\/\/www.claret.org\/wp-content\/uploads\/2024\/04\/OrdSikha1-980x653.jpg 980w, https:\/\/www.claret.org\/wp-content\/uploads\/2024\/04\/OrdSikha1-480x320.jpg 480w\" sizes=\"(min-width: 0px) and (max-width: 480px) 480px, (min-width: 481px) and (max-width: 980px) 980px, (min-width: 981px) 1024px, 100vw\" \/><\/figure>\r\n\r\n\r\n\r\n<figure class=\"wp-block-image size-large\"><img data-recalc-dims=\"1\" loading=\"lazy\" decoding=\"async\" width=\"1024\" height=\"682\" data-id=\"164997\" src=\"https:\/\/i0.wp.com\/www.claret.org\/wp-content\/uploads\/2024\/04\/OrdSikha7.jpg?resize=1024%2C682&#038;ssl=1\" alt=\"\" class=\"wp-image-164997\" title=\"\" srcset=\"https:\/\/www.claret.org\/wp-content\/uploads\/2024\/04\/OrdSikha7-980x653.jpg 980w, https:\/\/www.claret.org\/wp-content\/uploads\/2024\/04\/OrdSikha7-480x320.jpg 480w\" sizes=\"(min-width: 0px) and (max-width: 480px) 480px, (min-width: 481px) and (max-width: 980px) 980px, (min-width: 981px) 1024px, 100vw\" \/><\/figure>\r\n\r\n\r\n\r\n<figure class=\"wp-block-image size-large\"><img data-recalc-dims=\"1\" loading=\"lazy\" decoding=\"async\" width=\"1024\" height=\"682\" data-id=\"165003\" src=\"https:\/\/i0.wp.com\/www.claret.org\/wp-content\/uploads\/2024\/04\/OrdSikha8.jpg?resize=1024%2C682&#038;ssl=1\" alt=\"\" classe=\"wp-image-165003\" title=\"\" srcset=\"https:\/\/www.claret.org\/wp-content\/uploads\/2024\/04\/OrdSikha8-980x653.jpg 980w, https:\/\/www.claret.org\/wp-content\/uploads\/2024\/04\/OrdSikha8-480x320.jpg 480w\" sizes=\"(min-width: 0px) and (max-width: 480px) 480px, (min-width: 481px) and (max-width: 980px) 980px, (min-width: 981px) 1024px, 100vw\" \/><\/figure>\r\n<\/figure>\r\n","protected":false},"excerpt":{"rendered":"<p>Bengaluru, Inde : Cette ann\u00e9e, la semaine de P\u00e2ques a apport\u00e9 davantage de joie \u00e0 la province de Bangalore puisque deux de leurs diacres ont re\u00e7u l&rsquo;Ordre sacr\u00e9 du sacerdoce. Le diacre Seru Sagar a \u00e9t\u00e9 ordonn\u00e9 le 4 avril 2024 par Mgr Joseph Raja Rao, \u00e9v\u00eaque de Vijayawada, \u00e0 l&rsquo;\u00e9glise Notre-Dame, \u00c9toile de la [&hellip;]<\/p>\n","protected":false},"author":69,"featured_media":165016,"comment_status":"closed","ping_status":"closed","sticky":false,"template":"","format":"standard","meta":{"_et_pb_use_builder":"","_et_pb_old_content":"","_et_gb_content_width":"","footnotes":""},"categories":[223,575],"tags":[],"class_list":["post-165400","post","type-post","status-publish","format-standard","has-post-thumbnail","hentry","category-bangalore-fr","category-ordinations-fr"],"jetpack_featured_media_url":"https:\/\/i0.wp.com\/www.claret.org\/wp-content\/uploads\/2024\/04\/Post-Feature-Image-Copy.jpg?fit=1890%2C1176&ssl=1","jetpack_sharing_enabled":true,"jetpack_shortlink":"https:\/\/wp.me\/pdaBmi-H1K","jetpack_likes_enabled":true,"_links":{"self":[{"href":"https:\/\/www.claret.org\/fr\/wp-json\/wp\/v2\/posts\/165400","targetHints":{"allow":["GET"]}}],"collection":[{"href":"https:\/\/www.claret.org\/fr\/wp-json\/wp\/v2\/posts"}],"about":[{"href":"https:\/\/www.claret.org\/fr\/wp-json\/wp\/v2\/types\/post"}],"author":[{"embeddable":true,"href":"https:\/\/www.claret.org\/fr\/wp-json\/wp\/v2\/users\/69"}],"replies":[{"embeddable":true,"href":"https:\/\/www.claret.org\/fr\/wp-json\/wp\/v2\/comments?post=165400"}],"version-history":[{"count":0,"href":"https:\/\/www.claret.org\/fr\/wp-json\/wp\/v2\/posts\/165400\/revisions"}],"wp:featuredmedia":[{"embeddable":true,"href":"https:\/\/www.claret.org\/fr\/wp-json\/wp\/v2\/media\/165016"}],"wp:attachment":[{"href":"https:\/\/www.claret.org\/fr\/wp-json\/wp\/v2\/media?parent=165400"}],"wp:term":[{"taxonomy":"category","embeddable":true,"href":"https:\/\/www.claret.org\/fr\/wp-json\/wp\/v2\/categories?post=165400"},{"taxonomy":"post_tag","embeddable":true,"href":"https:\/\/www.claret.org\/fr\/wp-json\/wp\/v2\/tags?post=165400"}],"curies":[{"name":"wp","href":"https:\/\/api.w.org\/{rel}","templated":true}]}}