{"id":166010,"date":"2024-05-06T10:35:48","date_gmt":"2024-05-06T08:35:48","guid":{"rendered":"https:\/\/www.claret.org\/debut-du-cours-de-formateurs-claretains-a-vic-espagne\/"},"modified":"2024-05-06T10:35:48","modified_gmt":"2024-05-06T08:35:48","slug":"debut-du-cours-de-formateurs-claretains-a-vic-espagne","status":"publish","type":"post","link":"https:\/\/www.claret.org\/fr\/debut-du-cours-de-formateurs-claretains-a-vic-espagne\/","title":{"rendered":"D\u00e9but du cours de formateurs clar\u00e9tains \u00e0 Vic, Espagne"},"content":{"rendered":"\r\n<p class=\"has-drop-cap\"><strong>Vic, Espagne. <\/strong>Le cours de formation pour formateurs a d\u00e9but\u00e9 le 1er mai 2024 \u00e0 l&rsquo;\u00c9cole du C\u0153ur de Marie, une initiative de la Pr\u00e9fecture G\u00e9n\u00e9rale de Formation du Gouvernement G\u00e9n\u00e9ral. L&rsquo;\u00e9v\u00e9nement, organis\u00e9 par la Maison de Spiritualit\u00e9 Claret \u00e0 Vic, a r\u00e9uni treize participants de neuf Organismes Majeurs.<\/p>\r\n\r\n\r\n\r\n<p>Cette ann\u00e9e, les participants comprennent des formateurs du Br\u00e9sil, d&rsquo;Am\u00e9rique centrale, de Colombie-Venezuela, de Fatima, de Mae Da Africa, de Padre Xifre, du P\u00e9rou-Bolivie, de St Charles Lwanga et de San Jos\u00e9 del Sur. Le programme est divis\u00e9 en trois phases qui se d\u00e9rouleront \u00e0 Vic, Barbastro et Madrid et dureront jusqu&rsquo;en juin.<\/p>\r\n\r\n\r\n\r\n<p>Joseph Mbungu, CMF, Pr\u00e9fet G\u00e9n\u00e9ral pour la Formation, a pr\u00e9sid\u00e9 l&rsquo;ouverture du cours par une Eucharistie suivie d&rsquo;une pr\u00e9sentation introductive. Le cours a commenc\u00e9 par une retraite et s&rsquo;est poursuivi avec des th\u00e8mes tels que l&rsquo;histoire de la Congr\u00e9gation et les processus d&rsquo;interculturalit\u00e9. Ces discussions seront enrichies par des exercices pratiques et des visites de lieux clar\u00e9tains importants.<\/p>\r\n","protected":false},"excerpt":{"rendered":"<p>Vic, Espagne. Le cours de formation pour formateurs a d\u00e9but\u00e9 le 1er mai 2024 \u00e0 l&rsquo;\u00c9cole du C\u0153ur de Marie, une initiative de la Pr\u00e9fecture G\u00e9n\u00e9rale de Formation du Gouvernement G\u00e9n\u00e9ral. L&rsquo;\u00e9v\u00e9nement, organis\u00e9 par la Maison de Spiritualit\u00e9 Claret \u00e0 Vic, a r\u00e9uni treize participants de neuf Organismes Majeurs.<\/p>\n","protected":false},"author":69,"featured_media":165854,"comment_status":"closed","ping_status":"closed","sticky":false,"template":"","format":"standard","meta":{"_et_pb_use_builder":"","_et_pb_old_content":"","_et_gb_content_width":"","footnotes":""},"categories":[398,497],"tags":[],"class_list":["post-166010","post","type-post","status-publish","format-standard","has-post-thumbnail","hentry","category-cesc-fr","category-formation-fr"],"jetpack_featured_media_url":"https:\/\/i0.wp.com\/www.claret.org\/wp-content\/uploads\/2024\/05\/IMG_3817-scaled.jpg?fit=2880%2C2160&ssl=1","jetpack_sharing_enabled":true,"jetpack_shortlink":"https:\/\/wp.me\/pdaBmi-HbA","jetpack_likes_enabled":true,"_links":{"self":[{"href":"https:\/\/www.claret.org\/fr\/wp-json\/wp\/v2\/posts\/166010","targetHints":{"allow":["GET"]}}],"collection":[{"href":"https:\/\/www.claret.org\/fr\/wp-json\/wp\/v2\/posts"}],"about":[{"href":"https:\/\/www.claret.org\/fr\/wp-json\/wp\/v2\/types\/post"}],"author":[{"embeddable":true,"href":"https:\/\/www.claret.org\/fr\/wp-json\/wp\/v2\/users\/69"}],"replies":[{"embeddable":true,"href":"https:\/\/www.claret.org\/fr\/wp-json\/wp\/v2\/comments?post=166010"}],"version-history":[{"count":0,"href":"https:\/\/www.claret.org\/fr\/wp-json\/wp\/v2\/posts\/166010\/revisions"}],"wp:featuredmedia":[{"embeddable":true,"href":"https:\/\/www.claret.org\/fr\/wp-json\/wp\/v2\/media\/165854"}],"wp:attachment":[{"href":"https:\/\/www.claret.org\/fr\/wp-json\/wp\/v2\/media?parent=166010"}],"wp:term":[{"taxonomy":"category","embeddable":true,"href":"https:\/\/www.claret.org\/fr\/wp-json\/wp\/v2\/categories?post=166010"},{"taxonomy":"post_tag","embeddable":true,"href":"https:\/\/www.claret.org\/fr\/wp-json\/wp\/v2\/tags?post=166010"}],"curies":[{"name":"wp","href":"https:\/\/api.w.org\/{rel}","templated":true}]}}