{"id":16679,"date":"2018-04-15T18:55:15","date_gmt":"2018-04-15T16:55:15","guid":{"rendered":"https:\/\/www.claret.org\/le-p-artur-teixeira-assiste-a-la-5e-session-de-la-comission-de-peuplement-et-developpement-a-lonu\/"},"modified":"2018-04-15T18:55:15","modified_gmt":"2018-04-15T16:55:15","slug":"le-p-artur-teixeira-assiste-a-la-5e-session-de-la-comission-de-peuplement-et-developpement-a-lonu","status":"publish","type":"post","link":"https:\/\/www.claret.org\/fr\/le-p-artur-teixeira-assiste-a-la-5e-session-de-la-comission-de-peuplement-et-developpement-a-lonu\/","title":{"rendered":"LE. P. ARTUR TEIXEIRA ASSISTE \u00c0 LA 5e SESSION DE LA COMISSION DE PEUPLEMENT ET D\u00c9VELOPPEMENT \u00c0 L\u2019ONU"},"content":{"rendered":"<p><strong>New York, EE, UU. <\/strong>Du 8 au 15 avril, le Pr\u00e9fet G\u00e9n\u00e9ral d\u2019Apostolat et Pr\u00e9sident de la Junte de <a href=\"http:\/\/www.procladeint.org\" target=\"_blank\" rel=\"noopener nofollow\"><em>Proclade Internazionale<\/em><\/a>, P. Artur Teixeira CMF, a assist\u00e9 \u00e0 la <a href=\"http:\/\/www.un.org\/en\/development\/desa\/population\/commission\/sessions\/2018\/index.shtml\" target=\"_blank\" rel=\"noopener nofollow\">51\u00e8me session de la Commission sur Peuplement et D\u00e9veloppement<\/a> intitul\u00e9e : \u00ab Villes soutenables, mobilit\u00e9 humaine et migration internationale \u00bb au Si\u00e8ge des Nations Unies \u00e0 New York (\u00c9tats-Unis).<\/p>\n<p><strong><img data-recalc-dims=\"1\" loading=\"lazy\" decoding=\"async\" class=\"alignleft wp-image-16397\" src=\"https:\/\/i0.wp.com\/www.claret.org\/wp-content\/uploads\/2018\/04\/UN-visit-2018-ECOSOC-1.jpg?resize=464%2C348&#038;ssl=1\" alt=\"\" width=\"464\" height=\"348\" title=\"\" srcset=\"https:\/\/i0.wp.com\/www.claret.org\/wp-content\/uploads\/2018\/04\/UN-visit-2018-ECOSOC-1.jpg?w=1280&amp;ssl=1 1280w, https:\/\/i0.wp.com\/www.claret.org\/wp-content\/uploads\/2018\/04\/UN-visit-2018-ECOSOC-1.jpg?resize=300%2C225&amp;ssl=1 300w, https:\/\/i0.wp.com\/www.claret.org\/wp-content\/uploads\/2018\/04\/UN-visit-2018-ECOSOC-1.jpg?resize=768%2C576&amp;ssl=1 768w, https:\/\/i0.wp.com\/www.claret.org\/wp-content\/uploads\/2018\/04\/UN-visit-2018-ECOSOC-1.jpg?resize=1024%2C768&amp;ssl=1 1024w, https:\/\/i0.wp.com\/www.claret.org\/wp-content\/uploads\/2018\/04\/UN-visit-2018-ECOSOC-1.jpg?resize=510%2C382&amp;ssl=1 510w, https:\/\/i0.wp.com\/www.claret.org\/wp-content\/uploads\/2018\/04\/UN-visit-2018-ECOSOC-1.jpg?resize=1080%2C810&amp;ssl=1 1080w\" sizes=\"(max-width: 464px) 100vw, 464px\" \/><\/strong>\u00c9galement il a assist\u00e9 \u00e0 une rencontre avec le Coordinateur du Groupe de ONG, lequel est membre du  <a href=\"https:\/\/www.un.org\/ecosoc\/en\/home\" target=\"_blank\" rel=\"noopener nofollow\">Conseil \u00c9conomique et Social des Nations Unies<\/a> (ECOSOC), et avec le groupe il s\u2019est centre sur l\u2019industrie mini\u00e8re. \u00c9galement il a eu l\u2019occasion de visiter l\u2019Observatoire Permanent du Saint Si\u00e8ge, tout comme <a href=\"http:\/\/vivatinternational.org\/\" target=\"_blank\" rel=\"noopener nofollow\">Vivat International<\/a> et <a href=\"https:\/\/www.caritas.org\/\" target=\"_blank\" rel=\"noopener nofollow\">Caritas International<\/a>e. De plus il a particip\u00e9 \u00e0 une r\u00e9union tr\u00e8s productive avec l\u2019ONU.<\/p>\n<p>Le 12 avril, lui et le Fr. Dominic CMF, ont rencontr\u00e9 le Secr\u00e9taire G\u00e9n\u00e9ral de l\u2019ONU, Son Excellence Ant\u00f3nio Guterres. Le P. Artur a exprim\u00e9 sa gratitude au Secr\u00e9taire. Le P. Artur a inform\u00e9 le Secr\u00e9taire G\u00e9n\u00e9ral sur nos efforts missionnaires partout dans le monde et sur notre pr\u00e9sence, encore r\u00e9cente, \u00e0 l\u2019ONU<\/p>\n<blockquote><p>\u00ab \u00c0 un moment de la conversation, il nous a interrog\u00e9 sur notre pr\u00e9sence dans d\u2019autres forums de l\u2019ONU, en plus de ECOSOC. Par apr\u00e8s le Secr\u00e9taire G\u00e9n\u00e9ral nous a encourag\u00e9 \u00e0 nous engager dans les milieux globaux, locaux, r\u00e9gionaux nationaux afin de susciter un monde meilleur \u00bb, a \u00e9crit le P. Artur dans son compte de Facebook<\/p><\/blockquote>\n<p>Le P. Artur a \u00e9t\u00e9 bien re\u00e7u et accueilli fraternellement chez la communaut\u00e9 de Perth-Amboy au New Jersey, et il a partag\u00e9 quelques bon moments avec les membres de la communaut\u00e9. tout comme avec les jeunes et fid\u00e8les paroissiens de la Paroisse Notre Dame de Fatima. En fin de semaine il a rencontr\u00e9 en guise de conclusion, avec le P. Rohan, lequel depuis un an, d\u00e9j\u00e0, il nous repr\u00e9sente \u00e0 l\u2019ONU.<\/p>\n<p><img data-recalc-dims=\"1\" loading=\"lazy\" decoding=\"async\" class=\"alignleft size-full wp-image-16409\" src=\"https:\/\/i0.wp.com\/www.claret.org\/wp-content\/uploads\/2018\/04\/UN-visit-2018-ECOSOC-7.jpg?resize=1080%2C810&#038;ssl=1\" alt=\"\" width=\"1080\" height=\"810\" title=\"\" srcset=\"https:\/\/i0.wp.com\/www.claret.org\/wp-content\/uploads\/2018\/04\/UN-visit-2018-ECOSOC-7.jpg?w=1280&amp;ssl=1 1280w, https:\/\/i0.wp.com\/www.claret.org\/wp-content\/uploads\/2018\/04\/UN-visit-2018-ECOSOC-7.jpg?resize=300%2C225&amp;ssl=1 300w, https:\/\/i0.wp.com\/www.claret.org\/wp-content\/uploads\/2018\/04\/UN-visit-2018-ECOSOC-7.jpg?resize=768%2C576&amp;ssl=1 768w, https:\/\/i0.wp.com\/www.claret.org\/wp-content\/uploads\/2018\/04\/UN-visit-2018-ECOSOC-7.jpg?resize=1024%2C768&amp;ssl=1 1024w, https:\/\/i0.wp.com\/www.claret.org\/wp-content\/uploads\/2018\/04\/UN-visit-2018-ECOSOC-7.jpg?resize=510%2C382&amp;ssl=1 510w, https:\/\/i0.wp.com\/www.claret.org\/wp-content\/uploads\/2018\/04\/UN-visit-2018-ECOSOC-7.jpg?resize=1080%2C810&amp;ssl=1 1080w\" sizes=\"(max-width: 1080px) 100vw, 1080px\" \/><\/p>\n","protected":false},"excerpt":{"rendered":"<p>New York, EE, UU. Du 8 au 15 avril, le Pr\u00e9fet G\u00e9n\u00e9ral d\u2019Apostolat et Pr\u00e9sident de la Junte de Proclade Internazionale, P. Artur Teixeira CMF, a assist\u00e9 \u00e0 la 51\u00e8me session de la Commission sur Peuplement et D\u00e9veloppement intitul\u00e9e : \u00ab Villes soutenables, mobilit\u00e9 humaine et migration internationale \u00bb au Si\u00e8ge des Nations Unies \u00e0 [&hellip;]<\/p>\n","protected":false},"author":2,"featured_media":16404,"comment_status":"closed","ping_status":"closed","sticky":false,"template":"","format":"standard","meta":{"_et_pb_use_builder":"","_et_pb_old_content":"","_et_gb_content_width":"","footnotes":""},"categories":[407,453],"tags":[],"class_list":["post-16679","post","type-post","status-publish","format-standard","has-post-thumbnail","hentry","category-apostolat","category-presence-de-lonu"],"jetpack_featured_media_url":"https:\/\/i0.wp.com\/www.claret.org\/wp-content\/uploads\/2018\/04\/UN-visit-2018-ECOSOC-2.jpg?fit=1280%2C853&ssl=1","jetpack_sharing_enabled":true,"jetpack_shortlink":"https:\/\/wp.me\/pdaBmi-4l1","jetpack_likes_enabled":true,"_links":{"self":[{"href":"https:\/\/www.claret.org\/fr\/wp-json\/wp\/v2\/posts\/16679","targetHints":{"allow":["GET"]}}],"collection":[{"href":"https:\/\/www.claret.org\/fr\/wp-json\/wp\/v2\/posts"}],"about":[{"href":"https:\/\/www.claret.org\/fr\/wp-json\/wp\/v2\/types\/post"}],"author":[{"embeddable":true,"href":"https:\/\/www.claret.org\/fr\/wp-json\/wp\/v2\/users\/2"}],"replies":[{"embeddable":true,"href":"https:\/\/www.claret.org\/fr\/wp-json\/wp\/v2\/comments?post=16679"}],"version-history":[{"count":0,"href":"https:\/\/www.claret.org\/fr\/wp-json\/wp\/v2\/posts\/16679\/revisions"}],"wp:featuredmedia":[{"embeddable":true,"href":"https:\/\/www.claret.org\/fr\/wp-json\/wp\/v2\/media\/16404"}],"wp:attachment":[{"href":"https:\/\/www.claret.org\/fr\/wp-json\/wp\/v2\/media?parent=16679"}],"wp:term":[{"taxonomy":"category","embeddable":true,"href":"https:\/\/www.claret.org\/fr\/wp-json\/wp\/v2\/categories?post=16679"},{"taxonomy":"post_tag","embeddable":true,"href":"https:\/\/www.claret.org\/fr\/wp-json\/wp\/v2\/tags?post=16679"}],"curies":[{"name":"wp","href":"https:\/\/api.w.org\/{rel}","templated":true}]}}