{"id":175822,"date":"2025-01-02T10:14:59","date_gmt":"2025-01-02T09:14:59","guid":{"rendered":"https:\/\/www.claret.org\/celebrant-lappel-de-dieu-ordinations-de-fabio-antonio-rivas-cmf-et-david-martinez-gomez-cmf\/"},"modified":"2025-01-02T10:39:06","modified_gmt":"2025-01-02T09:39:06","slug":"celebrant-lappel-de-dieu-ordinations-de-fabio-antonio-rivas-cmf-et-david-martinez-gomez-cmf","status":"publish","type":"post","link":"https:\/\/www.claret.org\/fr\/celebrant-lappel-de-dieu-ordinations-de-fabio-antonio-rivas-cmf-et-david-martinez-gomez-cmf\/","title":{"rendered":"C\u00e9l\u00e9brant l&rsquo;appel de Dieu : Ordinations de Fabio Antonio Rivas, CMF, et David Mart\u00ednez G\u00f3mez, CMF"},"content":{"rendered":"\n<p class=\"has-drop-cap\"><p><b>Managua, Nicaragua, et Tela, Honduras.<\/b><span style=\"font-weight: 400;\"> D\u00e9cembre 2024 a marqu\u00e9 des \u00e9tapes importantes pour la communaut\u00e9 clar\u00e9taine avec les ordinations de Fabio Antonio Rivas, CMF, \u00e0 Managua, et David Mart\u00ednez G\u00f3mez, CMF, \u00e0 Tela, c\u00e9l\u00e9br\u00e9es lors de c\u00e9r\u00e9monies empreintes de foi, de joie et de gratitude.<\/span><\/p><\/p>\n\n<p>L&rsquo;ordination de Fabio Antonio Rivas, CMF, a eu lieu le 4 d\u00e9cembre 2024, dans la paroisse Guadalupe C\u0153ur de Marie \u00e0 Managua. La c\u00e9r\u00e9monie, pr\u00e9sid\u00e9e par le cardinal Leopoldo Brenes, a r\u00e9uni famille, amis, clerg\u00e9 et paroissiens. Le P\u00e8re Carlos Salvador Menj\u00edvar, CMF, sup\u00e9rieur de la communaut\u00e9 clar\u00e9taine au Nicaragua, a pr\u00e9sent\u00e9 le P\u00e8re Rivas pour son ordination. \u00ab Dieu a \u00e9t\u00e9 grand avec nous, et pour cela nous sommes joyeux \u00bb, a r\u00e9sonn\u00e9 tout au long de la c\u00e9l\u00e9bration, marquant une pr\u00e9sence pastorale renouvel\u00e9e dans une paroisse qui avait travers\u00e9 une p\u00e9riode sans pr\u00eatre r\u00e9sident.&#13;\n<\/p>\n\n<p>Dans son hom\u00e9lie, le cardinal Brenes a exprim\u00e9 sa gratitude envers les Missionnaires Clar\u00e9tains pour leur d\u00e9vouement et a encourag\u00e9 les paroissiens \u00e0 soutenir leur nouveau pr\u00eatre. Le P\u00e8re Rivas, dans ses mots de gratitude, a d\u00e9clar\u00e9 : \u00ab Me voici, Seigneur ; envoie-moi \u00bb, affirmant son engagement \u00e0 servir sa communaut\u00e9 comme Fils du C\u0153ur de Marie.&#13;\n<\/p>\n\n<p><\/p>\n\n<figure class=\"wp-block-gallery has-nested-images columns-default is-cropped wp-block-gallery-1 is-layout-flex wp-block-gallery-is-layout-flex\">\n<figure class=\"wp-block-image size-large\"><img data-recalc-dims=\"1\" loading=\"lazy\" decoding=\"async\" width=\"1024\" height=\"684\" data-id=\"175786\" src=\"https:\/\/i0.wp.com\/www.claret.org\/wp-content\/uploads\/2025\/01\/2024-12-19-Presbyteral-Ordination-Centroamerica-1.jpeg?resize=1024%2C684&#038;ssl=1\" alt=\"\" class=\"wp-image-175786\" title=\"\" srcset=\"https:\/\/www.claret.org\/wp-content\/uploads\/2025\/01\/2024-12-19-Presbyteral-Ordination-Centroamerica-1-980x654.jpeg 980w, https:\/\/www.claret.org\/wp-content\/uploads\/2025\/01\/2024-12-19-Presbyteral-Ordination-Centroamerica-1-480x320.jpeg 480w\" sizes=\"(min-width: 0px) and (max-width: 480px) 480px, (min-width: 481px) and (max-width: 980px) 980px, (min-width: 981px) 1024px, 100vw\" \/><\/figure>\n\n\n\n<figure class=\"wp-block-image size-large\"><img data-recalc-dims=\"1\" loading=\"lazy\" decoding=\"async\" width=\"1024\" height=\"684\" data-id=\"175783\" src=\"https:\/\/i0.wp.com\/www.claret.org\/wp-content\/uploads\/2025\/01\/2024-12-19-Presbyteral-Ordination-Centroamerica-2.jpeg?resize=1024%2C684&#038;ssl=1\" alt=\"\" class=\"wp-image-175783\" title=\"\" srcset=\"https:\/\/www.claret.org\/wp-content\/uploads\/2025\/01\/2024-12-19-Presbyteral-Ordination-Centroamerica-2-980x654.jpeg 980w, https:\/\/www.claret.org\/wp-content\/uploads\/2025\/01\/2024-12-19-Presbyteral-Ordination-Centroamerica-2-480x320.jpeg 480w\" sizes=\"(min-width: 0px) and (max-width: 480px) 480px, (min-width: 481px) and (max-width: 980px) 980px, (min-width: 981px) 1024px, 100vw\" \/><\/figure>\n\n\n\n<figure class=\"wp-block-image size-large\"><img data-recalc-dims=\"1\" loading=\"lazy\" decoding=\"async\" width=\"683\" height=\"1024\" data-id=\"175777\" src=\"https:\/\/i0.wp.com\/www.claret.org\/wp-content\/uploads\/2025\/01\/2024-12-19-Presbyteral-Ordination-Centroamerica-3.jpeg?resize=683%2C1024&#038;ssl=1\" alt=\"\" class=\"wp-image-175777\" title=\"\" srcset=\"https:\/\/www.claret.org\/wp-content\/uploads\/2025\/01\/2024-12-19-Presbyteral-Ordination-Centroamerica-3-683x1024.jpeg 683w, https:\/\/www.claret.org\/wp-content\/uploads\/2025\/01\/2024-12-19-Presbyteral-Ordination-Centroamerica-3-480x719.jpeg 480w\" sizes=\"(min-width: 0px) and (max-width: 480px) 480px, (min-width: 481px) 683px, 100vw\" \/><\/figure>\n<\/figure>\n\n<p><\/p>\n\n<p>Le 14 d\u00e9cembre 2024, \u00e0 Puerto de Tela, dans la paroisse San Antonio de Padua, David Mart\u00ednez G\u00f3mez, CMF, a \u00e9t\u00e9 ordonn\u00e9 par Mgr \u00c1ngel Garachana P\u00e9rez, CMF. La c\u00e9l\u00e9bration refl\u00e9tait le charisme clar\u00e9tain, r\u00e9unissant fid\u00e8les, Missionnaires Clar\u00e9tains, la Fraternit\u00e9 de Marie et les P\u00e8res Eudistes dans une atmosph\u00e8re familiale remplie de chants de joie et de gratitude.<\/p>\n\n<p>\u00ab Mystique et po\u00e9sie, Saint Jean de la Croix, quatorze d\u00e9cembre, quelle grande joie \u00bb, a d\u00e9crit le moment o\u00f9 David Mart\u00ednez G\u00f3mez s\u2019est abandonn\u00e9 \u00e0 Dieu et a re\u00e7u la gr\u00e2ce de la cons\u00e9cration presbyt\u00e9rale. En repensant \u00e0 cette journ\u00e9e, les t\u00e9moins ont rappel\u00e9 un moment \u00e9mouvant o\u00f9 la pluie symbolisait des larmes de joie venant du ciel, tandis que ses parents voyaient leur fils achever son chemin vers la pr\u00eatrise.&#13;\n<\/p>\n\n<p><\/p>\n\n<figure class=\"wp-block-image size-large\"><img data-recalc-dims=\"1\" loading=\"lazy\" decoding=\"async\" width=\"1024\" height=\"462\" src=\"https:\/\/i0.wp.com\/www.claret.org\/wp-content\/uploads\/2025\/01\/2024-12-19-Presbyteral-Ordination-Centroamerica-6.jpg?resize=1024%2C462&#038;ssl=1\" alt=\"\" class=\"wp-image-175807\" title=\"\" srcset=\"https:\/\/www.claret.org\/wp-content\/uploads\/2025\/01\/2024-12-19-Presbyteral-Ordination-Centroamerica-6-980x442.jpg 980w, https:\/\/www.claret.org\/wp-content\/uploads\/2025\/01\/2024-12-19-Presbyteral-Ordination-Centroamerica-6-480x216.jpg 480w\" sizes=\"(min-width: 0px) and (max-width: 480px) 480px, (min-width: 481px) and (max-width: 980px) 980px, (min-width: 981px) 1024px, 100vw\" \/><\/figure>\n\n<p><\/p>\n\n<p>Les Missionnaires Clar\u00e9tains ont exprim\u00e9 leur gratitude pour les vocations des P\u00e8res Rivas et Mart\u00ednez G\u00f3mez et ont pri\u00e9 pour que davantage d\u2019ouvriers soient envoy\u00e9s dans les champs du Seigneur. Ils ont r\u00e9affirm\u00e9 leur mission de proclamer la Bonne Nouvelle avec des c\u0153urs ouverts et disponibles.&#13;\n<\/p>\n\n<p><p><b><i>Source<\/i><\/b><i><span style=\"font-weight: 400;\"> : E. Onel Antonio P\u00e9rez, CMF, et Josu\u00e9 Lemus Cruz, CMF.<\/span><\/i><\/p><\/p>\n\n<p><\/p>\n\n<figure class=\"wp-block-image size-large\"><img data-recalc-dims=\"1\" loading=\"lazy\" decoding=\"async\" width=\"1080\" height=\"608\" src=\"https:\/\/i0.wp.com\/www.claret.org\/wp-content\/uploads\/2025\/01\/2024-12-19-Presbyteral-Ordination-Centroamerica-5-edited.jpg?resize=1080%2C608&#038;ssl=1\" alt=\"\" class=\"wp-image-175813\" title=\"\" srcset=\"https:\/\/www.claret.org\/wp-content\/uploads\/2025\/01\/2024-12-19-Presbyteral-Ordination-Centroamerica-5-edited.jpg 1600w, https:\/\/www.claret.org\/wp-content\/uploads\/2025\/01\/2024-12-19-Presbyteral-Ordination-Centroamerica-5-edited-1280x720.jpg 1280w, https:\/\/www.claret.org\/wp-content\/uploads\/2025\/01\/2024-12-19-Presbyteral-Ordination-Centroamerica-5-edited-980x551.jpg 980w, https:\/\/www.claret.org\/wp-content\/uploads\/2025\/01\/2024-12-19-Presbyteral-Ordination-Centroamerica-5-edited-480x270.jpg 480w\" sizes=\"(min-width: 0px) and (max-width: 480px) 480px, (min-width: 481px) and (max-width: 980px) 980px, (min-width: 981px) and (max-width: 1280px) 1280px, (min-width: 1281px) 1600px, 100vw\" \/><\/figure>\n","protected":false},"excerpt":{"rendered":"<p>Managua, Nicaragua, et Tela, Honduras. D\u00e9cembre 2024 a marqu\u00e9 des \u00e9tapes importantes pour la communaut\u00e9 clar\u00e9taine avec les ordinations de Fabio Antonio Rivas, CMF, \u00e0 Managua, et David Mart\u00ednez G\u00f3mez, CMF, \u00e0 Tela, c\u00e9l\u00e9br\u00e9es lors de c\u00e9r\u00e9monies empreintes de foi, de joie et de gratitude. L&rsquo;ordination de Fabio Antonio Rivas, CMF, a eu lieu le [&hellip;]<\/p>\n","protected":false},"author":1009,"featured_media":175772,"comment_status":"closed","ping_status":"closed","sticky":false,"template":"","format":"standard","meta":{"_et_pb_use_builder":"","_et_pb_old_content":"","_et_gb_content_width":"","footnotes":""},"categories":[369,575],"tags":[],"class_list":["post-175822","post","type-post","status-publish","format-standard","has-post-thumbnail","hentry","category-centroamerica-fr","category-ordinations-fr"],"jetpack_featured_media_url":"https:\/\/i0.wp.com\/www.claret.org\/wp-content\/uploads\/2025\/01\/2024-12-19-Presbyteral-Ordination-Centroamerica-0.png?fit=1920%2C1080&ssl=1","jetpack_sharing_enabled":true,"jetpack_shortlink":"https:\/\/wp.me\/pdaBmi-JJQ","jetpack_likes_enabled":true,"_links":{"self":[{"href":"https:\/\/www.claret.org\/fr\/wp-json\/wp\/v2\/posts\/175822","targetHints":{"allow":["GET"]}}],"collection":[{"href":"https:\/\/www.claret.org\/fr\/wp-json\/wp\/v2\/posts"}],"about":[{"href":"https:\/\/www.claret.org\/fr\/wp-json\/wp\/v2\/types\/post"}],"author":[{"embeddable":true,"href":"https:\/\/www.claret.org\/fr\/wp-json\/wp\/v2\/users\/1009"}],"replies":[{"embeddable":true,"href":"https:\/\/www.claret.org\/fr\/wp-json\/wp\/v2\/comments?post=175822"}],"version-history":[{"count":1,"href":"https:\/\/www.claret.org\/fr\/wp-json\/wp\/v2\/posts\/175822\/revisions"}],"predecessor-version":[{"id":175823,"href":"https:\/\/www.claret.org\/fr\/wp-json\/wp\/v2\/posts\/175822\/revisions\/175823"}],"wp:featuredmedia":[{"embeddable":true,"href":"https:\/\/www.claret.org\/fr\/wp-json\/wp\/v2\/media\/175772"}],"wp:attachment":[{"href":"https:\/\/www.claret.org\/fr\/wp-json\/wp\/v2\/media?parent=175822"}],"wp:term":[{"taxonomy":"category","embeddable":true,"href":"https:\/\/www.claret.org\/fr\/wp-json\/wp\/v2\/categories?post=175822"},{"taxonomy":"post_tag","embeddable":true,"href":"https:\/\/www.claret.org\/fr\/wp-json\/wp\/v2\/tags?post=175822"}],"curies":[{"name":"wp","href":"https:\/\/api.w.org\/{rel}","templated":true}]}}