{"id":176339,"date":"2025-01-28T18:20:38","date_gmt":"2025-01-28T17:20:38","guid":{"rendered":"https:\/\/www.claret.org\/la-province-colombia-venezuela-reelit-son-superieur-provincial\/"},"modified":"2025-01-28T18:58:15","modified_gmt":"2025-01-28T17:58:15","slug":"la-province-colombia-venezuela-reelit-son-superieur-provincial","status":"publish","type":"post","link":"https:\/\/www.claret.org\/fr\/la-province-colombia-venezuela-reelit-son-superieur-provincial\/","title":{"rendered":"La province Colombia-Venezuela r\u00e9\u00e9lit son sup\u00e9rieur provincial"},"content":{"rendered":"\n<p>Avec grande joie, nous annon\u00e7ons la r\u00e9\u00e9lection du P. Luis Armando Valencia, CMF, lors du IV Chapitre Provincial pour un mandat de six ans (2025-2031).<\/p>\n\n<p>N\u00e9 le 16 janvier 1968 \u00e0 Tutunendo, Choc\u00f3 (Colombie), le P. Luis Armando a termin\u00e9 sa formation initiale \u00e0 Medell\u00edn. Il a fait sa Premi\u00e8re Profession le 26 janvier 1992, sa Profession Perp\u00e9tuelle le 19 janvier 1997 et a \u00e9t\u00e9 ordonn\u00e9 pr\u00eatre le 13 d\u00e9cembre 1998. Tout au long de son minist\u00e8re, il a servi avec d\u00e9vouement dans diverses responsabilit\u00e9s missionnaires et de leadership dans toute la Province.<\/p>\n\n<p>Que l&rsquo;Esprit Saint continue de l&rsquo;\u00e9clairer avec sagesse et force pour guider notre mission clar\u00e9taine.<\/p>\n","protected":false},"excerpt":{"rendered":"<p>Avec grande joie, nous annon\u00e7ons la r\u00e9\u00e9lection du P. Luis Armando Valencia, CMF, lors du IV Chapitre Provincial pour un mandat de six ans (2025-2031). N\u00e9 le 16 janvier 1968 \u00e0 Tutunendo, Choc\u00f3 (Colombie), le P. Luis Armando a termin\u00e9 sa formation initiale \u00e0 Medell\u00edn. Il a fait sa Premi\u00e8re Profession le 26 janvier 1992, [&hellip;]<\/p>\n","protected":false},"author":1009,"featured_media":176350,"comment_status":"closed","ping_status":"closed","sticky":false,"template":"","format":"standard","meta":{"_et_pb_use_builder":"","_et_pb_old_content":"","_et_gb_content_width":"","footnotes":""},"categories":[5446,374],"tags":[],"class_list":["post-176339","post","type-post","status-publish","format-standard","has-post-thumbnail","hentry","category-chapitres-et-assemblees","category-colombia-venezuela-fr"],"jetpack_featured_media_url":"https:\/\/i0.wp.com\/www.claret.org\/wp-content\/uploads\/2025\/01\/2025-01-28-Reelected-Provincial-Provincial-ColVen-1.png?fit=1920%2C1080&ssl=1","jetpack_sharing_enabled":true,"jetpack_shortlink":"https:\/\/wp.me\/pdaBmi-JSb","jetpack_likes_enabled":true,"_links":{"self":[{"href":"https:\/\/www.claret.org\/fr\/wp-json\/wp\/v2\/posts\/176339","targetHints":{"allow":["GET"]}}],"collection":[{"href":"https:\/\/www.claret.org\/fr\/wp-json\/wp\/v2\/posts"}],"about":[{"href":"https:\/\/www.claret.org\/fr\/wp-json\/wp\/v2\/types\/post"}],"author":[{"embeddable":true,"href":"https:\/\/www.claret.org\/fr\/wp-json\/wp\/v2\/users\/1009"}],"replies":[{"embeddable":true,"href":"https:\/\/www.claret.org\/fr\/wp-json\/wp\/v2\/comments?post=176339"}],"version-history":[{"count":3,"href":"https:\/\/www.claret.org\/fr\/wp-json\/wp\/v2\/posts\/176339\/revisions"}],"predecessor-version":[{"id":176357,"href":"https:\/\/www.claret.org\/fr\/wp-json\/wp\/v2\/posts\/176339\/revisions\/176357"}],"wp:featuredmedia":[{"embeddable":true,"href":"https:\/\/www.claret.org\/fr\/wp-json\/wp\/v2\/media\/176350"}],"wp:attachment":[{"href":"https:\/\/www.claret.org\/fr\/wp-json\/wp\/v2\/media?parent=176339"}],"wp:term":[{"taxonomy":"category","embeddable":true,"href":"https:\/\/www.claret.org\/fr\/wp-json\/wp\/v2\/categories?post=176339"},{"taxonomy":"post_tag","embeddable":true,"href":"https:\/\/www.claret.org\/fr\/wp-json\/wp\/v2\/tags?post=176339"}],"curies":[{"name":"wp","href":"https:\/\/api.w.org\/{rel}","templated":true}]}}