{"id":177135,"date":"2025-02-19T18:09:13","date_gmt":"2025-02-19T17:09:13","guid":{"rendered":"https:\/\/www.claret.org\/tisser-des-reseaux-pour-la-justice-la-paix-et-la-defense-de-la-creation\/"},"modified":"2025-02-19T18:23:00","modified_gmt":"2025-02-19T17:23:00","slug":"tisser-des-reseaux-pour-la-justice-la-paix-et-la-defense-de-la-creation","status":"publish","type":"post","link":"https:\/\/www.claret.org\/fr\/tisser-des-reseaux-pour-la-justice-la-paix-et-la-defense-de-la-creation\/","title":{"rendered":"Tisser des r\u00e9seaux pour la justice, la paix et la d\u00e9fense de la Cr\u00e9ation"},"content":{"rendered":"\n<p class=\"has-drop-cap\"><p><b>Rome, Italie.<\/b><span style=\"font-weight: 400;\"> Environ 130 personnes ont particip\u00e9, du 10 au 14 f\u00e9vrier 2025, \u00e0 un atelier visant \u00e0 approfondir la compr\u00e9hension de la Justice, de la Paix et de l\u2019Int\u00e9grit\u00e9 de la Cr\u00e9ation (JPIC) et son r\u00f4le dans la transformation syst\u00e9mique du monde, dans le contexte de l\u2019Ann\u00e9e jubilaire. L\u2019\u00e9v\u00e9nement, accessible \u00e0 la fois en ligne et en pr\u00e9sentiel \u00e0 Rome, a rassembl\u00e9 des participants des cinq continents autour de vingt sessions soigneusement pr\u00e9par\u00e9es et structur\u00e9es, avec des intervenants ayant une grande expertise et exp\u00e9rience. L\u2019atelier a \u00e9t\u00e9 organis\u00e9 avec rigueur par la Commission JPIC, soutenue par les unions masculine et f\u00e9minine des sup\u00e9rieurs g\u00e9n\u00e9raux (UISG-USG).<\/span><\/p><\/p>\n\n<p>La premi\u00e8re journ\u00e9e a \u00e9t\u00e9 consacr\u00e9e aux fondements bibliques et spirituels de l\u2019engagement pour la Justice, la Paix et l\u2019Int\u00e9grit\u00e9 de la Cr\u00e9ation (JPIC). Les sessions suivantes ont approfondi les approches syst\u00e9miques de transformation, les m\u00e9thodologies d\u2019analyse de la r\u00e9alit\u00e9 ainsi que le discernement des actions et des engagements. Plusieurs sessions ont port\u00e9 sur le travail de plaidoyer et l\u2019organisation de groupes, de bureaux et de ressources.&#13;\n<\/p>\n\n<p>Les expos\u00e9s th\u00e9oriques ont \u00e9t\u00e9 entrecoup\u00e9s de moments d\u2019interpellation des intervenants, de dialogue et de pri\u00e8re. Le sens du Jubil\u00e9 a constitu\u00e9 un fil conducteur reliant de nombreuses interventions, qui ont mis en lumi\u00e8re les d\u00e9fis actuels de la communaut\u00e9 internationale et ont accord\u00e9 une attention particuli\u00e8re \u00e0 l\u2019appel du Pape Fran\u00e7ois \u00e0 l\u2019annulation des dettes financi\u00e8res et \u00e9cologiques. Quatre tables rondes soigneusement organis\u00e9es, rassemblant des voix de divers continents, ont permis d\u2019examiner des exp\u00e9riences concr\u00e8tes et de d\u00e9couvrir des processus et des outils.&#13;\n<\/p>\n\n<p><\/p>\n\n<figure class=\"wp-block-gallery has-nested-images columns-default is-cropped wp-block-gallery-1 is-layout-flex wp-block-gallery-is-layout-flex\">\n<figure class=\"wp-block-image size-large\"><img data-recalc-dims=\"1\" loading=\"lazy\" decoding=\"async\" width=\"1024\" height=\"610\" data-id=\"177114\" src=\"https:\/\/i0.wp.com\/www.claret.org\/wp-content\/uploads\/2025\/02\/2025-02-14-JPIC-Workshop-UISG-USG-Rome-3.png?resize=1024%2C610&#038;ssl=1\" alt=\"\" class=\"wp-image-177114\" title=\"\" srcset=\"https:\/\/www.claret.org\/wp-content\/uploads\/2025\/02\/2025-02-14-JPIC-Workshop-UISG-USG-Rome-3-1024x610.png 1024w, https:\/\/www.claret.org\/wp-content\/uploads\/2025\/02\/2025-02-14-JPIC-Workshop-UISG-USG-Rome-3-980x584.png 980w, https:\/\/www.claret.org\/wp-content\/uploads\/2025\/02\/2025-02-14-JPIC-Workshop-UISG-USG-Rome-3-480x286.png 480w\" sizes=\"(min-width: 0px) and (max-width: 480px) 480px, (min-width: 481px) and (max-width: 980px) 980px, (min-width: 981px) 1024px, 100vw\" \/><\/figure>\n\n\n\n<figure class=\"wp-block-image size-large\"><img data-recalc-dims=\"1\" loading=\"lazy\" decoding=\"async\" width=\"1024\" height=\"607\" data-id=\"177120\" src=\"https:\/\/i0.wp.com\/www.claret.org\/wp-content\/uploads\/2025\/02\/2025-02-14-JPIC-Workshop-UISG-USG-Rome-4.png?resize=1024%2C607&#038;ssl=1\" alt=\"\" class=\"wp-image-177120\" title=\"\" srcset=\"https:\/\/www.claret.org\/wp-content\/uploads\/2025\/02\/2025-02-14-JPIC-Workshop-UISG-USG-Rome-4-980x581.png 980w, https:\/\/www.claret.org\/wp-content\/uploads\/2025\/02\/2025-02-14-JPIC-Workshop-UISG-USG-Rome-4-480x284.png 480w\" sizes=\"(min-width: 0px) and (max-width: 480px) 480px, (min-width: 481px) and (max-width: 980px) 980px, (min-width: 981px) 1024px, 100vw\" \/><\/figure>\n\n\n\n<figure class=\"wp-block-image size-large\"><img data-recalc-dims=\"1\" loading=\"lazy\" decoding=\"async\" width=\"1024\" height=\"576\" data-id=\"177126\" src=\"https:\/\/i0.wp.com\/www.claret.org\/wp-content\/uploads\/2025\/02\/2025-02-14-JPIC-Workshop-UISG-USG-Rome-5.png?resize=1024%2C576&#038;ssl=1\" alt=\"\" class=\"wp-image-177126\" title=\"\" srcset=\"https:\/\/www.claret.org\/wp-content\/uploads\/2025\/02\/2025-02-14-JPIC-Workshop-UISG-USG-Rome-5-980x551.png 980w, https:\/\/www.claret.org\/wp-content\/uploads\/2025\/02\/2025-02-14-JPIC-Workshop-UISG-USG-Rome-5-480x270.png 480w\" sizes=\"(min-width: 0px) and (max-width: 480px) 480px, (min-width: 481px) and (max-width: 980px) 980px, (min-width: 981px) 1024px, 100vw\" \/><\/figure>\n<\/figure>\n\n<p><\/p>\n\n<p>L\u2019\u00e9v\u00e9nement a accueilli une diversit\u00e9 d\u2019intervenants, parmi lesquels des la\u00efcs, des membres du Dicast\u00e8re pour la promotion du D\u00e9veloppement Humain Int\u00e9gral, des religieux d\u2019une douzaine de congr\u00e9gations et des repr\u00e9sentants d\u2019institutions telles que Caritas Internationalis, CAFOD, Talitha Kum, le Service J\u00e9suite des R\u00e9fugi\u00e9s, le R\u00e9seau \u00c9glises et Mines et le Mouvement Laudato Si\u2019.&#13;\n<\/p>\n\n<p>Le P. Mathew Vattamattam, Sup\u00e9rieur G\u00e9n\u00e9ral et Copr\u00e9sident de la Commission JPIC de l\u2019UISG-USG, a suivi presque l\u2019int\u00e9gralit\u00e9 de l\u2019atelier, auquel se sont joints en ligne plusieurs membres de l\u2019\u00e9quipe g\u00e9n\u00e9rale SOMI de la Congr\u00e9gation ainsi que d\u2019autres Clar\u00e9tains. Le P. Antonio Llamas, Secr\u00e9taire G\u00e9n\u00e9ral de JPIC, a particip\u00e9 en pr\u00e9sentiel.&#13;\n<\/p>\n\n<p>La Commission JPIC a programm\u00e9 une s\u00e9rie de rencontres en ligne en f\u00e9vrier et mars afin de renforcer, \u00e0 l\u2019\u00e9chelle continentale, la coordination de la vie consacr\u00e9e dans les domaines de la Justice sociale, de la Mission et de l\u2019\u00c9cologie int\u00e9grale (SOMI). La Pr\u00e9fecture G\u00e9n\u00e9rale de l\u2019Apostolat a invit\u00e9 les organismes majeurs \u00e0 encourager la participation des coordinateurs pastoraux dans les domaines de l\u2019apostolat, du SOMI, de l\u2019\u00e9ducation et de la pastorale de la sant\u00e9.&#13;\n<\/p>\n\n<p><\/p>\n\n<figure class=\"wp-block-image size-large\"><img data-recalc-dims=\"1\" loading=\"lazy\" decoding=\"async\" width=\"1024\" height=\"578\" src=\"https:\/\/i0.wp.com\/www.claret.org\/wp-content\/uploads\/2025\/02\/2025-02-14-JPIC-Workshop-UISG-USG-Rome-2.png?resize=1024%2C578&#038;ssl=1\" alt=\"\" class=\"wp-image-177108\" title=\"\" srcset=\"https:\/\/www.claret.org\/wp-content\/uploads\/2025\/02\/2025-02-14-JPIC-Workshop-UISG-USG-Rome-2-980x553.png 980w, https:\/\/www.claret.org\/wp-content\/uploads\/2025\/02\/2025-02-14-JPIC-Workshop-UISG-USG-Rome-2-480x271.png 480w\" sizes=\"(min-width: 0px) and (max-width: 480px) 480px, (min-width: 481px) and (max-width: 980px) 980px, (min-width: 981px) 1024px, 100vw\" \/><\/figure>\n\n<p><\/p>\n\n<p><p><span style=\"font-weight: 400;\">Pour plus d\u2019informations :<\/span><a href=\"http:\/\/www.jpiccommission.org\" rel=\"nofollow noopener\" target=\"_blank\"> <span style=\"font-weight: 400;\">www.jpiccommission.org<\/span><\/a><\/p><\/p>\n\n<p><p><b><i>Source :<\/i><\/b><i><span style=\"font-weight: 400;\"> \u00c9quipe g\u00e9n\u00e9rale SOMI.<\/span><\/i><\/p><\/p>\n","protected":false},"excerpt":{"rendered":"<p>Rome, Italie. Environ 130 personnes ont particip\u00e9, du 10 au 14 f\u00e9vrier 2025, \u00e0 un atelier visant \u00e0 approfondir la compr\u00e9hension de la Justice, de la Paix et de l\u2019Int\u00e9grit\u00e9 de la Cr\u00e9ation (JPIC) et son r\u00f4le dans la transformation syst\u00e9mique du monde, dans le contexte de l\u2019Ann\u00e9e jubilaire. L\u2019\u00e9v\u00e9nement, accessible \u00e0 la fois en [&hellip;]<\/p>\n","protected":false},"author":1009,"featured_media":177103,"comment_status":"closed","ping_status":"closed","sticky":false,"template":"","format":"standard","meta":{"_et_pb_use_builder":"","_et_pb_old_content":"","_et_gb_content_width":"","footnotes":""},"categories":[259],"tags":[5524],"class_list":["post-177135","post","type-post","status-publish","format-standard","has-post-thumbnail","hentry","category-jpic-fr","tag-justice-fr"],"jetpack_featured_media_url":"https:\/\/i0.wp.com\/www.claret.org\/wp-content\/uploads\/2025\/02\/2025-02-14-JPIC-Workshop-UISG-USG-Rome-1.png?fit=934%2C529&ssl=1","jetpack_sharing_enabled":true,"jetpack_shortlink":"https:\/\/wp.me\/pdaBmi-K51","jetpack_likes_enabled":true,"_links":{"self":[{"href":"https:\/\/www.claret.org\/fr\/wp-json\/wp\/v2\/posts\/177135","targetHints":{"allow":["GET"]}}],"collection":[{"href":"https:\/\/www.claret.org\/fr\/wp-json\/wp\/v2\/posts"}],"about":[{"href":"https:\/\/www.claret.org\/fr\/wp-json\/wp\/v2\/types\/post"}],"author":[{"embeddable":true,"href":"https:\/\/www.claret.org\/fr\/wp-json\/wp\/v2\/users\/1009"}],"replies":[{"embeddable":true,"href":"https:\/\/www.claret.org\/fr\/wp-json\/wp\/v2\/comments?post=177135"}],"version-history":[{"count":1,"href":"https:\/\/www.claret.org\/fr\/wp-json\/wp\/v2\/posts\/177135\/revisions"}],"predecessor-version":[{"id":177136,"href":"https:\/\/www.claret.org\/fr\/wp-json\/wp\/v2\/posts\/177135\/revisions\/177136"}],"wp:featuredmedia":[{"embeddable":true,"href":"https:\/\/www.claret.org\/fr\/wp-json\/wp\/v2\/media\/177103"}],"wp:attachment":[{"href":"https:\/\/www.claret.org\/fr\/wp-json\/wp\/v2\/media?parent=177135"}],"wp:term":[{"taxonomy":"category","embeddable":true,"href":"https:\/\/www.claret.org\/fr\/wp-json\/wp\/v2\/categories?post=177135"},{"taxonomy":"post_tag","embeddable":true,"href":"https:\/\/www.claret.org\/fr\/wp-json\/wp\/v2\/tags?post=177135"}],"curies":[{"name":"wp","href":"https:\/\/api.w.org\/{rel}","templated":true}]}}