{"id":177614,"date":"2025-03-04T18:44:36","date_gmt":"2025-03-04T17:44:36","guid":{"rendered":"https:\/\/www.claret.org\/?p=177614"},"modified":"2025-03-04T18:45:04","modified_gmt":"2025-03-04T17:45:04","slug":"les-superieurs-de-la-conference-des-claretains-en-afrique-acla-se-rassemblent-en-cote-divoire-pour-leur-assemblee-ordinaire","status":"publish","type":"post","link":"https:\/\/www.claret.org\/fr\/les-superieurs-de-la-conference-des-claretains-en-afrique-acla-se-rassemblent-en-cote-divoire-pour-leur-assemblee-ordinaire\/","title":{"rendered":"LES SUP\u00c9RIEURS DE LA CONF\u00c9RENCE DES CLAR\u00c9TAINS EN AFRIQUE (ACLA) SE RASSEMBLENT EN C\u00d4TE D\u2019IVOIRE POUR LEUR ASSEMBL\u00c9E ORDINAIRE"},"content":{"rendered":"\n<p class=\"has-drop-cap\"><p><b>Bouak\u00e9, C\u00f4te d\u2019Ivoire.<\/b><span style=\"font-weight: 400;\"> L&rsquo;Assembl\u00e9e Ordinaire des Sup\u00e9rieurs des Organismes et Missions des Missionnaires Clar\u00e9tains d&rsquo;Afrique (ACLA) s&rsquo;est tenue \u00e0 Bouak\u00e9, C\u00f4te d\u2019Ivoire, du 23 f\u00e9vrier au 2 mars 2025. Neuf (09) Sup\u00e9rieurs et le Secr\u00e9taire Ex\u00e9cutif se sont r\u00e9unis pour partager leurs exp\u00e9riences missionnaires, relever les d\u00e9fis et proposer des solutions pour les projets en cours.<\/span><\/p><\/p>\n\n<p>Les discussions ont port\u00e9 sur la s\u00e9curit\u00e9, le d\u00e9veloppement \u00e9conomique et le soutien aux pays touch\u00e9s par la guerre. Une attention particuli\u00e8re a \u00e9t\u00e9 accord\u00e9e \u00e0 la R\u00e9publique D\u00e9mocratique du Congo, aboutissant \u00e0 une r\u00e9solution de solidarit\u00e9 et de plaidoyer pour la paix. L\u2019Assembl\u00e9e a d\u00e9sign\u00e9 le 25 mars comme la Journ\u00e9e Clar\u00e9taine de Pri\u00e8re pour la Paix en Afrique.<\/p>\n\n<p><\/p>\n\n<figure class=\"wp-block-gallery has-nested-images columns-default is-cropped wp-block-gallery-1 is-layout-flex wp-block-gallery-is-layout-flex\">\n<figure class=\"wp-block-image size-large\"><img data-recalc-dims=\"1\" loading=\"lazy\" decoding=\"async\" width=\"1024\" height=\"478\" data-id=\"177587\" src=\"https:\/\/i0.wp.com\/www.claret.org\/wp-content\/uploads\/2025\/03\/2025-03-02-ACLA-Superiors-Meeting-3.jpg?resize=1024%2C478&#038;ssl=1\" alt=\"\" class=\"wp-image-177587\" title=\"\" srcset=\"https:\/\/www.claret.org\/wp-content\/uploads\/2025\/03\/2025-03-02-ACLA-Superiors-Meeting-3-980x458.jpg 980w, https:\/\/www.claret.org\/wp-content\/uploads\/2025\/03\/2025-03-02-ACLA-Superiors-Meeting-3-480x224.jpg 480w\" sizes=\"(min-width: 0px) and (max-width: 480px) 480px, (min-width: 481px) and (max-width: 980px) 980px, (min-width: 981px) 1024px, 100vw\" \/><\/figure>\n\n\n\n<figure class=\"wp-block-image size-large\"><img data-recalc-dims=\"1\" loading=\"lazy\" decoding=\"async\" width=\"1024\" height=\"478\" data-id=\"177593\" src=\"https:\/\/i0.wp.com\/www.claret.org\/wp-content\/uploads\/2025\/03\/2025-03-02-ACLA-Superiors-Meeting-4.jpg?resize=1024%2C478&#038;ssl=1\" alt=\"\" class=\"wp-image-177593\" title=\"\" srcset=\"https:\/\/www.claret.org\/wp-content\/uploads\/2025\/03\/2025-03-02-ACLA-Superiors-Meeting-4-980x458.jpg 980w, https:\/\/www.claret.org\/wp-content\/uploads\/2025\/03\/2025-03-02-ACLA-Superiors-Meeting-4-480x224.jpg 480w\" sizes=\"(min-width: 0px) and (max-width: 480px) 480px, (min-width: 481px) and (max-width: 980px) 980px, (min-width: 981px) 1024px, 100vw\" \/><\/figure>\n<\/figure>\n\n<p><\/p>\n\n<p>Les participants ont visit\u00e9 la Basilique Notre-Dame de la Paix \u00e0 Yamoussoukro ainsi que d\u2019autres sites importants, renfor\u00e7ant ainsi leurs liens fraternels. L&rsquo;Assembl\u00e9e s&rsquo;est conclue par l&rsquo;\u00e9lection d&rsquo;une nouvelle \u00e9quipe dirigeante dirig\u00e9e par le P\u00e8re F\u00e9lix Obaga, CMF, et a exprim\u00e9 sa gratitude au P\u00e8re Jude Thaddeus Langeh, CMF, pour ses ann\u00e9es de service d\u00e9vou\u00e9.<\/p>\n\n<p>Cette Assembl\u00e9e a marqu\u00e9 un moment significatif de communion et d&rsquo;engagement envers la mission clar\u00e9taine en Afrique.<\/p>\n\n<p><p><b><i>Source : <\/i><\/b><i><span style=\"font-weight: 400;\">P. Mo\u00efse MOUMASSOU, CMF, Secr\u00e9taire ex\u00e9cutif de l&rsquo;ACLA<\/span><\/i><\/p><\/p>\n\n<p><\/p>\n\n<figure class=\"wp-block-gallery has-nested-images columns-default is-cropped wp-block-gallery-2 is-layout-flex wp-block-gallery-is-layout-flex\">\n<figure class=\"wp-block-image size-large\"><img data-recalc-dims=\"1\" loading=\"lazy\" decoding=\"async\" width=\"1024\" height=\"478\" data-id=\"177599\" src=\"https:\/\/i0.wp.com\/www.claret.org\/wp-content\/uploads\/2025\/03\/2025-03-02-ACLA-Superiors-Meeting-1.jpg?resize=1024%2C478&#038;ssl=1\" alt=\"\" class=\"wp-image-177599\" title=\"\" srcset=\"https:\/\/www.claret.org\/wp-content\/uploads\/2025\/03\/2025-03-02-ACLA-Superiors-Meeting-1-980x458.jpg 980w, https:\/\/www.claret.org\/wp-content\/uploads\/2025\/03\/2025-03-02-ACLA-Superiors-Meeting-1-480x224.jpg 480w\" sizes=\"(min-width: 0px) and (max-width: 480px) 480px, (min-width: 481px) and (max-width: 980px) 980px, (min-width: 981px) 1024px, 100vw\" \/><\/figure>\n\n\n\n<figure class=\"wp-block-image size-large\"><img data-recalc-dims=\"1\" loading=\"lazy\" decoding=\"async\" width=\"1024\" height=\"478\" data-id=\"177605\" src=\"https:\/\/i0.wp.com\/www.claret.org\/wp-content\/uploads\/2025\/03\/2025-03-02-ACLA-Superiors-Meeting-6.jpg?resize=1024%2C478&#038;ssl=1\" alt=\"\" class=\"wp-image-177605\" title=\"\" srcset=\"https:\/\/www.claret.org\/wp-content\/uploads\/2025\/03\/2025-03-02-ACLA-Superiors-Meeting-6-980x458.jpg 980w, https:\/\/www.claret.org\/wp-content\/uploads\/2025\/03\/2025-03-02-ACLA-Superiors-Meeting-6-480x224.jpg 480w\" sizes=\"(min-width: 0px) and (max-width: 480px) 480px, (min-width: 481px) and (max-width: 980px) 980px, (min-width: 981px) 1024px, 100vw\" \/><\/figure>\n<\/figure>\n","protected":false},"excerpt":{"rendered":"<p>Bouak\u00e9, C\u00f4te d\u2019Ivoire. L&rsquo;Assembl\u00e9e Ordinaire des Sup\u00e9rieurs des Organismes et Missions des Missionnaires Clar\u00e9tains d&rsquo;Afrique (ACLA) s&rsquo;est tenue \u00e0 Bouak\u00e9, C\u00f4te d\u2019Ivoire, du 23 f\u00e9vrier au 2 mars 2025. Neuf (09) Sup\u00e9rieurs et le Secr\u00e9taire Ex\u00e9cutif se sont r\u00e9unis pour partager leurs exp\u00e9riences missionnaires, relever les d\u00e9fis et proposer des solutions pour les projets en [&hellip;]<\/p>\n","protected":false},"author":1009,"featured_media":177582,"comment_status":"closed","ping_status":"closed","sticky":false,"template":"","format":"standard","meta":{"_et_pb_use_builder":"","_et_pb_old_content":"","_et_gb_content_width":"","footnotes":""},"categories":[981,4986],"tags":[],"class_list":["post-177614","post","type-post","status-publish","format-standard","has-post-thumbnail","hentry","category-acla-fr","category-st-jean-paul-ii-fr"],"jetpack_featured_media_url":"https:\/\/i0.wp.com\/www.claret.org\/wp-content\/uploads\/2025\/03\/2025-03-02-ACLA-Superiors-Meeting-7-scaled.jpg?fit=2880%2C1345&ssl=1","jetpack_sharing_enabled":true,"jetpack_shortlink":"https:\/\/wp.me\/pdaBmi-KcK","jetpack_likes_enabled":true,"_links":{"self":[{"href":"https:\/\/www.claret.org\/fr\/wp-json\/wp\/v2\/posts\/177614","targetHints":{"allow":["GET"]}}],"collection":[{"href":"https:\/\/www.claret.org\/fr\/wp-json\/wp\/v2\/posts"}],"about":[{"href":"https:\/\/www.claret.org\/fr\/wp-json\/wp\/v2\/types\/post"}],"author":[{"embeddable":true,"href":"https:\/\/www.claret.org\/fr\/wp-json\/wp\/v2\/users\/1009"}],"replies":[{"embeddable":true,"href":"https:\/\/www.claret.org\/fr\/wp-json\/wp\/v2\/comments?post=177614"}],"version-history":[{"count":1,"href":"https:\/\/www.claret.org\/fr\/wp-json\/wp\/v2\/posts\/177614\/revisions"}],"predecessor-version":[{"id":177615,"href":"https:\/\/www.claret.org\/fr\/wp-json\/wp\/v2\/posts\/177614\/revisions\/177615"}],"wp:featuredmedia":[{"embeddable":true,"href":"https:\/\/www.claret.org\/fr\/wp-json\/wp\/v2\/media\/177582"}],"wp:attachment":[{"href":"https:\/\/www.claret.org\/fr\/wp-json\/wp\/v2\/media?parent=177614"}],"wp:term":[{"taxonomy":"category","embeddable":true,"href":"https:\/\/www.claret.org\/fr\/wp-json\/wp\/v2\/categories?post=177614"},{"taxonomy":"post_tag","embeddable":true,"href":"https:\/\/www.claret.org\/fr\/wp-json\/wp\/v2\/tags?post=177614"}],"curies":[{"name":"wp","href":"https:\/\/api.w.org\/{rel}","templated":true}]}}