{"id":17958,"date":"2018-05-08T19:19:49","date_gmt":"2018-05-08T17:19:49","guid":{"rendered":"https:\/\/www.claret.org\/premier-programme-de-quinquennat-a-west-nigeria\/"},"modified":"2018-05-08T19:19:49","modified_gmt":"2018-05-08T17:19:49","slug":"premier-programme-de-quinquennat-a-west-nigeria","status":"publish","type":"post","link":"https:\/\/www.claret.org\/fr\/premier-programme-de-quinquennat-a-west-nigeria\/","title":{"rendered":"PREMIER PROGRAMME DE QUINQUENNAT \u00c0 WEST NIGERIA"},"content":{"rendered":"<p><strong>Ibefun, Nigeria. <\/strong> Pour les jeunes missionnaires de la D\u00e9l\u00e9gation Ind\u00e9pendante de West Nigeria, \u00e7a a \u00e9t\u00e9 tout un plaisir  le fait de la rencontre au <em>Postulate House, <\/em>\u00e0 Ibefun, du 30 avril au 4 mai, 2018, \u00e0 l\u2019occasion de leur premi\u00e8re rencontre de Quinquennat. Les PP. Peter Okonkwo, CMF et Charles Udeh, CMF, ont \u00e9t\u00e9 les mod\u00e9rateurs du programme de formation permanente d\u2019une semaine. Le Sup\u00e9rieur Majeur, Rv. P. Daniel Onyeayana CMF, a c\u00e9l\u00e9br\u00e9 la messe d\u2019ouverture.<\/p>\n<p>Il y a eu des moments pour partager les exp\u00e9riences missionnaires, aussi bien heureuses que malheureuses de chacun des diff\u00e9rents apostolats et apr\u00e8s avoir \u00e9t\u00e9 ordonn\u00e9s. Les mod\u00e9rateurs ont employ\u00e9 la Bible, les Constitutions ainsi que le Directoire, le Cat\u00e9chisme, les Documents d Vatican II et le Droit Canonique, et ils les ont pri\u00e9 instamment  d\u2019\u00eatre attentifs \u00e0 l\u2019information de notre Congr\u00e9gation ainsi que des sites web du Vatican. Le P. Peter  partagea avec eux, d\u2019une fa\u00e7on m\u00e9ticuleuse, le th\u00e8me de la vie consacr\u00e9e et mena les participants \u00e0 parcourir  ses fondements. Il a cit\u00e9 les canons, 96, 849, 204 entre autres, afin d\u2019aider \u00e0 renforcer l\u2019importance du partage dans la vie sacerdotale, proph\u00e9tique et r\u00e9elle du Christ. \u00c9galement il a pris  les Exhortations  du Pape Fran\u00e7ois sur la Vie Consacr\u00e9e afin d\u2019encourager tous les hommes et femmes religieux \u00e0 appr\u00e9cier  l\u2019appel religieux : T\u00e9moins de la Joie, Vigilance et R\u00e9jouissance.<\/p>\n<p>Le programme a abord\u00e9 la vie communautaire, les \u00e9changes, le soin n\u00e9cessaire de la sant\u00e9, le plan de bien\u00eatre et jubilation, les vacances annuelles et, en tout temps, embrasser  des mani\u00e8res \u00e0 am\u00e9liorer  le <em>Je  <\/em>lorsqu\u2019ils surgissent les besoins. Les participants ont rest\u00e9 tr\u00e8s satisfaits de la r\u00e9alisation et de leur participation \u00e0 ce programme.<\/p>\n<p>&nbsp;<\/p>\n<p>&nbsp;<\/p>\n<div class=\"et_pb_slider et_pb_slider_fullwidth_off et_pb_gallery_post_type\">\n\t\t\t\t<div class=\"et_pb_slides\">\n\t\t\t\t\t<div class=\"et_pb_slide\" style=\"background: url(https:\/\/www.claret.org\/wp-content\/uploads\/2018\/05\/Quinquennio-West-Nigeria-2018-1.jpeg);\"><\/div><div class=\"et_pb_slide\" style=\"background: url(https:\/\/www.claret.org\/wp-content\/uploads\/2018\/05\/Quinquennio-West-Nigeria-2018-12.jpeg);\"><\/div><div class=\"et_pb_slide\" style=\"background: url(https:\/\/www.claret.org\/wp-content\/uploads\/2018\/05\/Quinquennio-West-Nigeria-2018-11.jpeg);\"><\/div><div class=\"et_pb_slide\" style=\"background: url(https:\/\/www.claret.org\/wp-content\/uploads\/2018\/05\/Quinquennio-West-Nigeria-2018-10.jpeg);\"><\/div><div class=\"et_pb_slide\" style=\"background: url(https:\/\/www.claret.org\/wp-content\/uploads\/2018\/05\/Quinquennio-West-Nigeria-2018-8.jpeg);\"><\/div><div class=\"et_pb_slide\" style=\"background: url(https:\/\/www.claret.org\/wp-content\/uploads\/2018\/05\/Quinquennio-West-Nigeria-2018-7.jpeg);\"><\/div><div class=\"et_pb_slide\" style=\"background: url(https:\/\/www.claret.org\/wp-content\/uploads\/2018\/05\/Quinquennio-West-Nigeria-2018-6.jpeg);\"><\/div><div class=\"et_pb_slide\" style=\"background: url(https:\/\/www.claret.org\/wp-content\/uploads\/2018\/05\/Quinquennio-West-Nigeria-2018-5.jpeg);\"><\/div><div class=\"et_pb_slide\" style=\"background: url(https:\/\/www.claret.org\/wp-content\/uploads\/2018\/05\/Quinquennio-West-Nigeria-2018-4.jpeg);\"><\/div><div class=\"et_pb_slide\" style=\"background: url(https:\/\/www.claret.org\/wp-content\/uploads\/2018\/05\/Quinquennio-West-Nigeria-2018-3.jpeg);\"><\/div><div class=\"et_pb_slide\" style=\"background: url(https:\/\/www.claret.org\/wp-content\/uploads\/2018\/05\/Quinquennio-West-Nigeria-2018-2.jpeg);\"><\/div>\n\t\t\t\t<\/div>\n\t\t\t<\/div>\n","protected":false},"excerpt":{"rendered":"<p>Ibefun, Nigeria. Pour les jeunes missionnaires de la D\u00e9l\u00e9gation Ind\u00e9pendante de West Nigeria, \u00e7a a \u00e9t\u00e9 tout un plaisir le fait de la rencontre au Postulate House, \u00e0 Ibefun, du 30 avril au 4 mai, 2018, \u00e0 l\u2019occasion de leur premi\u00e8re rencontre de Quinquennat. Les PP. Peter Okonkwo, CMF et Charles Udeh, CMF, ont \u00e9t\u00e9 [&hellip;]<\/p>\n","protected":false},"author":2,"featured_media":17889,"comment_status":"closed","ping_status":"closed","sticky":false,"template":"","format":"standard","meta":{"_et_pb_use_builder":"","_et_pb_old_content":"","_et_gb_content_width":"","footnotes":""},"categories":[981,625,187],"tags":[],"class_list":["post-17958","post","type-post","status-publish","format-standard","has-post-thumbnail","hentry","category-acla-fr","category-formation-permanente","category-west-nigeria-fr"],"jetpack_featured_media_url":"https:\/\/i0.wp.com\/www.claret.org\/wp-content\/uploads\/2018\/05\/Quinquennio-West-Nigeria-2018-9.jpeg?fit=1040%2C780&ssl=1","jetpack_sharing_enabled":true,"jetpack_shortlink":"https:\/\/wp.me\/pdaBmi-4FE","jetpack_likes_enabled":true,"_links":{"self":[{"href":"https:\/\/www.claret.org\/fr\/wp-json\/wp\/v2\/posts\/17958","targetHints":{"allow":["GET"]}}],"collection":[{"href":"https:\/\/www.claret.org\/fr\/wp-json\/wp\/v2\/posts"}],"about":[{"href":"https:\/\/www.claret.org\/fr\/wp-json\/wp\/v2\/types\/post"}],"author":[{"embeddable":true,"href":"https:\/\/www.claret.org\/fr\/wp-json\/wp\/v2\/users\/2"}],"replies":[{"embeddable":true,"href":"https:\/\/www.claret.org\/fr\/wp-json\/wp\/v2\/comments?post=17958"}],"version-history":[{"count":0,"href":"https:\/\/www.claret.org\/fr\/wp-json\/wp\/v2\/posts\/17958\/revisions"}],"wp:featuredmedia":[{"embeddable":true,"href":"https:\/\/www.claret.org\/fr\/wp-json\/wp\/v2\/media\/17889"}],"wp:attachment":[{"href":"https:\/\/www.claret.org\/fr\/wp-json\/wp\/v2\/media?parent=17958"}],"wp:term":[{"taxonomy":"category","embeddable":true,"href":"https:\/\/www.claret.org\/fr\/wp-json\/wp\/v2\/categories?post=17958"},{"taxonomy":"post_tag","embeddable":true,"href":"https:\/\/www.claret.org\/fr\/wp-json\/wp\/v2\/tags?post=17958"}],"curies":[{"name":"wp","href":"https:\/\/api.w.org\/{rel}","templated":true}]}}