{"id":18343,"date":"2018-05-25T00:00:27","date_gmt":"2018-05-24T22:00:27","guid":{"rendered":"https:\/\/www.claret.org\/?p=18343"},"modified":"2018-05-25T00:00:27","modified_gmt":"2018-05-24T22:00:27","slug":"25-mai","status":"publish","type":"post","link":"https:\/\/www.claret.org\/fr\/25-mai\/","title":{"rendered":"25 Mai"},"content":{"rendered":"<div class=\"field field-name-field-meditacion-cita-texto field-type-text-long field-label-hidden\">\n<div class=\"field-items\">\n<div class=\"field-item even\">*235.- \u00abLorsque l\u2019homme est fid\u00e8le et correspond avec une grande force de volont\u00e9, il peut ,pas mal, beaucoup. Et, s\u2019il est pers\u00e9v\u00e9rant, sans laisser ni rel\u00e2cher ce qu\u2019il a commenc\u00e9, c\u2019est inexplicable ce qu\u2019il fait ; toujours, cependant, aid\u00e9 de la gr\u00e2ce de Dieu. Heureux celui qui est fid\u00e8le\u2026qui ne pr\u00e9sume pas de soi, mais qu\u2019il met toute la confiance en Dieu, qu\u2019il ne s\u2019attribue rien \u00e0 soi et tout \u00e0 Dieu ; qu\u2019il ne parle pas de soi ni pour se louer ni pour se m\u00e9priser, mais il se tait ; qu\u2019il pense que ce qu\u2019il fait, le fait de Dieu, par Dieu et pour Dieu\u00bb<\/div>\n<\/div>\n<\/div>\n<div class=\"field field-name-field-meditacion-cita field-type-text field-label-hidden\">\n<div class=\"field-items\">\n<div class=\"field-item even\">Notes sur le Concile Vatican I, dans AEC, p. 579<\/div>\n<\/div>\n<\/div>\n<div class=\"titulo-meditacion\">\n<h2>FID\u00c9LIT\u00c9 QUE SIGNIFIE &#8211; T &#8211; ELLE ?<\/h2>\n<\/div>\n<div class=\"field field-name-body field-type-text-with-summary field-label-hidden\">\n<div class=\"field-items\">\n<div class=\"field-item even\">\n<p>            Nous tous nous avons une connaissance exp\u00e9rientielle de ce que c\u2019est la fid\u00e9lit\u00e9. Dans l\u2019amiti\u00e9, dans la vie conjugale, dans le milieu  de travail\u2026<br \/>\nElle exprime la colocation  et le parcours de nos relations avec qui  se trouve pr\u00e9sent \u00e0 notre vie et signifie quelque chose pour nous ; quelqu\u2019un  qui,  en tant qu\u2019autre,  nous transcende et peut nous enrichir en tant que personnes. La fid\u00e9lit\u00e9 a quelque chose \u00e0 voir avec foi, \u00e9l\u00e9ment  fondamental  d\u00e9j\u00e0 dans  le vie en commun humaine et qu\u2019implique  avant tout l\u2019acceptation de l\u2019autre en tant que personne et, par apr\u00e8s,  de sa parole et de son t\u00e9moignage dont la validit\u00e9  nous et  indiscutable , g\u00e9n\u00e9rant en nous un engagement, une conduite coh\u00e9rente.<br \/>\nLorsque les chr\u00e9tiens nous parlons de foi et fid\u00e9lit\u00e9, nous faisons r\u00e9f\u00e9rence  surtout  \u00e0 notre relation avec ce Quelqu\u2019un  qu\u2019est Dieu, dont le visage et  la Parole nous ont \u00e9t\u00e9 manifest\u00e9s en J\u00e9sus, le Fils. Par sa pr\u00e9sence, ses faits et son message, J\u00e9sus est le  t\u00e9moin fid\u00e8le (Cf. Ap 1,5). Devenir des disciples de J\u00e9sus  implique fid\u00e9lit\u00e9  \u00e0 sa parole et \u00e0 sa proposition, manifest\u00e9e  en faits : fid\u00e9lit\u00e9 qui se b\u00e2tit dans le temps, avec la pers\u00e9v\u00e9rance  de celui qui se sait disciple \u00e0 toutes les \u00e9tapes et crois\u00e9es de chemin de la vie.<br \/>\nL\u2019attitude fondamentale  du disciple, conscient  de que ceci n\u2019a pas \u00e9t\u00e9 une conqu\u00eate  propre mais une gr\u00e2ce et invitation du Seigneur, ne peut-elle \u00eatre autre chose que l\u2019humilit\u00e9 et la reconnaissance.  Tout ce que l\u2019on r\u00e9ussit  \u00e0 faire \u2013 dit  Claret &#8211;  est fruit de l\u2019amour de Dieu,  c\u2019est l\u2019\u0153uvre de sa gr\u00e2ce et voit \u00e0 ce qu\u2019elle soit manifest\u00e9e sa gloire. D\u2019o\u00f9 que les  sentiments  et le langage du disciple sont  de louange au Seigneur, en s\u2019oubliant soi-m\u00eame.<br \/>\nV\u00e9cue ainsi, la fid\u00e9lit\u00e9  passe d\u2019\u00eatre  un pur compliment d\u2019un devoir et acquiert  la cat\u00e9gorie d\u2019un acte d\u2019amour, une vie d\u2019amour.<br \/>\n\u00c7a vaut la peine que  nous nous questionnons  si notre vie se b\u00e2tit seulement sur des obligations ou si elle est soutenue par des options inspir\u00e9es en un amour fid\u00e8le, qui peut la remplir de joie et la convertir en bonne nouvelle pour autrui\u2026<\/p>\n<\/div>\n<\/div>\n<\/div>\n","protected":false},"excerpt":{"rendered":"<p>*235.- \u00abLorsque l\u2019homme est fid\u00e8le et correspond avec une grande force de volont\u00e9, il peut ,pas mal, beaucoup. Et, s\u2019il est pers\u00e9v\u00e9rant, sans laisser ni rel\u00e2cher ce qu\u2019il a commenc\u00e9, c\u2019est inexplicable ce qu\u2019il fait ; toujours, cependant, aid\u00e9 de la gr\u00e2ce de Dieu. Heureux celui qui est fid\u00e8le\u2026qui ne pr\u00e9sume pas de soi, mais [&hellip;]<\/p>\n","protected":false},"author":2,"featured_media":0,"comment_status":"closed","ping_status":"closed","sticky":false,"template":"","format":"standard","meta":{"_et_pb_use_builder":"","_et_pb_old_content":"","_et_gb_content_width":"","footnotes":""},"categories":[523],"tags":[],"class_list":["post-18343","post","type-post","status-publish","format-standard","hentry","category-claret-avec-toi"],"jetpack_featured_media_url":"","jetpack_sharing_enabled":true,"jetpack_shortlink":"https:\/\/wp.me\/pdaBmi-4LR","jetpack_likes_enabled":true,"_links":{"self":[{"href":"https:\/\/www.claret.org\/fr\/wp-json\/wp\/v2\/posts\/18343","targetHints":{"allow":["GET"]}}],"collection":[{"href":"https:\/\/www.claret.org\/fr\/wp-json\/wp\/v2\/posts"}],"about":[{"href":"https:\/\/www.claret.org\/fr\/wp-json\/wp\/v2\/types\/post"}],"author":[{"embeddable":true,"href":"https:\/\/www.claret.org\/fr\/wp-json\/wp\/v2\/users\/2"}],"replies":[{"embeddable":true,"href":"https:\/\/www.claret.org\/fr\/wp-json\/wp\/v2\/comments?post=18343"}],"version-history":[{"count":0,"href":"https:\/\/www.claret.org\/fr\/wp-json\/wp\/v2\/posts\/18343\/revisions"}],"wp:attachment":[{"href":"https:\/\/www.claret.org\/fr\/wp-json\/wp\/v2\/media?parent=18343"}],"wp:term":[{"taxonomy":"category","embeddable":true,"href":"https:\/\/www.claret.org\/fr\/wp-json\/wp\/v2\/categories?post=18343"},{"taxonomy":"post_tag","embeddable":true,"href":"https:\/\/www.claret.org\/fr\/wp-json\/wp\/v2\/tags?post=18343"}],"curies":[{"name":"wp","href":"https:\/\/api.w.org\/{rel}","templated":true}]}}