{"id":183960,"date":"2025-11-10T15:43:43","date_gmt":"2025-11-10T14:43:43","guid":{"rendered":"https:\/\/www.claret.org\/engagement-envers-la-justice-et-lesperance-par-le-ministere-biblique\/"},"modified":"2025-11-28T11:16:29","modified_gmt":"2025-11-28T10:16:29","slug":"engagement-envers-la-justice-et-lesperance-par-le-ministere-biblique","status":"publish","type":"post","link":"https:\/\/www.claret.org\/fr\/engagement-envers-la-justice-et-lesperance-par-le-ministere-biblique\/","title":{"rendered":"Engagement envers la justice et l&rsquo;esp\u00e9rance par le minist\u00e8re biblique"},"content":{"rendered":"\n<p class=\"has-drop-cap\">Abuja, Nig\u00e9ria. Du 2 au 8 novembre 2025, les membres des Pr\u00e9fectures pour le Minist\u00e8re Biblique et la Communication de l&rsquo;ACLA (Clar\u00e9tains Africains) se sont r\u00e9unis \u00e0 l&rsquo;Institut de la Vie Consacr\u00e9e en Afrique (InCLA) \u00e0 Abuja pour une assembl\u00e9e d&rsquo;une semaine ax\u00e9e sur le th\u00e8me : \u00ab Le Minist\u00e8re Biblique de l&rsquo;ACLA au Service de la Justice et de l&rsquo;Esp\u00e9rance \u00bb. L&rsquo;\u00e9v\u00e9nement \u00e9tait organis\u00e9 par le P\u00e8re Henry Omonisaye, CMF, Pr\u00e9fet G\u00e9n\u00e9ral de Bible et Communication.<br\/><\/p>\n\n<p>Se d\u00e9roulant dans le contexte du riche patrimoine spirituel et culturel de l\u2019Afrique, mais aussi au milieu de r\u00e9alit\u00e9s marqu\u00e9es par la pauvret\u00e9, l\u2019injustice et les tensions sociales, l\u2019assembl\u00e9e a soulign\u00e9 le pouvoir transformateur de la Parole de Dieu comme source de renouveau et de formation de la conscience pour faire face aux d\u00e9fis contemporains.\n<\/p>\n\n<p>Cette rencontre a marqu\u00e9 une avanc\u00e9e significative pour la communaut\u00e9 clar\u00e9taine africaine, les participants s&rsquo;\u00e9tant efforc\u00e9s d&rsquo;int\u00e9grer concr\u00e8tement le minist\u00e8re biblique dans divers domaines de la mission, notamment l&rsquo;\u00e9ducation des enfants, l&rsquo;\u00e9vang\u00e9lisation par les m\u00e9dias, l&rsquo;accompagnement des familles, la r\u00e9solution des conflits et le minist\u00e8re num\u00e9rique. \u00c0 travers ces initiatives, les participants ont soulign\u00e9 le r\u00f4le central des \u00c9critures dans la promotion de la justice et de la paix sur le continent.\n<\/p>\n\n<p>Des propositions concr\u00e8tes ont \u00e9t\u00e9 \u00e9labor\u00e9es pour guider chaque structure de l&rsquo;ACLA dans la conception d&rsquo;un plan pastoral contextualis\u00e9 et efficace, visant \u00e0 rendre le minist\u00e8re biblique plus pertinent pour les r\u00e9alit\u00e9s locales.\n<\/p>\n\n<p>Pour concr\u00e9tiser cette vision, les d\u00e9l\u00e9gu\u00e9s ont soulign\u00e9 la n\u00e9cessit\u00e9 d&rsquo;une solide formation biblique, d&rsquo;approches missionnaires novatrices et d&rsquo;une attention particuli\u00e8re port\u00e9e aux jeunes g\u00e9n\u00e9rations. Ils ont \u00e9galement plaid\u00e9 pour un usage judicieux et efficace des m\u00e9dias et de l&rsquo;intelligence artificielle en tant qu&rsquo;outils \u00e9mergents d&rsquo;\u00e9vang\u00e9lisation et de transformation sociale.\n<\/p>\n\n<p><\/p>\n\n<figure class=\"wp-block-gallery has-nested-images columns-default is-cropped wp-block-gallery-1 is-layout-flex wp-block-gallery-is-layout-flex\">\n<figure class=\"wp-block-image size-large\"><img data-recalc-dims=\"1\" loading=\"lazy\" decoding=\"async\" width=\"1024\" height=\"768\" data-id=\"183190\" src=\"https:\/\/i0.wp.com\/www.claret.org\/wp-content\/uploads\/2025\/11\/IMG-20251109-WA0028.jpg?resize=1024%2C768&#038;ssl=1\" alt=\"\" class=\"wp-image-183190\" title=\"\" srcset=\"https:\/\/www.claret.org\/wp-content\/uploads\/2025\/11\/IMG-20251109-WA0028-1024x768.jpg 1024w, https:\/\/www.claret.org\/wp-content\/uploads\/2025\/11\/IMG-20251109-WA0028-980x735.jpg 980w, https:\/\/www.claret.org\/wp-content\/uploads\/2025\/11\/IMG-20251109-WA0028-480x360.jpg 480w\" sizes=\"(min-width: 0px) and (max-width: 480px) 480px, (min-width: 481px) and (max-width: 980px) 980px, (min-width: 981px) 1024px, 100vw\" \/><\/figure>\n\n\n\n<figure class=\"wp-block-image size-large\"><img data-recalc-dims=\"1\" loading=\"lazy\" decoding=\"async\" width=\"1024\" height=\"768\" data-id=\"183196\" src=\"https:\/\/i0.wp.com\/www.claret.org\/wp-content\/uploads\/2025\/11\/IMG-20251109-WA0035.jpg?resize=1024%2C768&#038;ssl=1\" alt=\"\" class=\"wp-image-183196\" title=\"\" srcset=\"https:\/\/www.claret.org\/wp-content\/uploads\/2025\/11\/IMG-20251109-WA0035-1024x768.jpg 1024w, https:\/\/www.claret.org\/wp-content\/uploads\/2025\/11\/IMG-20251109-WA0035-980x735.jpg 980w, https:\/\/www.claret.org\/wp-content\/uploads\/2025\/11\/IMG-20251109-WA0035-480x360.jpg 480w\" sizes=\"(min-width: 0px) and (max-width: 480px) 480px, (min-width: 481px) and (max-width: 980px) 980px, (min-width: 981px) 1024px, 100vw\" \/><\/figure>\n\n\n\n<figure class=\"wp-block-image size-large\"><img data-recalc-dims=\"1\" loading=\"lazy\" decoding=\"async\" width=\"1024\" height=\"776\" data-id=\"183202\" src=\"https:\/\/i0.wp.com\/www.claret.org\/wp-content\/uploads\/2025\/11\/IMG_5970.jpg?resize=1024%2C776&#038;ssl=1\" alt=\"\" class=\"wp-image-183202\" title=\"\" srcset=\"https:\/\/www.claret.org\/wp-content\/uploads\/2025\/11\/IMG_5970-980x742.jpg 980w, https:\/\/www.claret.org\/wp-content\/uploads\/2025\/11\/IMG_5970-480x364.jpg 480w\" sizes=\"(min-width: 0px) and (max-width: 480px) 480px, (min-width: 481px) and (max-width: 980px) 980px, (min-width: 981px) 1024px, 100vw\" \/><\/figure>\n<\/figure>\n\n<p><\/p>\n\n<p><\/p>\n","protected":false},"excerpt":{"rendered":"<p>Abuja, Nig\u00e9ria. Du 2 au 8 novembre 2025, les membres des Pr\u00e9fectures pour le Minist\u00e8re Biblique et la Communication de l&rsquo;ACLA (Clar\u00e9tains Africains) se sont r\u00e9unis \u00e0 l&rsquo;Institut de la Vie Consacr\u00e9e en Afrique (InCLA) \u00e0 Abuja pour une assembl\u00e9e d&rsquo;une semaine ax\u00e9e sur le th\u00e8me : \u00ab Le Minist\u00e8re Biblique de l&rsquo;ACLA au Service [&hellip;]<\/p>\n","protected":false},"author":69,"featured_media":183209,"comment_status":"closed","ping_status":"closed","sticky":false,"template":"","format":"standard","meta":{"_et_pb_use_builder":"","_et_pb_old_content":"","_et_gb_content_width":"","footnotes":""},"categories":[4387],"tags":[],"class_list":["post-183960","post","type-post","status-publish","format-standard","has-post-thumbnail","hentry","category-ministere-biblique-et-communication"],"jetpack_featured_media_url":"https:\/\/i0.wp.com\/www.claret.org\/wp-content\/uploads\/2025\/11\/IMG-20251109-WA0024.jpg?fit=1280%2C960&ssl=1","jetpack_sharing_enabled":true,"jetpack_shortlink":"https:\/\/wp.me\/pdaBmi-LR6","jetpack_likes_enabled":true,"_links":{"self":[{"href":"https:\/\/www.claret.org\/fr\/wp-json\/wp\/v2\/posts\/183960","targetHints":{"allow":["GET"]}}],"collection":[{"href":"https:\/\/www.claret.org\/fr\/wp-json\/wp\/v2\/posts"}],"about":[{"href":"https:\/\/www.claret.org\/fr\/wp-json\/wp\/v2\/types\/post"}],"author":[{"embeddable":true,"href":"https:\/\/www.claret.org\/fr\/wp-json\/wp\/v2\/users\/69"}],"replies":[{"embeddable":true,"href":"https:\/\/www.claret.org\/fr\/wp-json\/wp\/v2\/comments?post=183960"}],"version-history":[{"count":1,"href":"https:\/\/www.claret.org\/fr\/wp-json\/wp\/v2\/posts\/183960\/revisions"}],"predecessor-version":[{"id":183961,"href":"https:\/\/www.claret.org\/fr\/wp-json\/wp\/v2\/posts\/183960\/revisions\/183961"}],"wp:featuredmedia":[{"embeddable":true,"href":"https:\/\/www.claret.org\/fr\/wp-json\/wp\/v2\/media\/183209"}],"wp:attachment":[{"href":"https:\/\/www.claret.org\/fr\/wp-json\/wp\/v2\/media?parent=183960"}],"wp:term":[{"taxonomy":"category","embeddable":true,"href":"https:\/\/www.claret.org\/fr\/wp-json\/wp\/v2\/categories?post=183960"},{"taxonomy":"post_tag","embeddable":true,"href":"https:\/\/www.claret.org\/fr\/wp-json\/wp\/v2\/tags?post=183960"}],"curies":[{"name":"wp","href":"https:\/\/api.w.org\/{rel}","templated":true}]}}