{"id":184615,"date":"2025-12-12T10:01:14","date_gmt":"2025-12-12T09:01:14","guid":{"rendered":"https:\/\/www.claret.org\/les-claretains-dasie-sengagent-sur-la-voie-du-renouveau-a-la-fin-de-lassemblee-de-lascla\/"},"modified":"2025-12-23T01:23:38","modified_gmt":"2025-12-23T00:23:38","slug":"les-claretains-dasie-sengagent-sur-la-voie-du-renouveau-a-la-fin-de-lassemblee-de-lascla","status":"publish","type":"post","link":"https:\/\/www.claret.org\/fr\/les-claretains-dasie-sengagent-sur-la-voie-du-renouveau-a-la-fin-de-lassemblee-de-lascla\/","title":{"rendered":"Les clar\u00e9tains d&rsquo;Asie s&rsquo;engagent sur la voie du renouveau \u00e0 la fin de l&rsquo;assembl\u00e9e de l&rsquo;ASCLA"},"content":{"rendered":"\n<p class=\"has-drop-cap\">Cavite, Philippines. La r\u00e9union des organismes de l&rsquo;ASCLA avec le Gouvernement g\u00e9n\u00e9ral aux Philippines s&rsquo;est conclue le 11 d\u00e9cembre par une eucharistie d&rsquo;action de gr\u00e2ce pr\u00e9sid\u00e9e par le P\u00e8re Mathew Vattamattam, CMF, Sup\u00e9rieur g\u00e9n\u00e9ral. Les derniers jours de la rencontre ont \u00e9t\u00e9 l&rsquo;occasion de savourer les fruits de nos \u00e9changes, de nos conversions et de nos partages inspir\u00e9s par l&rsquo;Esprit.<\/p>\n\n<p>Cette rencontre a v\u00e9ritablement permis aux Clar\u00e9tains d&rsquo;Asie de c\u00e9l\u00e9brer la diversit\u00e9 de leurs r\u00e9alit\u00e9s et la richesse de leur patrimoine culturel. Bien plus qu&rsquo;un simple \u00e9change de rapports, cette r\u00e9union fut une immersion dans l&rsquo;appel doux et pourtant pressant du Saint-Esprit \u00e0 un renouveau. Une harmonie remarquable a \u00e9merg\u00e9 d&rsquo;un dialogue sinc\u00e8re : un d\u00e9sir partag\u00e9 de renforcer nos minist\u00e8res aupr\u00e8s des jeunes et des vocations, une prise de conscience renouvel\u00e9e de la n\u00e9cessit\u00e9 de d\u00e9passer l&rsquo;individualisme par une synodalit\u00e9 authentique, et la conviction profonde que notre mission ne portera de fruits que si elle jaillit de l&rsquo;int\u00e9riorit\u00e9 et d&rsquo;une profondeur contemplative.<br\/><\/p>\n\n<p><\/p>\n\n<figure class=\"wp-block-gallery has-nested-images columns-default is-cropped wp-block-gallery-1 is-layout-flex wp-block-gallery-is-layout-flex\">\n<figure class=\"wp-block-image size-large\"><img data-recalc-dims=\"1\" loading=\"lazy\" decoding=\"async\" width=\"1080\" height=\"608\" data-id=\"184384\" src=\"https:\/\/i0.wp.com\/www.claret.org\/wp-content\/uploads\/2025\/12\/2025-12-11-ASCLA-Government-with-GG-Philipines-8.jpg?resize=1080%2C608&#038;ssl=1\" alt=\"\" class=\"wp-image-184384\" title=\"\"><\/figure>\n\n\n\n<figure class=\"wp-block-image size-large\"><img data-recalc-dims=\"1\" loading=\"lazy\" decoding=\"async\" width=\"1080\" height=\"608\" data-id=\"184390\" src=\"https:\/\/i0.wp.com\/www.claret.org\/wp-content\/uploads\/2025\/12\/2025-12-11-ASCLA-Government-with-GG-Philipines-9.jpg?resize=1080%2C608&#038;ssl=1\" alt=\"\" class=\"wp-image-184390\" title=\"\"><\/figure>\n\n\n\n<figure class=\"wp-block-image size-large\"><img data-recalc-dims=\"1\" loading=\"lazy\" decoding=\"async\" width=\"1080\" height=\"608\" data-id=\"184378\" src=\"https:\/\/i0.wp.com\/www.claret.org\/wp-content\/uploads\/2025\/12\/2025-12-11-ASCLA-Government-with-GG-Philipines-6.jpg?resize=1080%2C608&#038;ssl=1\" alt=\"\" class=\"wp-image-184378\" title=\"\"><\/figure>\n<\/figure>\n\n<p><\/p>\n\n<p><\/p>\n\n<p>Pour les Clar\u00e9tains d&rsquo;Asie, ce rassemblement a \u00e9t\u00e9 l&rsquo;occasion de red\u00e9couvrir leur identit\u00e9 collective : enracin\u00e9e dans la Parole, mue par la compassion et engag\u00e9e \u00e0 cheminer ensemble. Ces journ\u00e9es pass\u00e9es ensemble nous ont rappel\u00e9 que la transformation ne r\u00e9sulte pas uniquement de strat\u00e9gies. Elle s&rsquo;\u00e9panouit lorsque les c\u0153urs se convertissent, que les relations s&rsquo;approfondissent et que les communaut\u00e9s red\u00e9couvrent la joie de discerner et d&rsquo;agir de concert.<\/p>\n\n<p>Le chemin \u00e0 parcourir exigera fid\u00e9lit\u00e9, courage et ouverture aux surprises de l&rsquo;Esprit. Oui, nous osons aller de l&rsquo;avant \u2013 unis, solidaires et port\u00e9s par la m\u00eame flamme missionnaire qui br\u00fblait jadis dans le c\u0153ur de saint Antoine-Marie Claret.<\/p>\n\n<p><\/p>\n\n<figure class=\"wp-block-gallery has-nested-images columns-default is-cropped wp-block-gallery-2 is-layout-flex wp-block-gallery-is-layout-flex\">\n<figure class=\"wp-block-image size-large\"><img data-recalc-dims=\"1\" loading=\"lazy\" decoding=\"async\" width=\"1080\" height=\"608\" data-id=\"184408\" src=\"https:\/\/i0.wp.com\/www.claret.org\/wp-content\/uploads\/2025\/12\/2025-12-11-ASCLA-Government-with-GG-Philipines-5.jpg?resize=1080%2C608&#038;ssl=1\" alt=\"\" class=\"wp-image-184408\" title=\"\"><\/figure>\n\n\n\n<figure class=\"wp-block-image size-large\"><img data-recalc-dims=\"1\" loading=\"lazy\" decoding=\"async\" width=\"1080\" height=\"608\" data-id=\"184396\" src=\"https:\/\/i0.wp.com\/www.claret.org\/wp-content\/uploads\/2025\/12\/2025-12-11-ASCLA-Government-with-GG-Philipines-2.jpg?resize=1080%2C608&#038;ssl=1\" alt=\"\" class=\"wp-image-184396\" title=\"\"><\/figure>\n\n\n\n<figure class=\"wp-block-image size-large\"><img data-recalc-dims=\"1\" loading=\"lazy\" decoding=\"async\" width=\"1080\" height=\"608\" data-id=\"184402\" src=\"https:\/\/i0.wp.com\/www.claret.org\/wp-content\/uploads\/2025\/12\/2025-12-11-ASCLA-Government-with-GG-Philipines-4.jpg?resize=1080%2C608&#038;ssl=1\" alt=\"\" class=\"wp-image-184402\" title=\"\"><\/figure>\n<\/figure>\n\n<p><\/p>\n\n<p><\/p>\n","protected":false},"excerpt":{"rendered":"<p>Cavite, Philippines. La r\u00e9union des organismes de l&rsquo;ASCLA avec le Gouvernement g\u00e9n\u00e9ral aux Philippines s&rsquo;est conclue le 11 d\u00e9cembre par une eucharistie d&rsquo;action de gr\u00e2ce pr\u00e9sid\u00e9e par le P\u00e8re Mathew Vattamattam, CMF, Sup\u00e9rieur g\u00e9n\u00e9ral. Les derniers jours de la rencontre ont \u00e9t\u00e9 l&rsquo;occasion de savourer les fruits de nos \u00e9changes, de nos conversions et de [&hellip;]<\/p>\n","protected":false},"author":1009,"featured_media":184373,"comment_status":"closed","ping_status":"closed","sticky":false,"template":"","format":"standard","meta":{"_et_pb_use_builder":"","_et_pb_old_content":"","_et_gb_content_width":"","footnotes":""},"categories":[192,217,521],"tags":[],"class_list":["post-184615","post","type-post","status-publish","format-standard","has-post-thumbnail","hentry","category-ascla-east-fr","category-ascla-west-fr","category-gouvernement-general"],"jetpack_featured_media_url":"https:\/\/i0.wp.com\/www.claret.org\/wp-content\/uploads\/2025\/12\/2025-12-11-ASCLA-Government-with-GG-Philipines-10.jpg?fit=2000%2C1126&ssl=1","jetpack_sharing_enabled":true,"jetpack_shortlink":"https:\/\/wp.me\/pdaBmi-M1F","jetpack_likes_enabled":true,"_links":{"self":[{"href":"https:\/\/www.claret.org\/fr\/wp-json\/wp\/v2\/posts\/184615","targetHints":{"allow":["GET"]}}],"collection":[{"href":"https:\/\/www.claret.org\/fr\/wp-json\/wp\/v2\/posts"}],"about":[{"href":"https:\/\/www.claret.org\/fr\/wp-json\/wp\/v2\/types\/post"}],"author":[{"embeddable":true,"href":"https:\/\/www.claret.org\/fr\/wp-json\/wp\/v2\/users\/1009"}],"replies":[{"embeddable":true,"href":"https:\/\/www.claret.org\/fr\/wp-json\/wp\/v2\/comments?post=184615"}],"version-history":[{"count":1,"href":"https:\/\/www.claret.org\/fr\/wp-json\/wp\/v2\/posts\/184615\/revisions"}],"predecessor-version":[{"id":184616,"href":"https:\/\/www.claret.org\/fr\/wp-json\/wp\/v2\/posts\/184615\/revisions\/184616"}],"wp:featuredmedia":[{"embeddable":true,"href":"https:\/\/www.claret.org\/fr\/wp-json\/wp\/v2\/media\/184373"}],"wp:attachment":[{"href":"https:\/\/www.claret.org\/fr\/wp-json\/wp\/v2\/media?parent=184615"}],"wp:term":[{"taxonomy":"category","embeddable":true,"href":"https:\/\/www.claret.org\/fr\/wp-json\/wp\/v2\/categories?post=184615"},{"taxonomy":"post_tag","embeddable":true,"href":"https:\/\/www.claret.org\/fr\/wp-json\/wp\/v2\/tags?post=184615"}],"curies":[{"name":"wp","href":"https:\/\/api.w.org\/{rel}","templated":true}]}}