{"id":18466,"date":"2015-09-14T18:07:31","date_gmt":"2015-09-14T16:07:31","guid":{"rendered":"https:\/\/www.claret.org\/pape-francois-a-la-congregation\/"},"modified":"2015-09-14T18:07:31","modified_gmt":"2015-09-14T16:07:31","slug":"pape-francois-a-la-congregation","status":"publish","type":"post","link":"https:\/\/www.claret.org\/fr\/pape-francois-a-la-congregation\/","title":{"rendered":"Pape Fran\u00e7ois \u00e0 la Congr\u00e9gation"},"content":{"rendered":"<p><i>Bonjour et merci beaucoup!<\/i><\/p>\n<p><a href=\"https:\/\/w2.vatican.va\/content\/francesco\/fr\/speeches\/2015\/september\/documents\/papa-francesco_20150911_missionari-clarettiani.html#Discours_pr\u00e9par\u00e9_par_le_Pape\" rel=\"nofollow noopener\" target=\"_blank\">J\u2019ai pr\u00e9par\u00e9 un discours<\/a> en castillan, que Mgr Ganswein vous remettra. Mais je pr\u00e9f\u00e8re dire ce qui me vient \u00e0 l\u2019esprit, \u00e9tant donn\u00e9 que c\u2019est en castillan.<\/p>\n<p>J\u2019ai eu une mauvaise pens\u00e9e quand le G\u00e9n\u00e9ral a parl\u00e9: il a dit que quand il a lu <i> <a href=\"http:\/\/w2.vatican.va\/content\/francesco\/fr\/apost_exhortations\/documents\/papa-francesco_esortazione-ap_20131124_evangelii-gaudium.html\" rel=\"nofollow noopener\" target=\"_blank\"> Evangelii Gaudium<\/a>,<\/i> il a \u00e9prouv\u00e9 une grande joie, je l\u2019ai imagin\u00e9 \u00e0 la librairie de Buenos Aires, qui m\u00e9ditait tous les livres&#8230; On rencontre des clar\u00e9tiens partout. Et je dois reconna\u00eetre que dans le domaine de la th\u00e9ologie \u2014 l\u2019ancien g\u00e9n\u00e9ral \u00e9tait un th\u00e9ologien de la vie religieuse, du droit canonique \u2014 vous \u00eates vraiment parmi les meilleurs canonistes que nous ayons \u00e0 Rome. Un travail silencieux, saint&#8230; il passa toute sa vie dans la Congr\u00e9gation religieuse: il a donn\u00e9 un exemple de vie, dans la missionnarit\u00e9.<\/p>\n<p>Je voudrais dire trois mots, en pensant \u00e0 ceux que je connais&#8230; Dieu m\u2019a b\u00e9ni en me donnant pour ami certains d\u2019entre vous.<\/p>\n<p>Je vous dirais trois mots qui peuvent vous servir: adorer, marcher et accompagner.<\/p>\n<p>Adorer. Dans le monde de l\u2019efficacit\u00e9, nous avons perdu le sens de l\u2019adoration, m\u00eame dans la pri\u00e8re. Assur\u00e9ment nous prions, nous louons le Seigneur, nous demandons, nous rendons gr\u00e2ce&#8230; Mais l\u2019adoration signifie \u00eatre devant l\u2019Unique Dieu, celui qui est l\u2019Unique qui n\u2019a pas de prix, qui ne se n\u00e9gocie pas, qui se ne change pas&#8230; Et tout ce qui est en dehors de Lui est une \u00abimitation en carton\u00bb, une idole&#8230; Adorer. En cela un effort est n\u00e9cessaire pour grandir dans cette mani\u00e8re de prier: l\u2019adoration. Adorez, adorez Dieu&#8230; C\u2019est une carence de l\u2019Eglise en ce moment, par manque de p\u00e9dagogie. Ce sentiment de l\u2019adoration, que nous avons dans le premier commandement de la Bible \u2014 \u00abAdore le Dieu unique. Tu n\u2019auras pas d\u2019autre Dieu. Il est l\u2019unique que tu devras adorer&#8230;\u00bb \u2014. C\u2019est cette \u00abperte de temps\u00bb, sans demander, sans rendre gr\u00e2ce, m\u00eame sans louer, seulement adorer, avec l\u2019\u00e2me prostern\u00e9e. Je ne sais pas pourquoi, mais je ressens le besoin de vous dire cela, je sens que je devais vous le dire. Cela me vient de l\u2019int\u00e9rieur.<\/p>\n<p>Marcher. Dieu ne peut pas s\u2019adorer lui-m\u00eame, mais Dieu a voulu marcher. Il n\u2019a pas voulu rester tranquille. D\u00e8s le d\u00e9but, il a march\u00e9 avec son peuple. Le passage de Mo\u00efse est si beau, vous souvenez-vous? \u00abPensez-y: quel peuple a vu Dieu si proche qu\u2019il marcha avec eux?\u00bb. Marcher. Et marcher c\u2019est ouvrir des fronti\u00e8res, sortir, ouvrir des portes et chercher des routes. Marcher&#8230; Ne pas rester assis; ne pas s\u2019installer, au mauvais sens du terme. C\u2019est vrai, il y a besoin d\u2019organiser les choses, il y a des activit\u00e9s qui exigent de rester tranquilles, mais avec son \u00e2me, son c\u0153ur et sa t\u00eate il faut marcher et chercher. Aller \u00e0 la fronti\u00e8re: les fronti\u00e8res de tous les genres, y compris celles de la pens\u00e9e. Vous, les intellectuels, vous devez aller aux fronti\u00e8res, ouvrir des chemins, chercher. Il ne faut donc pas rester tranquilles, car celui qui reste tranquille et qui ne bouge pas, se corrompt: comme l\u2019eau, l\u2019eau stagnante se corrompt; alors que l\u2019eau du fleuve qui s\u2019\u00e9coule ne se corrompt pas. Marcher comme Dieu a march\u00e9, en devenant un compagnon de voyage. On ne peut pas oublier que dans la Bible le Seigneur a accompagn\u00e9 le peuple, en prenant aussi en charge les p\u00e9ch\u00e9s, en pardonnant, en accompagnant&#8230; Marcher. Marcher avec ce d\u00e9sir d\u2019arriver un jour \u00e0 Le contempler, et ne pas \u00eatre \u2014 comme cela est malheureusement habituel \u2014 des personnes qui sont l\u00e0 pour trouver la s\u00e9curit\u00e9 dans un institut ou une place tranquille, pour que rien ne leur manque&#8230; Marcher, marcher&#8230;<\/p>\n<p>Et le troisi\u00e8me mot est accompagner. Il ne faut donc pas marcher seuls, c\u2019est d\u2019ailleurs ennuyeux&#8230; Il faut accompagner le peuple: Dieu marcha en accompagnant. C\u2019est si beau de rappeler quand J\u00e9sus faisait semblant de ne pas savoir, il faisait \u00abl\u2019innocent\u00bb avec ceux qui fuyaient de J\u00e9rusalem \u00e0 Emma\u00fcs: il se pla\u00e7a l\u00e0, les accompagna, il accompagna tout un processus&#8230;<\/p>\n<p>Accompagner les moments de joie, accompagner le bonheur des couples, des familles; les accompagner dans les moments durs, dans les moments de la croix, dans les moments du p\u00e9ch\u00e9&#8230; J\u00e9sus n\u2019avait pas peur des p\u00e9cheurs: il les cherchait. On le critiquait: \u00abCelui-l\u00e0 va trop loin; celui-l\u00e0 est imprudent&#8230;\u00bb. Accompagner. Accompagner les personnes, accompagner les nombreux d\u00e9sirs que le Seigneur s\u00e8me dans le c\u0153ur et les laisser bien grandir.<\/p>\n<p>J\u2019ai eu envie de vous dire cela. Adorer, marcher et accompagner. Si cela vous sert, allez de l\u2019avant! Je le laisse entre vos mains&#8230; Etant donn\u00e9 que Marie est la M\u00e8re qui prend soin de vous, je vous invite \u00e0 r\u00e9citer ensemble l\u2019Ave Maria.<\/p>\n","protected":false},"excerpt":{"rendered":"<p>Bonjour et merci beaucoup! J\u2019ai pr\u00e9par\u00e9 un discours en castillan, que Mgr Ganswein vous remettra. Mais je pr\u00e9f\u00e8re dire ce qui me vient \u00e0 l\u2019esprit, \u00e9tant donn\u00e9 que c\u2019est en castillan. J\u2019ai eu une mauvaise pens\u00e9e quand le G\u00e9n\u00e9ral a parl\u00e9: il a dit que quand il a lu Evangelii Gaudium, il a \u00e9prouv\u00e9 une [&hellip;]<\/p>\n","protected":false},"author":2,"featured_media":18441,"comment_status":"closed","ping_status":"closed","sticky":false,"template":"","format":"standard","meta":{"_et_pb_use_builder":"","_et_pb_old_content":"","_et_gb_content_width":"","footnotes":""},"categories":[512,537],"tags":[],"class_list":["post-18466","post","type-post","status-publish","format-standard","has-post-thumbnail","hentry","category-chapitres-generaux","category-la-congregation"],"jetpack_featured_media_url":"https:\/\/i0.wp.com\/www.claret.org\/wp-content\/uploads\/2018\/05\/papa_a_cmf_w.jpg?fit=650%2C431&ssl=1","jetpack_sharing_enabled":true,"jetpack_shortlink":"https:\/\/wp.me\/pdaBmi-4NQ","jetpack_likes_enabled":true,"_links":{"self":[{"href":"https:\/\/www.claret.org\/fr\/wp-json\/wp\/v2\/posts\/18466","targetHints":{"allow":["GET"]}}],"collection":[{"href":"https:\/\/www.claret.org\/fr\/wp-json\/wp\/v2\/posts"}],"about":[{"href":"https:\/\/www.claret.org\/fr\/wp-json\/wp\/v2\/types\/post"}],"author":[{"embeddable":true,"href":"https:\/\/www.claret.org\/fr\/wp-json\/wp\/v2\/users\/2"}],"replies":[{"embeddable":true,"href":"https:\/\/www.claret.org\/fr\/wp-json\/wp\/v2\/comments?post=18466"}],"version-history":[{"count":0,"href":"https:\/\/www.claret.org\/fr\/wp-json\/wp\/v2\/posts\/18466\/revisions"}],"wp:featuredmedia":[{"embeddable":true,"href":"https:\/\/www.claret.org\/fr\/wp-json\/wp\/v2\/media\/18441"}],"wp:attachment":[{"href":"https:\/\/www.claret.org\/fr\/wp-json\/wp\/v2\/media?parent=18466"}],"wp:term":[{"taxonomy":"category","embeddable":true,"href":"https:\/\/www.claret.org\/fr\/wp-json\/wp\/v2\/categories?post=18466"},{"taxonomy":"post_tag","embeddable":true,"href":"https:\/\/www.claret.org\/fr\/wp-json\/wp\/v2\/tags?post=18466"}],"curies":[{"name":"wp","href":"https:\/\/api.w.org\/{rel}","templated":true}]}}