{"id":188454,"date":"2026-04-27T09:45:23","date_gmt":"2026-04-27T07:45:23","guid":{"rendered":"https:\/\/www.claret.org\/indisponibilite-temporaire-des-applications-mobiles\/"},"modified":"2026-04-28T10:12:32","modified_gmt":"2026-04-28T08:12:32","slug":"indisponibilite-temporaire-des-applications-mobiles","status":"publish","type":"post","link":"https:\/\/www.claret.org\/fr\/indisponibilite-temporaire-des-applications-mobiles\/","title":{"rendered":"Indisponibilit\u00e9 temporaire des applications mobiles"},"content":{"rendered":"\n<p class=\"has-drop-cap\">Nous souhaitons informer tous les utilisateurs des applications mobiles <em>Fussimanya<\/em>, <em>Claretian Year<\/em> et <em>Claret With You<\/em> qu&rsquo;elles ne sont actuellement pas disponibles sur le Google Play Store et l&rsquo;Apple App Store.<br\/><\/p>\n\n<p>Cela est d\u00fb \u00e0 une migration de serveur et \u00e0 une mise \u00e0 jour des applications en cours. Pendant cette p\u00e9riode, les applications d\u00e9j\u00e0 t\u00e9l\u00e9charg\u00e9es peuvent ne pas fonctionner correctement, notamment lors d&rsquo;une tentative de mise \u00e0 jour.&#13;\n<\/p>\n\n<p>Nous vous prions de nous excuser pour la g\u00eane occasionn\u00e9e et vous remercions de votre patience. Nous mettons tout en \u0153uvre pour que tout soit de nouveau op\u00e9rationnel au plus vite.&#13;\n<\/p>\n\n<p><\/p>\n\n<p><\/p>\n","protected":false},"excerpt":{"rendered":"<p>Nous souhaitons informer tous les utilisateurs des applications mobiles Fussimanya, Claretian Year et Claret With You qu&rsquo;elles ne sont actuellement pas disponibles sur le Google Play Store et l&rsquo;Apple App Store. Cela est d\u00fb \u00e0 une migration de serveur et \u00e0 une mise \u00e0 jour des applications en cours. Pendant cette p\u00e9riode, les applications d\u00e9j\u00e0 [&hellip;]<\/p>\n","protected":false},"author":69,"featured_media":188369,"comment_status":"closed","ping_status":"closed","sticky":false,"template":"","format":"standard","meta":{"_et_pb_use_builder":"","_et_pb_old_content":"","_et_gb_content_width":"","footnotes":""},"categories":[4400,615],"tags":[],"class_list":["post-188454","post","type-post","status-publish","format-standard","has-post-thumbnail","hentry","category-communication-fr","category-spiritualite"],"jetpack_featured_media_url":"https:\/\/i0.wp.com\/www.claret.org\/wp-content\/uploads\/2026\/04\/ChatGPT-Image-Apr-27-2026-09_56_47-AM.png?fit=1536%2C943&ssl=1","jetpack_sharing_enabled":true,"jetpack_shortlink":"https:\/\/wp.me\/pdaBmi-N1A","jetpack_likes_enabled":true,"_links":{"self":[{"href":"https:\/\/www.claret.org\/fr\/wp-json\/wp\/v2\/posts\/188454","targetHints":{"allow":["GET"]}}],"collection":[{"href":"https:\/\/www.claret.org\/fr\/wp-json\/wp\/v2\/posts"}],"about":[{"href":"https:\/\/www.claret.org\/fr\/wp-json\/wp\/v2\/types\/post"}],"author":[{"embeddable":true,"href":"https:\/\/www.claret.org\/fr\/wp-json\/wp\/v2\/users\/69"}],"replies":[{"embeddable":true,"href":"https:\/\/www.claret.org\/fr\/wp-json\/wp\/v2\/comments?post=188454"}],"version-history":[{"count":1,"href":"https:\/\/www.claret.org\/fr\/wp-json\/wp\/v2\/posts\/188454\/revisions"}],"predecessor-version":[{"id":188455,"href":"https:\/\/www.claret.org\/fr\/wp-json\/wp\/v2\/posts\/188454\/revisions\/188455"}],"wp:featuredmedia":[{"embeddable":true,"href":"https:\/\/www.claret.org\/fr\/wp-json\/wp\/v2\/media\/188369"}],"wp:attachment":[{"href":"https:\/\/www.claret.org\/fr\/wp-json\/wp\/v2\/media?parent=188454"}],"wp:term":[{"taxonomy":"category","embeddable":true,"href":"https:\/\/www.claret.org\/fr\/wp-json\/wp\/v2\/categories?post=188454"},{"taxonomy":"post_tag","embeddable":true,"href":"https:\/\/www.claret.org\/fr\/wp-json\/wp\/v2\/tags?post=188454"}],"curies":[{"name":"wp","href":"https:\/\/api.w.org\/{rel}","templated":true}]}}