{"id":20641,"date":"2018-06-08T00:00:24","date_gmt":"2018-06-07T22:00:24","guid":{"rendered":"https:\/\/www.claret.org\/8-juin\/"},"modified":"2018-06-08T00:00:24","modified_gmt":"2018-06-07T22:00:24","slug":"8-juin","status":"publish","type":"post","link":"https:\/\/www.claret.org\/fr\/8-juin\/","title":{"rendered":"8 Juin"},"content":{"rendered":"<div class=\"field field-name-field-meditacion-cita-texto field-type-text-long field-label-hidden\">\n<div class=\"field-items\">\n<div class=\"field-item even\">*86.- \u00abUn jour je me suis rendu \u00e0 ce qu\u2019on appelle vieille mer, derri\u00e8re la Barceloneta, me trouvant sur la rive de la mer, soudainement elle s\u2019agita, et une grande vague m\u2019emporta, apr\u00e8s celle-ci, une autre. Je me suis vu tout d\u2019un coup tr\u00e8s loin dans la mer, et j\u2019\u00e9tais tr\u00e8s surpris de voir que je flottait sur les eaux sans savoir nager ; et, apr\u00e8s avoir invoqu\u00e9 la Tr\u00e8s Sainte (Vierge) Marie, je me suis retrouv\u00e9 en bordure de la mer, sans qu\u2019une seule goute d\u2019eau soit entr\u00e9e dans ma bouche\u00bb<\/div>\n<\/div>\n<\/div>\n<div class=\"field field-name-field-meditacion-cita field-type-text field-label-hidden\">\n<div class=\"field-items\">\n<div class=\"field-item even\">Aut 71<\/div>\n<\/div>\n<\/div>\n<div class=\"titulo-meditacion\">\n<h2>PROTECTION DE MARIE<\/h2>\n<\/div>\n<div class=\"field field-name-body field-type-text-with-summary field-label-hidden\">\n<div class=\"field-items\">\n<div class=\"field-item even\">\n<p>Claret s\u2019est  senti  tr\u00e8s prot\u00e9g\u00e9  par \u00ab la Tr\u00e8s Saint (Vierge) Marie \u00bb  (c\u2019est ainsi que le dit presque toujours) dans tout son v\u00e9cu et dans  plusieurs situations de danger. C\u2019est lui que le raconte et   il \u00e9num\u00e8re  gr\u00e2ces et faveurs  obtenues  de Marie, dans lesquels on s\u2019aper\u00e7oit   comment  il se sentait aim\u00e9 de la Vierge Marie, et avec quelle intensit\u00e9 l\u2019aima d\u00e8s son enfance.<br \/>\nLes d\u00e9votions mariales pratiqu\u00e9es par Claret sont nombreuses, les pri\u00e8res mariales  qu\u2019il a \u00e9crites et les groupes mariaux  qu\u2019il fonda ; \u00e0 tous il conseillait l\u2019amour \u00e0 Marie.  Et avec \u00e7a,  nous voyons excellentes intuitions  de Claret sur Marie. Il la contemplait comme \u00ab  Fille du P\u00e8re, \u00c9pouse de l\u2019Esprit et M\u00e8re du Fils \u00bb. Il la voyait  comme la femme de l\u2019Apocalypse  luttant  contre le mal, et localisa cette lutte dans le \u00ab C\u0153ur Immacul\u00e9 de Marie \u00bb. Claret c\u00e9l\u00e9bra avec  grande joie la proclamation du dogme de l\u2019Immacul\u00e9e Conception et demanda \u00e0 Pie IX  de promulguer celui, aussi, de l\u2019Assomption (\u00e7a serait Pie XII  en 1950). Marie \u00e9tait pour Claret \u00ab  la femme imitatrice de J\u00e9sus \u00bb\u2026<br \/>\nCe filon f\u00e9cond marial  et cordimarial de Claret  nous oriente et indique le lieu et l\u2019active pr\u00e9sence que doit avoir la figure de Marie et son C\u0153ur dans notre spiritualit\u00e9 chr\u00e9tienne.<br \/>\nNous devons \u00ab lib\u00e9rer \u00bb Marie dans notre  \u00c9glise  de l\u2019oubli de bien de chr\u00e9tiens, et  \u00e9galement  du culte  presque divin exag\u00e9r\u00e9 de bien d\u2019autres. C\u2019est pourquoi,  nous r\u00e9visons chacun   de nous  la place qu\u2019occupe Marie dans notre vie chr\u00e9tienne et posons-nous la question : N\u2019est-ce pas par hasard \u00ab Marie de l\u2019\u00c9vangile \u00bb, le meilleur mod\u00e8le d\u2019auditeurs et serviteurs fid\u00e8les de la Parole de Dieu,  pour tous les disciples (eux et elles) de J\u00e9sus ?<\/p>\n<\/div>\n<\/div>\n<\/div>\n","protected":false},"excerpt":{"rendered":"<p>*86.- \u00abUn jour je me suis rendu \u00e0 ce qu\u2019on appelle vieille mer, derri\u00e8re la Barceloneta, me trouvant sur la rive de la mer, soudainement elle s\u2019agita, et une grande vague m\u2019emporta, apr\u00e8s celle-ci, une autre. Je me suis vu tout d\u2019un coup tr\u00e8s loin dans la mer, et j\u2019\u00e9tais tr\u00e8s surpris de voir que [&hellip;]<\/p>\n","protected":false},"author":1,"featured_media":0,"comment_status":"closed","ping_status":"closed","sticky":false,"template":"","format":"standard","meta":{"_et_pb_use_builder":"","_et_pb_old_content":"","_et_gb_content_width":"","footnotes":""},"categories":[523],"tags":[],"class_list":["post-20641","post","type-post","status-publish","format-standard","hentry","category-claret-avec-toi"],"jetpack_featured_media_url":"","jetpack_sharing_enabled":true,"jetpack_shortlink":"https:\/\/wp.me\/pdaBmi-5mV","jetpack_likes_enabled":true,"_links":{"self":[{"href":"https:\/\/www.claret.org\/fr\/wp-json\/wp\/v2\/posts\/20641","targetHints":{"allow":["GET"]}}],"collection":[{"href":"https:\/\/www.claret.org\/fr\/wp-json\/wp\/v2\/posts"}],"about":[{"href":"https:\/\/www.claret.org\/fr\/wp-json\/wp\/v2\/types\/post"}],"author":[{"embeddable":true,"href":"https:\/\/www.claret.org\/fr\/wp-json\/wp\/v2\/users\/1"}],"replies":[{"embeddable":true,"href":"https:\/\/www.claret.org\/fr\/wp-json\/wp\/v2\/comments?post=20641"}],"version-history":[{"count":0,"href":"https:\/\/www.claret.org\/fr\/wp-json\/wp\/v2\/posts\/20641\/revisions"}],"wp:attachment":[{"href":"https:\/\/www.claret.org\/fr\/wp-json\/wp\/v2\/media?parent=20641"}],"wp:term":[{"taxonomy":"category","embeddable":true,"href":"https:\/\/www.claret.org\/fr\/wp-json\/wp\/v2\/categories?post=20641"},{"taxonomy":"post_tag","embeddable":true,"href":"https:\/\/www.claret.org\/fr\/wp-json\/wp\/v2\/tags?post=20641"}],"curies":[{"name":"wp","href":"https:\/\/api.w.org\/{rel}","templated":true}]}}