{"id":20838,"date":"2018-06-07T09:39:14","date_gmt":"2018-06-07T07:39:14","guid":{"rendered":"https:\/\/www.claret.org\/reconciliation-et-construction-de-la-paix-lors-de-la-post-guerre-au-sri-lanka\/"},"modified":"2018-06-07T09:39:14","modified_gmt":"2018-06-07T07:39:14","slug":"reconciliation-et-construction-de-la-paix-lors-de-la-post-guerre-au-sri-lanka","status":"publish","type":"post","link":"https:\/\/www.claret.org\/fr\/reconciliation-et-construction-de-la-paix-lors-de-la-post-guerre-au-sri-lanka\/","title":{"rendered":"RECONCILIATION ET CONSTRUCTION DE LA PAIX LORS DE LA POST GUERRE AU SRI LANKA"},"content":{"rendered":"<p><strong>Colombo, Sri Lanka. <\/strong>Le 2 juin, 2018 on a publi\u00e9 \u00e0 Colombo un nouveau livre ayant pour titre <em>R\u00e9conciliation et consolidation de la paix lors de la post guerre  au Sri Lanka ; \u00e0 travers la Cure des souvenirs et le r\u00f4le de l\u2019\u00c9glise Catholique. <\/em>Le livre a \u00e9t\u00e9 \u00e9crit par  le P. J.M. Joseph, Joseph Jeyaseelan (Missionnaires Clar\u00e9tains). Profitant de l\u2019occasion et en tant qu\u2019invit\u00e9 principal a particip\u00e9 Son Excellence le Tr\u00e8s R\u00e9v\u00e9rend  Dr. Pierre Nguyen Van Tot, Nonce Apostolique au Sri Lanka. Y ont assist\u00e9, aussi, un ministre du gouvernement, le pr\u00e9sident de la Conf\u00e9rence des Sup\u00e9rieurs Majeurs Religieux au Sri Lanka, les membres de la famille et amis du P. Jeyaseelan, un bon nombre de pr\u00eatres, religieux, membres de la Famille Clar\u00e9taine au Sri Lanka, repr\u00e9sentants d\u2019organisations religieuses, non gouvernamentales et de la soci\u00e9t\u00e9 civile. Au cours de l\u2019\u00e9v\u00e9nement de la publication, le livre a \u00e9t\u00e9 pr\u00e9sent\u00e9  par le Dr. Jehan  Perera, Directeur  Ex\u00e9cutif  du Conseil National de Paix de Sri Lanka et r\u00e9vis\u00e9  par le Prof., Shirley Wijesinghe de l\u2019Universit\u00e9 de Kelaniya.  Au cours de l\u2019\u00e9v\u00e9nement, on a lu, aussi, un message envoy\u00e9 \u00e0 l\u2019auteur par Rt, R\u00e9v. Dr. Winston Fernando, SSS, pr\u00e9sident de la Conf\u00e9rence des \u00c9v\u00eaques Catholiques de Sri Lanka.<\/p>\n<p>En commentant lla nature du livre, le P. Robert Schreiter de Catholic Theological Union, Chicago, \u00e9crit ce que suit : \u00ab  Le travail du P. Jeyaseelan rend une grande contribution \u00e0 notre compr\u00e9hension de comment on peut r\u00e9ussir la gu\u00e9rison des souvenirs, et comment l\u2019\u00c9glise peut accompagner ce processus. Il m\u00e9rite une grande quantit\u00e9 de lecteurs  au Sri Lanka et au-del\u00e0 du grand nombre de sc\u00e9narios  semblables, de par le monde \u00bb.<\/p>\n<p>Au cours de la r\u00e9vision du livre, le Prof. Shirley Wijesinghe a affirm\u00e9 que : \u00ab le livre est adress\u00e9 surtout aux \u00e9glises chr\u00e9tiennes en g\u00e9n\u00e9ral et \u00e0 l\u2019\u00c9glise Catholique Romaine en particulier. L\u2019affiliation de l\u2019auteur au christianisme et son esp\u00e9rance en la capacit\u00e9 de la tradition chr\u00e9tienne de Sri Lanka de contribuer \u00e0 la paix est clairement visible \u00bb Elle a conclu la r\u00e9vision avec ces mots : \u00ab  P\u00e8re Jeyaseelan, votre livre constitue un travail excellent, hautement recommandable  \u00e0 \u00eatre lu par chaque chr\u00e9tien en ce pays tourment\u00e9 \u00bb.<\/p>\n<p>Il faut signaler qu\u2019en  2016 LES Publications Clar\u00e9taines de Sri Lanka publi\u00e8rent le premier livre du P. Jeyaseelan ayant comme titre : <em>Regarde les lis des champs. R\u00e9flexion du c\u0153ur. <\/em><\/p>\n<p>Le P. Jeyaseelan poss\u00e8de un Doctorat en Th\u00e9ologie Pratique de l\u2019Union Th\u00e9ologique Catholique de Chicago et il remplit son labeur en tant que Sup\u00e9rieur de la Communaut\u00e9 Clar\u00e9taine \u00e0 Vavuniya (VAROD), Sri Lanka<\/p>\n<p>&nbsp;<\/p>\n<div class=\"et_pb_slider et_pb_slider_fullwidth_off et_pb_gallery_post_type\">\n\t\t\t\t<div class=\"et_pb_slides\">\n\t\t\t\t\t<div class=\"et_pb_slide\" style=\"background: url(https:\/\/www.claret.org\/wp-content\/uploads\/2018\/06\/IMG_3879.jpg);\"><\/div><div class=\"et_pb_slide\" style=\"background: url(https:\/\/www.claret.org\/wp-content\/uploads\/2018\/06\/IMG_3883.jpg);\"><\/div><div class=\"et_pb_slide\" style=\"background: url(https:\/\/www.claret.org\/wp-content\/uploads\/2018\/06\/IMG_3891.jpg);\"><\/div><div class=\"et_pb_slide\" style=\"background: url(https:\/\/www.claret.org\/wp-content\/uploads\/2018\/06\/IMG_3948.jpg);\"><\/div><div class=\"et_pb_slide\" style=\"background: url(https:\/\/www.claret.org\/wp-content\/uploads\/2018\/06\/IMG_3960.jpg);\"><\/div>\n\t\t\t\t<\/div>\n\t\t\t<\/div>\n","protected":false},"excerpt":{"rendered":"<p>Colombo, Sri Lanka. Le 2 juin, 2018 on a publi\u00e9 \u00e0 Colombo un nouveau livre ayant pour titre R\u00e9conciliation et consolidation de la paix lors de la post guerre au Sri Lanka ; \u00e0 travers la Cure des souvenirs et le r\u00f4le de l\u2019\u00c9glise Catholique. Le livre a \u00e9t\u00e9 \u00e9crit par le P. J.M. Joseph, [&hellip;]<\/p>\n","protected":false},"author":2,"featured_media":20791,"comment_status":"closed","ping_status":"closed","sticky":false,"template":"","format":"standard","meta":{"_et_pb_use_builder":"","_et_pb_old_content":"","_et_gb_content_width":"","footnotes":""},"categories":[255,242],"tags":[],"class_list":["post-20838","post","type-post","status-publish","format-standard","has-post-thumbnail","hentry","category-claret-publishing-group-fr","category-st-joseph-vaz-fr"],"jetpack_featured_media_url":"https:\/\/i0.wp.com\/www.claret.org\/wp-content\/uploads\/2018\/06\/IMG_3970.jpg?fit=1280%2C853&ssl=1","jetpack_sharing_enabled":true,"jetpack_shortlink":"https:\/\/wp.me\/pdaBmi-5q6","jetpack_likes_enabled":true,"_links":{"self":[{"href":"https:\/\/www.claret.org\/fr\/wp-json\/wp\/v2\/posts\/20838","targetHints":{"allow":["GET"]}}],"collection":[{"href":"https:\/\/www.claret.org\/fr\/wp-json\/wp\/v2\/posts"}],"about":[{"href":"https:\/\/www.claret.org\/fr\/wp-json\/wp\/v2\/types\/post"}],"author":[{"embeddable":true,"href":"https:\/\/www.claret.org\/fr\/wp-json\/wp\/v2\/users\/2"}],"replies":[{"embeddable":true,"href":"https:\/\/www.claret.org\/fr\/wp-json\/wp\/v2\/comments?post=20838"}],"version-history":[{"count":0,"href":"https:\/\/www.claret.org\/fr\/wp-json\/wp\/v2\/posts\/20838\/revisions"}],"wp:featuredmedia":[{"embeddable":true,"href":"https:\/\/www.claret.org\/fr\/wp-json\/wp\/v2\/media\/20791"}],"wp:attachment":[{"href":"https:\/\/www.claret.org\/fr\/wp-json\/wp\/v2\/media?parent=20838"}],"wp:term":[{"taxonomy":"category","embeddable":true,"href":"https:\/\/www.claret.org\/fr\/wp-json\/wp\/v2\/categories?post=20838"},{"taxonomy":"post_tag","embeddable":true,"href":"https:\/\/www.claret.org\/fr\/wp-json\/wp\/v2\/tags?post=20838"}],"curies":[{"name":"wp","href":"https:\/\/api.w.org\/{rel}","templated":true}]}}