{"id":20877,"date":"2018-06-15T00:00:20","date_gmt":"2018-06-14T22:00:20","guid":{"rendered":"https:\/\/www.claret.org\/15-juin\/"},"modified":"2018-06-15T00:00:20","modified_gmt":"2018-06-14T22:00:20","slug":"15-juin","status":"publish","type":"post","link":"https:\/\/www.claret.org\/fr\/15-juin\/","title":{"rendered":"15 Juin"},"content":{"rendered":"<div class=\"field field-name-field-meditacion-cita-texto field-type-text-long field-label-hidden\">\n<div class=\"field-items\">\n<div class=\"field-item even\">*146.- \u00ab \u2026tu es Pr\u00eatre, tu es Pr\u00e9lat de l\u2019\u00c9glise, tu es ministre de J\u00e9sus-Christ \u00bb<\/div>\n<\/div>\n<\/div>\n<div class=\"field field-name-field-meditacion-cita field-type-text field-label-hidden\">\n<div class=\"field-items\">\n<div class=\"field-item even\">Aut 585<\/div>\n<\/div>\n<\/div>\n<div class=\"titulo-meditacion\">\n<h2>ESTIME DE LA PROPRE VOCATION<\/h2>\n<\/div>\n<div class=\"field field-name-body field-type-text-with-summary field-label-hidden\">\n<div class=\"field-items\">\n<div class=\"field-item even\">\n<p>L\u2019attentat de Holgu\u00edn  a  donn\u00e9 \u00e0 Claret l\u2019occasion  pour redimensionner  certaines r\u00e9alit\u00e9s. Ce n\u2019est pas que lui  ne le voyait pas clair, bien s\u00fbr. Mais  les circonstances de l\u2019attentat  lui ont offert l\u2019occasion de r\u00e9fl\u00e9chir  encore plus profond\u00e9ment sur le sens de la vie, le bonheur ou malheur de ses prochains, sa propre identit\u00e9 en tant que pr\u00eatre, pr\u00e9lat, ministre de J\u00e9sus Christ.<br \/>\nPersonne n\u2019est plus que personne, Et non plus pas moins. Tous nous avons  la m\u00eame dignit\u00e9 de fils de Dieu et aussi  nous sommes citoyens  de ce monde. \u00ab L\u2019homme malheureux \u00bb  qui avait attent\u00e9  contre la vie de Claret il ne l\u2019avait  pas fait- d\u2019apr\u00e8s l\u2019interpr\u00e9tation du propre Claret- que  sous inspiration diabolique ; mais il est probable qu\u2019il fut tr\u00e8s confus et pouss\u00e9 inconsciemment par ceux,  qui depuis d\u2019autres milieux, tramait  contre la vie et l\u2019\u0153uvre du saint archev\u00eaque. Claret pardonna  de tout c\u0153ur l\u2019assassin.  Et il r\u00e9fl\u00e9chit que l\u2019attentat  n\u2019allait  pas dirig\u00e9 seulement contre lui en tant qu\u2019\u00eatre humain, mais   dirig\u00e9, surtout,  contre sa condition d\u2019homme de Dieu : pr\u00eatre, pr\u00e9lat, ministre de J\u00e9sus Christ.<br \/>\nIl est important reconnaitre et assumer notre vocation  dans la vie. Toute vocation constitue un appel au service, \u00e0 l\u2019accomplissement d\u2019une t\u00e2che, \u00e0 la r\u00e9alisation  d\u2019un projet que Dieu commande  \u00e0 tout \u00eatre arrivant en ce monde. Non seulement nous sommes des organismes vivants ; nous sommes des \u00eatres faits \u00e0 image et ressemblance  du Cr\u00e9ateur, que nous avons la commande de mener ce monde \u00e0 son destin final ; \u00eatre un foyer pour tous les enfants de Dieu. Pour ce faire il est d\u2019une importance capitale connaitre quelles responsabilit\u00e9s  nous poss\u00e9dons  dans la vie sociale. Parce que  ce que nous r\u00e9alisons ou ne r\u00e9alisons pas  va d\u00e9border en b\u00e9n\u00e9fice  ou en pr\u00e9judice de notre propre vocation et de la qualit\u00e9 de vie d\u2019autrui.<\/p>\n<\/div>\n<\/div>\n<\/div>\n","protected":false},"excerpt":{"rendered":"<p>*146.- \u00ab \u2026tu es Pr\u00eatre, tu es Pr\u00e9lat de l\u2019\u00c9glise, tu es ministre de J\u00e9sus-Christ \u00bb Aut 585 ESTIME DE LA PROPRE VOCATION L\u2019attentat de Holgu\u00edn a donn\u00e9 \u00e0 Claret l\u2019occasion pour redimensionner certaines r\u00e9alit\u00e9s. Ce n\u2019est pas que lui ne le voyait pas clair, bien s\u00fbr. Mais les circonstances de l\u2019attentat lui ont offert [&hellip;]<\/p>\n","protected":false},"author":1,"featured_media":0,"comment_status":"closed","ping_status":"closed","sticky":false,"template":"","format":"standard","meta":{"_et_pb_use_builder":"","_et_pb_old_content":"","_et_gb_content_width":"","footnotes":""},"categories":[523],"tags":[],"class_list":["post-20877","post","type-post","status-publish","format-standard","hentry","category-claret-avec-toi"],"jetpack_featured_media_url":"","jetpack_sharing_enabled":true,"jetpack_shortlink":"https:\/\/wp.me\/pdaBmi-5qJ","jetpack_likes_enabled":true,"_links":{"self":[{"href":"https:\/\/www.claret.org\/fr\/wp-json\/wp\/v2\/posts\/20877","targetHints":{"allow":["GET"]}}],"collection":[{"href":"https:\/\/www.claret.org\/fr\/wp-json\/wp\/v2\/posts"}],"about":[{"href":"https:\/\/www.claret.org\/fr\/wp-json\/wp\/v2\/types\/post"}],"author":[{"embeddable":true,"href":"https:\/\/www.claret.org\/fr\/wp-json\/wp\/v2\/users\/1"}],"replies":[{"embeddable":true,"href":"https:\/\/www.claret.org\/fr\/wp-json\/wp\/v2\/comments?post=20877"}],"version-history":[{"count":0,"href":"https:\/\/www.claret.org\/fr\/wp-json\/wp\/v2\/posts\/20877\/revisions"}],"wp:attachment":[{"href":"https:\/\/www.claret.org\/fr\/wp-json\/wp\/v2\/media?parent=20877"}],"wp:term":[{"taxonomy":"category","embeddable":true,"href":"https:\/\/www.claret.org\/fr\/wp-json\/wp\/v2\/categories?post=20877"},{"taxonomy":"post_tag","embeddable":true,"href":"https:\/\/www.claret.org\/fr\/wp-json\/wp\/v2\/tags?post=20877"}],"curies":[{"name":"wp","href":"https:\/\/api.w.org\/{rel}","templated":true}]}}