{"id":22634,"date":"2018-06-27T09:15:57","date_gmt":"2018-06-27T07:15:57","guid":{"rendered":"https:\/\/www.claret.org\/leglise-catholique-ruifang-celebre-le-65eme-anniversaire-de-sa-fondation\/"},"modified":"2018-07-01T11:00:52","modified_gmt":"2018-07-01T09:00:52","slug":"leglise-catholique-ruifang-fete-son-65-anniversaire-de-fondation","status":"publish","type":"post","link":"https:\/\/www.claret.org\/fr\/leglise-catholique-ruifang-fete-son-65-anniversaire-de-fondation\/","title":{"rendered":"L\u2019\u00c9GLISE  CATHOLIQUE RUIFANG F\u00caTE SON 65 ANNIVERSAIRE DE FONDATION"},"content":{"rendered":"<p><strong>New Taipei City, Taiwan<\/strong>. L\u2019ann\u00e9e 2018  constitue une ann\u00e9e significative dans la vie et la mission de l\u2019\u00e9glise catholique des Sacr\u00e9s C\u0153urs d J\u00b4sus et Marie de Ruifang;  bien particuli\u00e8rement parce que nous venons  de f\u00eater lle 65 Anniversaire de la Fondation de cette Communaut\u00e9 Catholique (1953 \u2013 2018). Nous avons c\u00e9l\u00e9br\u00e9 ce grand \u00e9v\u00e9nement  le samedi 16 juin, 2018 lors de la comm\u00e9moraison  des 65 ans  de pr\u00e9sence \u00e0 cette partie du nord de Taiwan, avec lla f\u00eate paroissiale de cette ann\u00e9e. De fait,  le Seigneur a accord\u00e9 \u00e0 notre communaut\u00e9 catholique cette occasion de pencher notre t\u00eate dans une attitude de profonde gratitude pour toutes les b\u00e9n\u00e9dictions qu\u2019Il nous a accord\u00e9es, \u00e0 nous tous, tout au long de ces 65 derni\u00e8res ann\u00e9es. De fait tous ces ann\u00e9es-l\u00e0  ont \u00e9t\u00e9 des moments de gr\u00e2ce et de b\u00e9n\u00e9diction, et, en m\u00eame temps,  moments au cours desquels nous avons exp\u00e9riment\u00e9 la pr\u00e9sence fortifiante  et consolatrice de Dieu parmi certaines luttes et difficult\u00e9s  du pass\u00e9e.<\/p>\n<p>&nbsp;<\/p>\n<p><img data-recalc-dims=\"1\" loading=\"lazy\" decoding=\"async\" class=\"wp-image-504 aligncenter\" src=\"https:\/\/i0.wp.com\/www.eastasiacmf.com\/wp-content\/uploads\/2018\/06\/RFG-65th-Anniversary-052-1024x682.jpg?resize=800%2C533\" sizes=\"(max-width: 800px) 100vw, 800px\" srcset=\"http:\/\/www.eastasiacmf.com\/wp-content\/uploads\/2018\/06\/RFG-65th-Anniversary-052-1024x682.jpg 1024w, http:\/\/www.eastasiacmf.com\/wp-content\/uploads\/2018\/06\/RFG-65th-Anniversary-052-300x200.jpg 300w, http:\/\/www.eastasiacmf.com\/wp-content\/uploads\/2018\/06\/RFG-65th-Anniversary-052-768x511.jpg 768w, http:\/\/www.eastasiacmf.com\/wp-content\/uploads\/2018\/06\/RFG-65th-Anniversary-052-1080x719.jpg 1080w, http:\/\/www.eastasiacmf.com\/wp-content\/uploads\/2018\/06\/RFG-65th-Anniversary-052.jpg 1200w\" alt=\"\" width=\"800\" height=\"533\" title=\"\"><\/p>\n<p>&nbsp;<\/p>\n<p>Le 16 juin, 2018 a marqu\u00e9 une date unique avec l\u2019aimable compagnie de notre cher Archev\u00eaque de Taipei,  R\u00e9v\u00e9rendissime John Sahan- Chuan Hung SVD, du Rev.  P. Lin, Vicaire G\u00e9n\u00e9ral,  deux Sup\u00e9rieurs Majeurs de la Congr\u00e9gation Clar\u00e9taine et la Congr\u00e9gation Franciscaine : Rv. Francisco Car\u00edn CMF et Rv.  P. Claudio Pegoraro OFM, et 15 autres pr\u00eatres, s\u0153urs et presque 200 de nos invit\u00e9s et sympathisants.  La solennelle C\u00e9l\u00e9bration Eucharistique, d\u00e9butant \u00e0 10h.00 am et pr\u00e9sid\u00e9e par l\u2019Archev\u00e8que, a constitu\u00e9 la partie plus joyeuse et significative de tout l\u2019\u00e9v\u00e9nement. Au cours de la C\u00e9l\u00e9bration Eucharistique, deux de nos fid\u00e8les, ils ont, aussi, re\u00e7u le  Sacrement de la Confirmation. Lors de l\u2019hom\u00e9lie, l\u2019archev\u00eaque a remerci\u00e9 particuli\u00e8rement la communaut\u00e9 de Ruifang pour sa pr\u00e9cieuse collaboration en vue de garder  la foi vivante et vibrante dans cette zone.  Apr\u00e8s la c\u00e9l\u00e9bration eucharistique, l\u2019Archev\u00eaque et le P, Francisco Car\u00edn ont inaugur\u00e9 le monument comm\u00e9moratif du 65<sup>\u00e8me<\/sup> anniversaire. Apr\u00e8s \u00e7a,  nous avons assist\u00e9   au partage d\u2019un g\u00e2teau sp\u00e9cial signalant  le 65<sup>\u00e8me<\/sup>  anniversaire de notre Paroisse, suivi d\u2019un grand repas et grand nombre de programmes culturels. L\u2019agape culturel a \u00e9t\u00e9 particuli\u00e8rement color\u00e9e  avec la pr\u00e9sence de notre ex\u00e9cutif du district de Ruifang, M. Chen Qi Zheng, deux des conseillers de la Nouvelle Taipei : Mme. Yang Chun Mei, et Song Yu Zhen.  En cette occasion, l\u2019Archev\u00e8que a aussi  publi\u00e9 le Directoire Paroissial et  a remis les troph\u00e9es  aux vainqueurs du Concours  <em>Carol Singing and Crib <\/em> qu\u2019eut lieu   pendant le No\u00ebl, 2017. En cons\u00e9quence tous ces  actes  ont ajout\u00e9 une beaut\u00e9  sp\u00e9ciale \u00e0 tout l\u2019\u00e9v\u00e9nement.<\/p>\n<p>&nbsp;<\/p>\n<p><img data-recalc-dims=\"1\" loading=\"lazy\" decoding=\"async\" class=\"wp-image-492 aligncenter\" src=\"https:\/\/i0.wp.com\/www.eastasiacmf.com\/wp-content\/uploads\/2018\/06\/RFG-65th-Anniversary-215-1024x682.jpg?resize=800%2C533\" sizes=\"(max-width: 800px) 100vw, 800px\" srcset=\"http:\/\/www.eastasiacmf.com\/wp-content\/uploads\/2018\/06\/RFG-65th-Anniversary-215-1024x682.jpg 1024w, http:\/\/www.eastasiacmf.com\/wp-content\/uploads\/2018\/06\/RFG-65th-Anniversary-215-300x200.jpg 300w, http:\/\/www.eastasiacmf.com\/wp-content\/uploads\/2018\/06\/RFG-65th-Anniversary-215-768x511.jpg 768w, http:\/\/www.eastasiacmf.com\/wp-content\/uploads\/2018\/06\/RFG-65th-Anniversary-215-1080x719.jpg 1080w, http:\/\/www.eastasiacmf.com\/wp-content\/uploads\/2018\/06\/RFG-65th-Anniversary-215.jpg 1200w\" alt=\"\" width=\"800\" height=\"533\" title=\"\"><\/p>\n<p>&nbsp;<\/p>\n<p>En cette occasion la Communaut\u00e9 de l\u2019\u00c9glise de Ruifang  rappelle avec gratitude  nos six pr\u00eatres paroissiaux pr\u00e9c\u00e9dents  et aux fid\u00e8les qui ont consacr\u00e9 leur temps et \u00e9nergie \u00e0 garder la flamme de la foi \u00e9clair\u00e9e et brillante au cours de ces 65 ann\u00e9es.  Nous nous rappelons, avec beaucoup de gratitude les premiers deux cur\u00e9s : Rv. P. Generosus Van Nieuwen Huyse  OFM (1953-1984) et le Rv. P. Ernest Dellile OFM (1985-2005), les deux appartenant \u00e0 la Congr\u00e9gation Franciscaine, les quels, les deux  ont pass\u00e9 presque 50 ans  \u00e0 un service pr\u00e9cieux \u00e0 notre communaut\u00e9.<\/p>\n<p>Les Missionnaires Clar\u00e9tains  poursuivent leur mission depuis 2013. Le P. Arturo Morales CMF a \u00e9t\u00e9 le premier missionnaire clar\u00e9tain \u00e0 servir la Paroisse. Et depuis le 17 juillet, 2016, le P. Mathew (Lija) Kuriath CMF dessert la paroisse en tant que septi\u00e8me pr\u00eatre  lors de l\u2019itin\u00e9raire  de l\u2019Histoire de cette paroisse. Que le Bon Dieu poursuive de verser Ses abondantes b\u00e9n\u00e9dictions sur tous les membres et familles de la communaut\u00e9 de l\u2019\u00e9glise de Ruifang  au cours des prochaines ann\u00e9es !<\/p>\n<p>&nbsp;<\/p>\n<div class=\"et_pb_slider et_pb_slider_fullwidth_off et_pb_gallery_post_type\">\n\t\t\t\t<div class=\"et_pb_slides\">\n\t\t\t\t\t<div class=\"et_pb_slide\" style=\"background: url(https:\/\/www.claret.org\/wp-content\/uploads\/2018\/06\/RFG-65th-Anniversary-052.jpg);\"><\/div><div class=\"et_pb_slide\" style=\"background: url(https:\/\/www.claret.org\/wp-content\/uploads\/2018\/06\/RFG-65th-Anniversary-082.jpg);\"><\/div><div class=\"et_pb_slide\" style=\"background: url(https:\/\/www.claret.org\/wp-content\/uploads\/2018\/06\/RFG-65th-Anniversary-096.jpg);\"><\/div><div class=\"et_pb_slide\" style=\"background: url(https:\/\/www.claret.org\/wp-content\/uploads\/2018\/06\/RFG-65th-Anniversary-102.jpg);\"><\/div><div class=\"et_pb_slide\" style=\"background: url(https:\/\/www.claret.org\/wp-content\/uploads\/2018\/06\/RFG-65th-Anniversary-155.jpg);\"><\/div><div class=\"et_pb_slide\" style=\"background: url(https:\/\/www.claret.org\/wp-content\/uploads\/2018\/06\/RFG-65th-Anniversary-194.jpg);\"><\/div><div class=\"et_pb_slide\" style=\"background: url(https:\/\/www.claret.org\/wp-content\/uploads\/2018\/06\/RFG-65th-Anniversary-215.jpg);\"><\/div><div class=\"et_pb_slide\" style=\"background: url(https:\/\/www.claret.org\/wp-content\/uploads\/2018\/06\/RFG-65th-Anniversary-330.jpg);\"><\/div><div class=\"et_pb_slide\" style=\"background: url(https:\/\/www.claret.org\/wp-content\/uploads\/2018\/06\/RFG-65th-Anniversary-349.jpg);\"><\/div><div class=\"et_pb_slide\" style=\"background: url(https:\/\/www.claret.org\/wp-content\/uploads\/2018\/06\/RFG-65th-Anniversary-495.jpg);\"><\/div><div class=\"et_pb_slide\" style=\"background: url(https:\/\/www.claret.org\/wp-content\/uploads\/2018\/06\/RFG-65th-Anniversary-540.jpg);\"><\/div><div class=\"et_pb_slide\" style=\"background: url(https:\/\/www.claret.org\/wp-content\/uploads\/2018\/06\/RFG-65th-Anniversary-567.jpg);\"><\/div><div class=\"et_pb_slide\" style=\"background: url(https:\/\/www.claret.org\/wp-content\/uploads\/2018\/06\/RFG-65th-Anniversary-591.jpg);\"><\/div><div class=\"et_pb_slide\" style=\"background: url(https:\/\/www.claret.org\/wp-content\/uploads\/2018\/06\/RFG-65th-Anniversary-594.jpg);\"><\/div><div class=\"et_pb_slide\" style=\"background: url(https:\/\/www.claret.org\/wp-content\/uploads\/2018\/06\/RFG-65th-Anniversary-616.jpg);\"><\/div><div class=\"et_pb_slide\" style=\"background: url(https:\/\/www.claret.org\/wp-content\/uploads\/2018\/06\/RFG-65th-Anniversary-640.jpg);\"><\/div>\n\t\t\t\t<\/div>\n\t\t\t<\/div>\n","protected":false},"excerpt":{"rendered":"<p>New Taipei City, Taiwan. L\u2019ann\u00e9e 2018 constitue une ann\u00e9e significative dans la vie et la mission de l\u2019\u00e9glise catholique des Sacr\u00e9s C\u0153urs d J\u00b4sus et Marie de Ruifang; bien particuli\u00e8rement parce que nous venons de f\u00eater lle 65 Anniversaire de la Fondation de cette Communaut\u00e9 Catholique (1953 \u2013 2018). Nous avons c\u00e9l\u00e9br\u00e9 ce grand \u00e9v\u00e9nement [&hellip;]<\/p>\n","protected":false},"author":2,"featured_media":22899,"comment_status":"closed","ping_status":"closed","sticky":false,"template":"","format":"standard","meta":{"_et_pb_use_builder":"","_et_pb_old_content":"","_et_gb_content_width":"","footnotes":""},"categories":[538,192,199],"tags":[],"class_list":["post-22634","post","type-post","status-publish","format-standard","has-post-thumbnail","hentry","category-anniversaires","category-ascla-east-fr","category-east-asia-fr"],"jetpack_featured_media_url":"https:\/\/i0.wp.com\/www.claret.org\/wp-content\/uploads\/2018\/06\/RFG-65th-Anniversary-567.jpg?fit=1200%2C799&ssl=1","jetpack_sharing_enabled":true,"jetpack_shortlink":"https:\/\/wp.me\/pdaBmi-5T4","jetpack_likes_enabled":true,"_links":{"self":[{"href":"https:\/\/www.claret.org\/fr\/wp-json\/wp\/v2\/posts\/22634","targetHints":{"allow":["GET"]}}],"collection":[{"href":"https:\/\/www.claret.org\/fr\/wp-json\/wp\/v2\/posts"}],"about":[{"href":"https:\/\/www.claret.org\/fr\/wp-json\/wp\/v2\/types\/post"}],"author":[{"embeddable":true,"href":"https:\/\/www.claret.org\/fr\/wp-json\/wp\/v2\/users\/2"}],"replies":[{"embeddable":true,"href":"https:\/\/www.claret.org\/fr\/wp-json\/wp\/v2\/comments?post=22634"}],"version-history":[{"count":0,"href":"https:\/\/www.claret.org\/fr\/wp-json\/wp\/v2\/posts\/22634\/revisions"}],"wp:featuredmedia":[{"embeddable":true,"href":"https:\/\/www.claret.org\/fr\/wp-json\/wp\/v2\/media\/22899"}],"wp:attachment":[{"href":"https:\/\/www.claret.org\/fr\/wp-json\/wp\/v2\/media?parent=22634"}],"wp:term":[{"taxonomy":"category","embeddable":true,"href":"https:\/\/www.claret.org\/fr\/wp-json\/wp\/v2\/categories?post=22634"},{"taxonomy":"post_tag","embeddable":true,"href":"https:\/\/www.claret.org\/fr\/wp-json\/wp\/v2\/tags?post=22634"}],"curies":[{"name":"wp","href":"https:\/\/api.w.org\/{rel}","templated":true}]}}