{"id":23511,"date":"2018-07-04T11:49:15","date_gmt":"2018-07-04T09:49:15","guid":{"rendered":"https:\/\/www.claret.org\/quarantenaire-du-noviciat-claretain-au-cameroun-et-inauguration-du-nouveau-batiment-dantoine-probst-dekali\/"},"modified":"2018-07-04T11:49:15","modified_gmt":"2018-07-04T09:49:15","slug":"quarantenaire-du-noviciat-claretain-au-cameroun-et-inauguration-du-nouveau-batiment-dantoine-probst-dekali","status":"publish","type":"post","link":"https:\/\/www.claret.org\/fr\/quarantenaire-du-noviciat-claretain-au-cameroun-et-inauguration-du-nouveau-batiment-dantoine-probst-dekali\/","title":{"rendered":"Quarantenaire du Noviciat Claretain au Cameroun et Inauguration du Nouveau Batiment d\u2019Antoine Probst d\u2019eKali"},"content":{"rendered":"<p><span id=\"result_box\" class=\"\" lang=\"en\"><span class=\"\"><strong>Kali, Cameroun.<\/strong><\/span><\/span> Le 02 juillet 2018, a l\u2019occasion de la c\u00e9l\u00e9bration du quarantenaire du noviciat des Missionnaires Claretains au Cameron, y a \u00e9t\u00e9 associ\u00e9e la b\u00e9n\u00e9diction d\u2019un b\u00e2timent construit au sein de celui-ci. La c\u00e9l\u00e9bration Eucharistique, preside par Mgr Jean Marie Ndi Okala, Ev\u00eaque de Mbalmayo et conc\u00e9l\u00e9br\u00e9 par Mgr Juan Domingo Ev\u00eaque de Mongomo en Guin\u00e9e Equatoriale, puis du Sup\u00e9rieur Majeur de la D\u00e9l\u00e9gation Ind\u00e9pendante du Cameroun P. Michel Archange Tigui, cmf et bien d\u2019autres pr\u00eatres venus du Dioc\u00e8se de Mbalmayo, de Mongomo en Guin\u00e9e et de des communaut\u00e9s Clar\u00e9taines du Cameroun constituait le point focal de la journ\u00e9e qui s\u2019est vu cl\u00f4tur\u00e9e par les agapes fraternelles.<\/p>\n<p>&nbsp;<\/p>\n<p>&nbsp;<\/p>\n<div class=\"et_pb_slider et_pb_slider_fullwidth_off et_pb_gallery_post_type\">\n\t\t\t\t<div class=\"et_pb_slides\">\n\t\t\t\t\t<div class=\"et_pb_slide\" style=\"background: url(https:\/\/www.claret.org\/wp-content\/uploads\/2018\/07\/40-years-novitiate-Cameroon-1.jpg);\"><\/div><div class=\"et_pb_slide\" style=\"background: url(https:\/\/www.claret.org\/wp-content\/uploads\/2018\/07\/40-years-novitiate-Cameroon-2.jpg);\"><\/div><div class=\"et_pb_slide\" style=\"background: url(https:\/\/www.claret.org\/wp-content\/uploads\/2018\/07\/40-years-novitiate-Cameroon-3.jpg);\"><\/div><div class=\"et_pb_slide\" style=\"background: url(https:\/\/www.claret.org\/wp-content\/uploads\/2018\/07\/40-years-novitiate-Cameroon-4.jpg);\"><\/div>\n\t\t\t\t<\/div>\n\t\t\t<\/div>\n","protected":false},"excerpt":{"rendered":"<p>Kali, Cameroun. Le 02 juillet 2018, a l\u2019occasion de la c\u00e9l\u00e9bration du quarantenaire du noviciat des Missionnaires Claretains au Cameron, y a \u00e9t\u00e9 associ\u00e9e la b\u00e9n\u00e9diction d\u2019un b\u00e2timent construit au sein de celui-ci. La c\u00e9l\u00e9bration Eucharistique, preside par Mgr Jean Marie Ndi Okala, Ev\u00eaque de Mbalmayo et conc\u00e9l\u00e9br\u00e9 par Mgr Juan Domingo Ev\u00eaque de Mongomo [&hellip;]<\/p>\n","protected":false},"author":2,"featured_media":23493,"comment_status":"closed","ping_status":"closed","sticky":false,"template":"","format":"standard","meta":{"_et_pb_use_builder":"","_et_pb_old_content":"","_et_gb_content_width":"","footnotes":""},"categories":[981,538,136,1193],"tags":[],"class_list":["post-23511","post","type-post","status-publish","format-standard","has-post-thumbnail","hentry","category-acla-fr","category-anniversaires","category-cameroun-fr","category-noviciat"],"jetpack_featured_media_url":"https:\/\/i0.wp.com\/www.claret.org\/wp-content\/uploads\/2018\/07\/40-years-novitiate-Cameroon-2.jpg?fit=4032%2C3024&ssl=1","jetpack_sharing_enabled":true,"jetpack_shortlink":"https:\/\/wp.me\/pdaBmi-67d","jetpack_likes_enabled":true,"_links":{"self":[{"href":"https:\/\/www.claret.org\/fr\/wp-json\/wp\/v2\/posts\/23511","targetHints":{"allow":["GET"]}}],"collection":[{"href":"https:\/\/www.claret.org\/fr\/wp-json\/wp\/v2\/posts"}],"about":[{"href":"https:\/\/www.claret.org\/fr\/wp-json\/wp\/v2\/types\/post"}],"author":[{"embeddable":true,"href":"https:\/\/www.claret.org\/fr\/wp-json\/wp\/v2\/users\/2"}],"replies":[{"embeddable":true,"href":"https:\/\/www.claret.org\/fr\/wp-json\/wp\/v2\/comments?post=23511"}],"version-history":[{"count":0,"href":"https:\/\/www.claret.org\/fr\/wp-json\/wp\/v2\/posts\/23511\/revisions"}],"wp:featuredmedia":[{"embeddable":true,"href":"https:\/\/www.claret.org\/fr\/wp-json\/wp\/v2\/media\/23493"}],"wp:attachment":[{"href":"https:\/\/www.claret.org\/fr\/wp-json\/wp\/v2\/media?parent=23511"}],"wp:term":[{"taxonomy":"category","embeddable":true,"href":"https:\/\/www.claret.org\/fr\/wp-json\/wp\/v2\/categories?post=23511"},{"taxonomy":"post_tag","embeddable":true,"href":"https:\/\/www.claret.org\/fr\/wp-json\/wp\/v2\/tags?post=23511"}],"curies":[{"name":"wp","href":"https:\/\/api.w.org\/{rel}","templated":true}]}}