{"id":23907,"date":"2018-07-10T00:00:39","date_gmt":"2018-07-09T22:00:39","guid":{"rendered":"https:\/\/www.claret.org\/10-juillet\/"},"modified":"2018-07-10T00:00:39","modified_gmt":"2018-07-09T22:00:39","slug":"10-juillet","status":"publish","type":"post","link":"https:\/\/www.claret.org\/fr\/10-juillet\/","title":{"rendered":"10 Juillet"},"content":{"rendered":"<div class=\"field field-name-field-meditacion-cita-texto field-type-text-long field-label-hidden\">\n<div class=\"field-items\">\n<div class=\"field-item even\">\u00ab Pour garder et accroitre cet amour ou charit\u00e9 vous devez voir dans chacun de nos prochains J\u00e9sus-Christ, lui-m\u00eame, de telle fa\u00e7on que lorsqu\u2019on nous offre quelque chose \u00e0 faire, nous devons nous rappeler de ces paroles que J\u00e9sus-Christ va nous dire : En v\u00e9rit\u00e9 je vous le dis, que ce que vous avez fait avec l\u2019un des plus petits de vos fr\u00e8res, c\u2019est \u00e0 moi que vous l\u2019avez fait \u00bb<\/div>\n<\/div>\n<\/div>\n<div class=\"field field-name-field-meditacion-cita field-type-text field-label-hidden\">\n<div class=\"field-items\">\n<div class=\"field-item even\">Lettre asc\u00e9tique\u2026au pr\u00e9sident d\u2019un des ch\u0153urs de l\u2019Acad\u00e9mie de Saint Michel. Barcelone 1862, p.15<\/div>\n<\/div>\n<\/div>\n<div class=\"titulo-meditacion\">\n<h2>AU FR\u00c8RE COMME AU CHRIST<\/h2>\n<\/div>\n<div class=\"field field-name-body field-type-text-with-summary field-label-hidden\">\n<div class=\"field-items\">\n<div class=\"field-item even\">\n<p>Personne ne souhaite \u00eatre connu ou aim\u00e9 \u00e0 cause de sa renomm\u00e9e  ou son argent. Tous, nous souhaitons \u00eatre reconnus et aim\u00e9s  pour ce que nous sommes, sans int\u00e9r\u00eats cach\u00e9s. Nous savons  que celui qui est c\u00e9l\u00e8bre,  riche ou puissant lui sortent des amis  de partout. \u00ab  Le chien fait bouger la queue non pour toi, mais pour le pain \u00bb, affirme l\u2019adage. Celui qu\u2019est intelligent va rester avec  les amis \u00ab de toujours \u00bb, il ne se laissera pas  mener par la flatteuse adulation  des opportunistes, lesquels se d\u00e9clarent amis tout aussi longtemps   qu\u2019il  poss\u00e8de quelque  chose \u00e0 donner mais qui vont l\u2019abandonner aussit\u00f4t  que quelque chose \u00e9choue ou ne r\u00e9pond pas \u00e1 leurs attentes.<br \/>\nEst-il possible l\u2019amour au prochain  pour J\u00e9sus ? D\u2019apr\u00e8s l\u2019enseignement de Beno\u00eet XVI, cet amour \u00ab   s\u2019agit-il  \u00e0 ce que,  en Dieu et avec Dieu, j\u2019aime, aussi la personne qui ne me pla\u00eet pas ou je ne la connais m\u00eame pas. Ceci  seulement peut r\u00e9ussir \u00e0 partir de la rencontre intime avec Dieu, une rencontre qu\u2019est devenue   communion de volont\u00e9, parvenant \u00e0 impliquer le sentiment. Alors j\u2019apprends  \u00e0 regarder  cette autre personne non plus  seulement avec mes yeux et sentiments, mais \u00e0 partir de la perspective de J\u00e9sus-Christ. \u00ab Son ami est mon ami \u00bb<br \/>\nJ\u00e9sus nous aime  pour \u00eatre ce que nous sommes, fils de Dieu ;  pour chacun, lui, a donn\u00e9 la vie. Chacun  est sp\u00e9cial pour J\u00e9sus, parce que le P\u00e8re  a cr\u00e9\u00e9 et aime  chacun  pour lui-m\u00eame. Il reconnait que ses amis, ses disciples, constituent un don de Dieu, et il souhaite qu\u2019ils  soient  l\u00e0 o\u00f9 Il se trouve, qu\u2019ils puissent contempler sa gloire, parce qu\u2019Il les a aim\u00e9s  avec l\u2019amour qu\u2019Il a re\u00e7u  de Dieu, lui-m\u00eame (Cf. Jn 17,24-26). J\u00e9sus nous fait participants  de son amour,  l\u2019amour  avec  lequel, Lui, aime le P\u00e8re et l\u2019amour avec lequel Il  nous aime.  C\u2019est pour \u00e7a  qu\u2019aimer J\u00e9sus m\u00e8ne \u00e0  aimer le prochain comme lui l\u2019aime,   de telle  mani\u00e8re que, lorsque nous aimons  ainsi,  en r\u00e9alit\u00e9  nous aimons J\u00e9sus. C\u2019est pour \u00e7a  qu\u2019il affirme  que tout  ce qui se fait pour l\u2019un de ces petits, \u00ab pour n\u2019importe quel de ces fr\u00e8res \u00e0 moi, \u00e0 moi vous le faites \u00bb (Mt 25,40).<br \/>\nAimes-tu forc\u00e9 par tes sentiments ou tes int\u00e9r\u00eats, ou pouss\u00e9  par le m\u00eame amour de J\u00e9sus, qui a \u00e9t\u00e9 vers\u00e9  dans nos c\u0153urs par l\u2019Esprit Saint ?<\/p>\n<\/div>\n<\/div>\n<\/div>\n","protected":false},"excerpt":{"rendered":"<p>\u00ab Pour garder et accroitre cet amour ou charit\u00e9 vous devez voir dans chacun de nos prochains J\u00e9sus-Christ, lui-m\u00eame, de telle fa\u00e7on que lorsqu\u2019on nous offre quelque chose \u00e0 faire, nous devons nous rappeler de ces paroles que J\u00e9sus-Christ va nous dire : En v\u00e9rit\u00e9 je vous le dis, que ce que vous avez fait [&hellip;]<\/p>\n","protected":false},"author":1,"featured_media":0,"comment_status":"closed","ping_status":"closed","sticky":false,"template":"","format":"standard","meta":{"_et_pb_use_builder":"","_et_pb_old_content":"","_et_gb_content_width":"","footnotes":""},"categories":[523],"tags":[],"class_list":["post-23907","post","type-post","status-publish","format-standard","hentry","category-claret-avec-toi"],"jetpack_featured_media_url":"","jetpack_sharing_enabled":true,"jetpack_shortlink":"https:\/\/wp.me\/pdaBmi-6dB","jetpack_likes_enabled":true,"_links":{"self":[{"href":"https:\/\/www.claret.org\/fr\/wp-json\/wp\/v2\/posts\/23907","targetHints":{"allow":["GET"]}}],"collection":[{"href":"https:\/\/www.claret.org\/fr\/wp-json\/wp\/v2\/posts"}],"about":[{"href":"https:\/\/www.claret.org\/fr\/wp-json\/wp\/v2\/types\/post"}],"author":[{"embeddable":true,"href":"https:\/\/www.claret.org\/fr\/wp-json\/wp\/v2\/users\/1"}],"replies":[{"embeddable":true,"href":"https:\/\/www.claret.org\/fr\/wp-json\/wp\/v2\/comments?post=23907"}],"version-history":[{"count":0,"href":"https:\/\/www.claret.org\/fr\/wp-json\/wp\/v2\/posts\/23907\/revisions"}],"wp:attachment":[{"href":"https:\/\/www.claret.org\/fr\/wp-json\/wp\/v2\/media?parent=23907"}],"wp:term":[{"taxonomy":"category","embeddable":true,"href":"https:\/\/www.claret.org\/fr\/wp-json\/wp\/v2\/categories?post=23907"},{"taxonomy":"post_tag","embeddable":true,"href":"https:\/\/www.claret.org\/fr\/wp-json\/wp\/v2\/tags?post=23907"}],"curies":[{"name":"wp","href":"https:\/\/api.w.org\/{rel}","templated":true}]}}