{"id":24995,"date":"2018-07-28T00:00:47","date_gmt":"2018-07-27T22:00:47","guid":{"rendered":"https:\/\/www.claret.org\/?p=24995"},"modified":"2018-07-28T00:00:47","modified_gmt":"2018-07-27T22:00:47","slug":"28-juillet","status":"publish","type":"post","link":"https:\/\/www.claret.org\/fr\/28-juillet\/","title":{"rendered":"28 Juillet"},"content":{"rendered":"<div class=\"field field-name-field-meditacion-cita-texto field-type-text-long field-label-hidden\">\n<div class=\"field-items\">\n<div class=\"field-item even\">\u00ab Le cat\u00e9chisme aux adultes constitue le moyen que j\u2019ai connu portant plus de fruit. Avec lui je leur sortais de l\u2019ignorance qu\u2019est plus grande de ce qu\u2019on peut imaginer, m\u00eame parmi ces personnes qui \u00e9coutent fr\u00e9quemment des sermons, parce que les pr\u00e9dicateurs supposent l\u2019auditoire instruit \u00bb<\/div>\n<\/div>\n<\/div>\n<div class=\"field field-name-field-meditacion-cita field-type-text field-label-hidden\">\n<div class=\"field-items\">\n<div class=\"field-item even\">Aut 287<\/div>\n<\/div>\n<\/div>\n<div class=\"titulo-meditacion\">\n<h2>IL FAUT M\u00dbRIR LA FOI<\/h2>\n<\/div>\n<div class=\"field field-name-body field-type-text-with-summary field-label-hidden\">\n<div class=\"field-items\">\n<div class=\"field-item even\">\n<p>Au milieu de tant d\u2019activit\u00e9s  que traversent nos vies,  bien de fois  nous nous sentons extenu\u00e9s  et ayant  besoin d\u2019arr\u00eater la marche afin de  trouver des espaces de sens, de rencontre, de croissance et de repos. Une des plus grandes n\u00e9cessit\u00e9s est celle de d\u00e9couvrir des moments  de culture int\u00e9rieure et d\u2019une r\u00e9flexion  appropri\u00e9e.<br \/>\nM\u00eame si nous exp\u00e9rimentons cette exigence  que jaillit de notre int\u00e9rieur, pas toujours nous trouvons ou nous favorisons les espaces pour lui donner  une r\u00e9ponse. Le vertige entourant notre quotidien se peuple  d\u2019innombrables  th\u00e9ories, opinions et crit\u00e8res que bien de fois  laissent, au fur et \u00e0 mesure, sans consistance  ce qu\u2019une fois ou l\u2019autre  nous  re\u00e7\u00fbmes    de nos parents ou de la cat\u00e9ch\u00e8se et qu\u2019il devint  le \u00ab sol nourricier \u00bb de notre foi.<br \/>\nCette situation engendre de crises de foi, \u00e0 tel point que \u00e7a devient n\u00e9cessaire recommencer la cat\u00e9ch\u00e8se, surtout celle des adultes. Les r\u00e9ponses que dans d\u2019autre temps nous ont d\u00e9j\u00e0 donn\u00e9es   r\u00e9sultent d\u00e9j\u00e0  insuffisantes  ou inad\u00e9quates. Parfois les questions ont chang\u00e9 ; surgissent des doutes  et peut \u00eatre  nous arrivons \u00e0 croire  que nous f\u00fbmes ing\u00e9nus, ou m\u00eame  que nos \u00e9ducateurs  dans la foi ont pu nous tromper  ou  ils \u00e9taient, eux m\u00eame dans l\u2019erreur.<br \/>\nLa pr\u00e9dication  que bien de fois  on entend dans nos temples suppose, tout comme le dit le P. Claret dans un autre contexte, une communaut\u00e9  form\u00e9e par de personnes  qui ont assum\u00e9 suivre  en tant que chr\u00e9tiens. De cette fa\u00e7on, on nous incite  \u00e0 grandir ; mais  pour ce faire  il est indispensable  garantir  la solidit\u00e9  du fondement qu\u2019est J\u00e9sus-Christ (Cf. 1 Cor. 3,10-15). Avec cette base,  on pourra  b\u00e2tir des vies  chr\u00e9tiennes adultes \u00e0 la hauteur des d\u00e9fis  que se pr\u00e9sentent \u00e0 nous. Le processus de cat\u00e9ch\u00e8se  d\u2019adultes  devra imprimer  dans notre foi  un plus grand enracinement dans la Parole  et dans la communaut\u00e9, nous permettant  d\u00e9couvrir  des mani\u00e8res  de devenir \u00ab sel et lumi\u00e8re \u00bb dans chaque contexte o\u00f9 nous  sommes plac\u00e9s (Cf. Mt 5,13-16)<br \/>\nQuelle valorisation peux-tu  faire de ton propre chemin cat\u00e9ch\u00e9tique ? As-tu cultiv\u00e9 ta formation  afin que ta foi et tes expressions de celle-ci  soient vraiment d\u2019adulte ?<\/p>\n<\/div>\n<\/div>\n<\/div>\n","protected":false},"excerpt":{"rendered":"<p>\u00ab Le cat\u00e9chisme aux adultes constitue le moyen que j\u2019ai connu portant plus de fruit. Avec lui je leur sortais de l\u2019ignorance qu\u2019est plus grande de ce qu\u2019on peut imaginer, m\u00eame parmi ces personnes qui \u00e9coutent fr\u00e9quemment des sermons, parce que les pr\u00e9dicateurs supposent l\u2019auditoire instruit \u00bb Aut 287 IL FAUT M\u00dbRIR LA FOI Au [&hellip;]<\/p>\n","protected":false},"author":1,"featured_media":0,"comment_status":"closed","ping_status":"closed","sticky":false,"template":"","format":"standard","meta":{"_et_pb_use_builder":"","_et_pb_old_content":"","_et_gb_content_width":"","footnotes":""},"categories":[523],"tags":[],"class_list":["post-24995","post","type-post","status-publish","format-standard","hentry","category-claret-avec-toi"],"jetpack_featured_media_url":"","jetpack_sharing_enabled":true,"jetpack_shortlink":"https:\/\/wp.me\/pdaBmi-6v9","jetpack_likes_enabled":true,"_links":{"self":[{"href":"https:\/\/www.claret.org\/fr\/wp-json\/wp\/v2\/posts\/24995","targetHints":{"allow":["GET"]}}],"collection":[{"href":"https:\/\/www.claret.org\/fr\/wp-json\/wp\/v2\/posts"}],"about":[{"href":"https:\/\/www.claret.org\/fr\/wp-json\/wp\/v2\/types\/post"}],"author":[{"embeddable":true,"href":"https:\/\/www.claret.org\/fr\/wp-json\/wp\/v2\/users\/1"}],"replies":[{"embeddable":true,"href":"https:\/\/www.claret.org\/fr\/wp-json\/wp\/v2\/comments?post=24995"}],"version-history":[{"count":0,"href":"https:\/\/www.claret.org\/fr\/wp-json\/wp\/v2\/posts\/24995\/revisions"}],"wp:attachment":[{"href":"https:\/\/www.claret.org\/fr\/wp-json\/wp\/v2\/media?parent=24995"}],"wp:term":[{"taxonomy":"category","embeddable":true,"href":"https:\/\/www.claret.org\/fr\/wp-json\/wp\/v2\/categories?post=24995"},{"taxonomy":"post_tag","embeddable":true,"href":"https:\/\/www.claret.org\/fr\/wp-json\/wp\/v2\/tags?post=24995"}],"curies":[{"name":"wp","href":"https:\/\/api.w.org\/{rel}","templated":true}]}}