{"id":26138,"date":"2018-08-23T00:00:14","date_gmt":"2018-08-22T22:00:14","guid":{"rendered":"https:\/\/www.claret.org\/?p=26138"},"modified":"2018-08-23T00:00:14","modified_gmt":"2018-08-22T22:00:14","slug":"23-aout","status":"publish","type":"post","link":"https:\/\/www.claret.org\/fr\/23-aout\/","title":{"rendered":"23 Ao\u00fbt"},"content":{"rendered":"<div class=\"field field-name-field-meditacion-cita-texto field-type-text-long field-label-hidden\">\n<div class=\"field-items\">\n<div class=\"field-item even\">*350.- \u00ab Vich, le 23 ao\u00fbt, 1868.- Ne sachant pas quoi faire concernant retourner \u00e0 la cour ou pas, je le dit au Sup\u00e9rieur G\u00e9n\u00e9ral de la Congr\u00e9gation du C\u0153ur Immacul\u00e9 de Marie, et lui chargea l\u2019affaire aux quatre conseillers de cette m\u00eame Congr\u00e9gation, afin que tous le recommandent \u00e0 Dieu en attendant qu\u2019arrive (le jour) de nous rencontrer. En effet, le jour de la date nous nous sommes r\u00e9unis, et des cinq votes, trois ont \u00e9t\u00e9 que n\u2019y retourne pas et deux que j\u2019y retourne ; c\u2019est pourquoi me joignant \u00e0 la majorit\u00e9 de votes, j\u2019ai pris la d\u00e9cision de ne pas y aller, entre temps m\u2019occuper en cette ville \u00e0 donner des exercices spirituels et choses semblables \u00bb<\/div>\n<\/div>\n<\/div>\n<div class=\"field field-name-field-meditacion-cita field-type-text field-label-hidden\">\n<div class=\"field-items\">\n<div class=\"field-item even\">Aut 852<\/div>\n<\/div>\n<\/div>\n<div class=\"titulo-meditacion\">\n<h2>DISCERNER AVEC DISPONIBILIT\u00c9<\/h2>\n<\/div>\n<div class=\"field field-name-body field-type-text-with-summary field-label-hidden\">\n<div class=\"field-items\">\n<div class=\"field-item even\">\n<p>Dans ce dernier paragraphe de son Autobiographie, le P. Claret  nous montre la moelle  de sa spiritualit\u00e9 : connaitre la volont\u00e9 de Dieu et l\u2019accomplir avec la plus grande perfection possible. Au moment de sortir de la Cour  \u00e0 cause de la reconnaissance  du royaume d\u2019Italie par la reine \u00c9lisabeth II, lui, il voulait savoir  s\u2019il devait poursuivre dans sa charge de confesseur royal ou y renoncer. Entre temps ce n`\u00e9tait pas clair pour lui,  pas plus que pour les sup\u00e9rieurs, quelle d\u00e9cision   prendre  dans une conjoncture si  d\u00e9concertante, son seul recours  fut la pri\u00e8re, afin de discerner et connaitre la volont\u00e9 de Dieu.<br \/>\nLe P\u00e8re Claret s\u2019est servi de ce genre de pri\u00e8re dans un grand nombre de moments cruciaux de sa vie : Il d\u00fb  faire un \u00e9clairage sur  s\u2019il  devait rester \u00e0 la paroisse de Sallent ou sortir pour  les missions (1839) ; si continuer d\u2019aider \u00e0 la paroisse de Viladrau  ou devenir missionnaire apostolique itin\u00e9rant (1841) ; si  continuer \u00e0 vivre avec ses compagnons missionnaires de la Congr\u00e9gation r\u00e9cemment fond\u00e9e ou accepter la charge d\u2019archev\u00eaque de Santiago de Cuba (1849) ; si sortir de la cour  et revenir \u00e0 sa Congr\u00e9gation ou retourner  \u00e0 la t\u00e2che  command\u00e9e (1865). Dans le cas de Sallent, il demanda l\u2019aide  de la pri\u00e8re \u00e0 sa s\u0153ur  Mar\u00eda, qui vivait avec lui, dans le cas de l\u2019archev\u00each\u00e9 de Santiago de Cuba, les pr\u00eatres les plus prestigieux de Vic, l\u2019ont aid\u00e9 \u00e0 discerner la volont\u00e9 de Dieu ; dans le dernier cas, ses missionnaires lui conseillent  concernant la d\u00e9cision \u00e0 prendre.<br \/>\nPlut\u00f4t que  pr\u00e9senter une liste  de p\u00e9titions, l\u2019objet  de la pri\u00e8re est de discerner afin de savoir demander comme Dieu le veut et orienter la vie selon son projet.  D\u2019apr\u00e8s J\u00e9sus, ob\u00e9ir \u00e0 la volont\u00e9 de son P\u00e8re  constitue le seul chemin  pour grandir  dans notre  relation  fraternelle avec lui. La pri\u00e8re de discernement  du P. Claret  constitue la recherche  de la connaissance  de la volont\u00e9 de Dieu et l\u2019approfondissement  en lui du d\u00e9sir  de s\u2019y donner. La phrase de Marie \u00ab faites ce qu\u2019il vous dira \u00bb (Jn 2,5) constitue la norme de base pour vivre  le miracle d\u2019abondance dans nos  cruches  vides.<\/p>\n<\/div>\n<\/div>\n<\/div>\n","protected":false},"excerpt":{"rendered":"<p>*350.- \u00ab Vich, le 23 ao\u00fbt, 1868.- Ne sachant pas quoi faire concernant retourner \u00e0 la cour ou pas, je le dit au Sup\u00e9rieur G\u00e9n\u00e9ral de la Congr\u00e9gation du C\u0153ur Immacul\u00e9 de Marie, et lui chargea l\u2019affaire aux quatre conseillers de cette m\u00eame Congr\u00e9gation, afin que tous le recommandent \u00e0 Dieu en attendant qu\u2019arrive (le [&hellip;]<\/p>\n","protected":false},"author":1,"featured_media":0,"comment_status":"closed","ping_status":"closed","sticky":false,"template":"","format":"standard","meta":{"_et_pb_use_builder":"","_et_pb_old_content":"","_et_gb_content_width":"","footnotes":""},"categories":[523],"tags":[],"class_list":["post-26138","post","type-post","status-publish","format-standard","hentry","category-claret-avec-toi"],"jetpack_featured_media_url":"","jetpack_sharing_enabled":true,"jetpack_shortlink":"https:\/\/wp.me\/pdaBmi-6NA","jetpack_likes_enabled":true,"_links":{"self":[{"href":"https:\/\/www.claret.org\/fr\/wp-json\/wp\/v2\/posts\/26138","targetHints":{"allow":["GET"]}}],"collection":[{"href":"https:\/\/www.claret.org\/fr\/wp-json\/wp\/v2\/posts"}],"about":[{"href":"https:\/\/www.claret.org\/fr\/wp-json\/wp\/v2\/types\/post"}],"author":[{"embeddable":true,"href":"https:\/\/www.claret.org\/fr\/wp-json\/wp\/v2\/users\/1"}],"replies":[{"embeddable":true,"href":"https:\/\/www.claret.org\/fr\/wp-json\/wp\/v2\/comments?post=26138"}],"version-history":[{"count":0,"href":"https:\/\/www.claret.org\/fr\/wp-json\/wp\/v2\/posts\/26138\/revisions"}],"wp:attachment":[{"href":"https:\/\/www.claret.org\/fr\/wp-json\/wp\/v2\/media?parent=26138"}],"wp:term":[{"taxonomy":"category","embeddable":true,"href":"https:\/\/www.claret.org\/fr\/wp-json\/wp\/v2\/categories?post=26138"},{"taxonomy":"post_tag","embeddable":true,"href":"https:\/\/www.claret.org\/fr\/wp-json\/wp\/v2\/tags?post=26138"}],"curies":[{"name":"wp","href":"https:\/\/api.w.org\/{rel}","templated":true}]}}