{"id":27301,"date":"2018-08-21T12:19:03","date_gmt":"2018-08-21T10:19:03","guid":{"rendered":"https:\/\/www.claret.org\/conclusion-du-programme-dete-dibicla-2018\/"},"modified":"2018-08-21T12:19:03","modified_gmt":"2018-08-21T10:19:03","slug":"conclusion-du-programme-dete-dibicla-2018","status":"publish","type":"post","link":"https:\/\/www.claret.org\/fr\/conclusion-du-programme-dete-dibicla-2018\/","title":{"rendered":"CONCLUSION DU PROGRAMME D\u2019\u00c9T\u00c9 D\u2019IBICLA -2018"},"content":{"rendered":"<p><strong>Chicago. USA<\/strong><strong>. <\/strong> L\u2019Institut Biblique Clar\u00e9tain des Am\u00e9riques  (<em>IBICLA<\/em>)  un projet ayant \u00e0 sa t\u00eate  une \u00e9quipe  de l\u2019Institut Biblique Clar\u00e9tain de la Province USA-Canada. A inaugur\u00e9 le Programme d\u2019\u00c9t\u00e9 de  cette ann\u00e9e-ci, le  30 juillet, dernier. La c\u00e9r\u00e9monie marquant le d\u00e9but des activit\u00e9s acad\u00e9miques a \u00e9t\u00e9 anim\u00e9e par son fondateur et professeur P. Manuel Villalobos Mendoza, CMF, Ph.D, et elle a eu lieu \u00e0 Notre Dame de Guadalupe au sud de Chicago.C\u2019est l\u00e0 o\u00f9 ils furent re\u00e7us par les membres de la <em>Chicago Claretian Biblical\u2019School. <\/em>Avec la musique, repas traditionnel et distractions.<\/p>\n<p>L\u2019Institut a eu l\u2019honneur de compter sur plusieurs professeurs renomm\u00e9s tels : Sandra Mansilla, PhD d\u2019Argentine, Ricardo L\u00f3pez, PhD de Chicago et le Rev. Manuel Villalobos, PhD de Chicago. Les cours  offerts au cours de deux semaines acad\u00e9miques et intensives ont inclus : Le Pentateuque, une introduction aux \u00c9critures H\u00e9bra\u00efques, une introduction aux \u00c9critures Chr\u00e9tiennes, l\u2019\u00c9vangile de Marc, \u00ab Pastorale Biblique \u00bb avec l\u2019\u00c9cole Biblique Clar\u00e9taine de Chicago (<em>EBC<\/em>)<\/p>\n<p>Le Programme d\u2019\u00c9t\u00e9, auquel ont particip\u00e9 13 personnes, a pris fin, d\u2019une mani\u00e8re officielle,  le 11 ao\u00fbt, par une belle Eucharistie \u00e0 la m\u00eame place de son inauguration, et pr\u00e9sid\u00e9e par son fondateur. Grand nombre des participants ont exprim\u00e9 sa gratitude pour cette exp\u00e9rience d\u2019apprentissage  \u00e0 grandir  dans la foi et l\u2019amour aux \u00c9critures<\/p>\n<p>&nbsp;<\/p>\n<div class=\"et_pb_slider et_pb_slider_fullwidth_off et_pb_gallery_post_type\">\n\t\t\t\t<div class=\"et_pb_slides\">\n\t\t\t\t\t<div class=\"et_pb_slide\" style=\"background: url(https:\/\/www.claret.org\/wp-content\/uploads\/2018\/08\/image082.jpg);\"><\/div><div class=\"et_pb_slide\" style=\"background: url(https:\/\/www.claret.org\/wp-content\/uploads\/2018\/08\/image073.jpg);\"><\/div><div class=\"et_pb_slide\" style=\"background: url(https:\/\/www.claret.org\/wp-content\/uploads\/2018\/08\/image070.jpg);\"><\/div><div class=\"et_pb_slide\" style=\"background: url(https:\/\/www.claret.org\/wp-content\/uploads\/2018\/08\/image067.jpg);\"><\/div><div class=\"et_pb_slide\" style=\"background: url(https:\/\/www.claret.org\/wp-content\/uploads\/2018\/08\/image062.jpg);\"><\/div><div class=\"et_pb_slide\" style=\"background: url(https:\/\/www.claret.org\/wp-content\/uploads\/2018\/08\/image020.jpg);\"><\/div><div class=\"et_pb_slide\" style=\"background: url(https:\/\/www.claret.org\/wp-content\/uploads\/2018\/08\/image016.jpg);\"><\/div><div class=\"et_pb_slide\" style=\"background: url(https:\/\/www.claret.org\/wp-content\/uploads\/2018\/08\/image013.jpg);\"><\/div><div class=\"et_pb_slide\" style=\"background: url(https:\/\/www.claret.org\/wp-content\/uploads\/2018\/08\/image085.jpg);\"><\/div>\n\t\t\t\t<\/div>\n\t\t\t<\/div>\n","protected":false},"excerpt":{"rendered":"<p>Chicago. USA. L\u2019Institut Biblique Clar\u00e9tain des Am\u00e9riques (IBICLA) un projet ayant \u00e0 sa t\u00eate une \u00e9quipe de l\u2019Institut Biblique Clar\u00e9tain de la Province USA-Canada. A inaugur\u00e9 le Programme d\u2019\u00c9t\u00e9 de cette ann\u00e9e-ci, le 30 juillet, dernier. La c\u00e9r\u00e9monie marquant le d\u00e9but des activit\u00e9s acad\u00e9miques a \u00e9t\u00e9 anim\u00e9e par son fondateur et professeur P. Manuel Villalobos [&hellip;]<\/p>\n","protected":false},"author":2,"featured_media":26744,"comment_status":"closed","ping_status":"closed","sticky":false,"template":"","format":"standard","meta":{"_et_pb_use_builder":"","_et_pb_old_content":"","_et_gb_content_width":"","footnotes":""},"categories":[416,599],"tags":[],"class_list":["post-27301","post","type-post","status-publish","format-standard","has-post-thumbnail","hentry","category-pastorale-biblique","category-usa-canada-fr"],"jetpack_featured_media_url":"https:\/\/i0.wp.com\/www.claret.org\/wp-content\/uploads\/2018\/08\/image079.jpg?fit=1024%2C576&ssl=1","jetpack_sharing_enabled":true,"jetpack_shortlink":"https:\/\/wp.me\/pdaBmi-76l","jetpack_likes_enabled":true,"_links":{"self":[{"href":"https:\/\/www.claret.org\/fr\/wp-json\/wp\/v2\/posts\/27301","targetHints":{"allow":["GET"]}}],"collection":[{"href":"https:\/\/www.claret.org\/fr\/wp-json\/wp\/v2\/posts"}],"about":[{"href":"https:\/\/www.claret.org\/fr\/wp-json\/wp\/v2\/types\/post"}],"author":[{"embeddable":true,"href":"https:\/\/www.claret.org\/fr\/wp-json\/wp\/v2\/users\/2"}],"replies":[{"embeddable":true,"href":"https:\/\/www.claret.org\/fr\/wp-json\/wp\/v2\/comments?post=27301"}],"version-history":[{"count":0,"href":"https:\/\/www.claret.org\/fr\/wp-json\/wp\/v2\/posts\/27301\/revisions"}],"wp:featuredmedia":[{"embeddable":true,"href":"https:\/\/www.claret.org\/fr\/wp-json\/wp\/v2\/media\/26744"}],"wp:attachment":[{"href":"https:\/\/www.claret.org\/fr\/wp-json\/wp\/v2\/media?parent=27301"}],"wp:term":[{"taxonomy":"category","embeddable":true,"href":"https:\/\/www.claret.org\/fr\/wp-json\/wp\/v2\/categories?post=27301"},{"taxonomy":"post_tag","embeddable":true,"href":"https:\/\/www.claret.org\/fr\/wp-json\/wp\/v2\/tags?post=27301"}],"curies":[{"name":"wp","href":"https:\/\/api.w.org\/{rel}","templated":true}]}}