{"id":27433,"date":"2018-08-28T10:52:08","date_gmt":"2018-08-28T08:52:08","guid":{"rendered":"https:\/\/www.claret.org\/2eme-rencontre-du-pcjv-de-la-province-du-mexique\/"},"modified":"2018-08-28T10:52:08","modified_gmt":"2018-08-28T08:52:08","slug":"2eme-rencontre-du-pcjv-de-la-province-du-mexique","status":"publish","type":"post","link":"https:\/\/www.claret.org\/fr\/2eme-rencontre-du-pcjv-de-la-province-du-mexique\/","title":{"rendered":"2\u00e8me RENCONTRE DU PCJV DE LA PROVINCE DU Mexique"},"content":{"rendered":"<p><strong>Morelia, Mexique. <\/strong> Le samedi 18 ao\u00fbt, \u00e0 Morelia, Michoac\u00e1n, les responsables de la pastorale juv\u00e9nile de chacune des communaut\u00e9s de la Province, se sont rencontr\u00e9s afin de poursuivre la pr\u00e9paration du Projet Pastoral de la Pastorale Clar\u00e9taine de Jeunesse et Vocations (<em>PCJV<\/em>) de l\u2019Organisme.<\/p>\n<p>Voici les participants, PP : Ernesto Mej\u00eda (Pr\u00e9fet d\u2019Apostolat), Jorge Vargas (Pr\u00e9fet de <em>PCJV<\/em>), Manuel Delgado (San Hip\u00f3lito), Juan Manuel Buzo (Le\u00f3n), Miguel \u00c1ngel Portugal ( Nuevo Laredo), Rogelio Carmona (Morelia), Ren\u00e9 P\u00e9rez (Saint Antoine Marie Claret, <em>CDMX <\/em>), Miguel Castellanos (Oaxaca) et via Skype , \u00e9galement, Irving Santiago) ( Pur\u00edsimo Coraz\u00f3n de Mar\u00eda) CMFF, le Diacre Vicente Cancino CMF., (Guadalajara) ainsi que les \u00c9tudiants : Jes\u00fas Mart\u00ednez (Maison de Formation de La Forge) et Jos\u00e9 Alberto Hern\u00e1ndez ( au <em>ECA <\/em> \u00e0 Oaxaca) CMFF.. Ils ont \u00e9t\u00e9 accompagn\u00e9s de la Licenci\u00e9e Patricia Castillejos, laquelle, est en train de conseiller  pendant la r\u00e9alisation de ce travail<\/p>\n<p>Plus de d\u00e9tails dans: <a href=\"http:\/\/claretianos.org.mx\/mensajes-a-nuestra-comunidad\/1025-2-reunion-de-la-pjvc-de-la-provincia-de-mexico\" target=\"_blank\" rel=\"noopener nofollow\">http:\/\/claretianos.org.mx\/mensajes-a-nuestra-comunidad\/1025-2-reunion-de-la-pjvc-de-la-provincia-de-mexico<\/a><\/p>\n","protected":false},"excerpt":{"rendered":"<p>Morelia, Mexique. Le samedi 18 ao\u00fbt, \u00e0 Morelia, Michoac\u00e1n, les responsables de la pastorale juv\u00e9nile de chacune des communaut\u00e9s de la Province, se sont rencontr\u00e9s afin de poursuivre la pr\u00e9paration du Projet Pastoral de la Pastorale Clar\u00e9taine de Jeunesse et Vocations (PCJV) de l\u2019Organisme. Voici les participants, PP : Ernesto Mej\u00eda (Pr\u00e9fet d\u2019Apostolat), Jorge Vargas [&hellip;]<\/p>\n","protected":false},"author":2,"featured_media":27424,"comment_status":"closed","ping_status":"closed","sticky":false,"template":"","format":"standard","meta":{"_et_pb_use_builder":"","_et_pb_old_content":"","_et_gb_content_width":"","footnotes":""},"categories":[385,353,482],"tags":[],"class_list":["post-27433","post","type-post","status-publish","format-standard","has-post-thumbnail","hentry","category-mexico-fr","category-micla-fr","category-pastoral-de-la-jeunesse-et-vocations"],"jetpack_featured_media_url":"https:\/\/i0.wp.com\/www.claret.org\/wp-content\/uploads\/2018\/08\/PJVC2018.jpg?fit=1600%2C900&ssl=1","jetpack_sharing_enabled":true,"jetpack_shortlink":"https:\/\/wp.me\/pdaBmi-78t","jetpack_likes_enabled":true,"_links":{"self":[{"href":"https:\/\/www.claret.org\/fr\/wp-json\/wp\/v2\/posts\/27433","targetHints":{"allow":["GET"]}}],"collection":[{"href":"https:\/\/www.claret.org\/fr\/wp-json\/wp\/v2\/posts"}],"about":[{"href":"https:\/\/www.claret.org\/fr\/wp-json\/wp\/v2\/types\/post"}],"author":[{"embeddable":true,"href":"https:\/\/www.claret.org\/fr\/wp-json\/wp\/v2\/users\/2"}],"replies":[{"embeddable":true,"href":"https:\/\/www.claret.org\/fr\/wp-json\/wp\/v2\/comments?post=27433"}],"version-history":[{"count":0,"href":"https:\/\/www.claret.org\/fr\/wp-json\/wp\/v2\/posts\/27433\/revisions"}],"wp:featuredmedia":[{"embeddable":true,"href":"https:\/\/www.claret.org\/fr\/wp-json\/wp\/v2\/media\/27424"}],"wp:attachment":[{"href":"https:\/\/www.claret.org\/fr\/wp-json\/wp\/v2\/media?parent=27433"}],"wp:term":[{"taxonomy":"category","embeddable":true,"href":"https:\/\/www.claret.org\/fr\/wp-json\/wp\/v2\/categories?post=27433"},{"taxonomy":"post_tag","embeddable":true,"href":"https:\/\/www.claret.org\/fr\/wp-json\/wp\/v2\/tags?post=27433"}],"curies":[{"name":"wp","href":"https:\/\/api.w.org\/{rel}","templated":true}]}}