{"id":29458,"date":"2018-09-15T06:29:03","date_gmt":"2018-09-15T04:29:03","guid":{"rendered":"https:\/\/www.claret.org\/cours-online-de-gestion-economique\/"},"modified":"2018-09-15T06:29:03","modified_gmt":"2018-09-15T04:29:03","slug":"cours-online-de-gestion-economique","status":"publish","type":"post","link":"https:\/\/www.claret.org\/fr\/cours-online-de-gestion-economique\/","title":{"rendered":"COURS ONLINE DE GESTION ECONOMIQUE"},"content":{"rendered":"<p><strong>Rome, Italie. <\/strong>Le 3 septembre dernier,  a commenc\u00e9 le cours <em>online<\/em> sur gestion \u00e9conomique promu depuis la Pr\u00e9fecture d\u2019\u00c9conomie et organis\u00e9 par l\u2019Universit\u00e9 de Batatais. \u00c0 vrai dire il s\u2019agit d\u2019une deuxi\u00e8me convocation  apr\u00e8s qu\u2019en f\u00e9vrier ait commenc\u00e9 une \u00e9dition \u00ab  d\u2019essai \u00bb comptant un nombre limit\u00e9 de participants.<\/p>\n<p>\u00c0 ce cours d\u2019une ann\u00e9e, correspondant au niveau appel\u00e9 \u00ab prop\u00e9deutique \u00bb  se sont inscrits 120 participants de presque tous les Organismes de la Congr\u00e9gation, la plupart d\u2019entre eux,  missionnaires clar\u00e9tains, mais \u00e9galement, un bon nombre de la\u00efcs. Le cours, structur\u00e9 en deux semestres, va se prolonger jusqu\u2019en juin, 2019<\/p>\n<p>Au cours des mois \u00e0 venir  on va faire des nouvelles convocations (il y a, d\u00e9j\u00e0 une liste de presque 80 participants pour l\u2019\u00e9dition suivante de mars) et \u00e0 partir de 2020  on va offrir, \u00e9galement le niveau qui suit, appel\u00e9 \u00ab de base \u00bb<\/p>\n","protected":false},"excerpt":{"rendered":"<p>Rome, Italie. Le 3 septembre dernier, a commenc\u00e9 le cours online sur gestion \u00e9conomique promu depuis la Pr\u00e9fecture d\u2019\u00c9conomie et organis\u00e9 par l\u2019Universit\u00e9 de Batatais. \u00c0 vrai dire il s\u2019agit d\u2019une deuxi\u00e8me convocation apr\u00e8s qu\u2019en f\u00e9vrier ait commenc\u00e9 une \u00e9dition \u00ab d\u2019essai \u00bb comptant un nombre limit\u00e9 de participants. \u00c0 ce cours d\u2019une ann\u00e9e, correspondant [&hellip;]<\/p>\n","protected":false},"author":2,"featured_media":29395,"comment_status":"closed","ping_status":"closed","sticky":false,"template":"","format":"standard","meta":{"_et_pb_use_builder":"","_et_pb_old_content":"","_et_gb_content_width":"","footnotes":""},"categories":[511,521],"tags":[],"class_list":["post-29458","post","type-post","status-publish","format-standard","has-post-thumbnail","hentry","category-economie","category-gouvernement-general"],"jetpack_featured_media_url":"https:\/\/i0.wp.com\/www.claret.org\/wp-content\/uploads\/2018\/09\/online.jpg?fit=5184%2C3456&ssl=1","jetpack_sharing_enabled":true,"jetpack_shortlink":"https:\/\/wp.me\/pdaBmi-7F8","jetpack_likes_enabled":true,"_links":{"self":[{"href":"https:\/\/www.claret.org\/fr\/wp-json\/wp\/v2\/posts\/29458","targetHints":{"allow":["GET"]}}],"collection":[{"href":"https:\/\/www.claret.org\/fr\/wp-json\/wp\/v2\/posts"}],"about":[{"href":"https:\/\/www.claret.org\/fr\/wp-json\/wp\/v2\/types\/post"}],"author":[{"embeddable":true,"href":"https:\/\/www.claret.org\/fr\/wp-json\/wp\/v2\/users\/2"}],"replies":[{"embeddable":true,"href":"https:\/\/www.claret.org\/fr\/wp-json\/wp\/v2\/comments?post=29458"}],"version-history":[{"count":0,"href":"https:\/\/www.claret.org\/fr\/wp-json\/wp\/v2\/posts\/29458\/revisions"}],"wp:featuredmedia":[{"embeddable":true,"href":"https:\/\/www.claret.org\/fr\/wp-json\/wp\/v2\/media\/29395"}],"wp:attachment":[{"href":"https:\/\/www.claret.org\/fr\/wp-json\/wp\/v2\/media?parent=29458"}],"wp:term":[{"taxonomy":"category","embeddable":true,"href":"https:\/\/www.claret.org\/fr\/wp-json\/wp\/v2\/categories?post=29458"},{"taxonomy":"post_tag","embeddable":true,"href":"https:\/\/www.claret.org\/fr\/wp-json\/wp\/v2\/tags?post=29458"}],"curies":[{"name":"wp","href":"https:\/\/api.w.org\/{rel}","templated":true}]}}