{"id":29577,"date":"2018-09-13T20:32:30","date_gmt":"2018-09-13T18:32:30","guid":{"rendered":"https:\/\/www.claret.org\/p-josue-gonzalez-jaramillo-nouveau-superieur-provincial-de-colombie-orientale-equateur\/"},"modified":"2018-09-13T20:32:30","modified_gmt":"2018-09-13T18:32:30","slug":"p-josue-gonzalez-jaramillo-nouveau-superieur-provincial-de-colombie-orientale-equateur","status":"publish","type":"post","link":"https:\/\/www.claret.org\/fr\/p-josue-gonzalez-jaramillo-nouveau-superieur-provincial-de-colombie-orientale-equateur\/","title":{"rendered":"P. JOSU\u00c9 GONZ\u00c1LEZ JARAMILLO : NOUVEAU SUP\u00c9RIEUR PROVINCIAL DE COLOMBIE ORIENTALE- \u00c9QUATEUR"},"content":{"rendered":"<p><strong>Bogota, Colombie. <\/strong>Lle 13 septembre, 2018, au cours du XV Chapitre Provincial de Colombie Orientale-\u00c9quateur a \u00e9t\u00e9 \u00e9lu en tant que nouveau Sup\u00e9rieur Provincial du dit Organisme Majeur, le <strong>P. Josu\u00e9 Gonz\u00e1lez Jaramillo, CMF. <\/strong>Le P. Josu\u00e9  est n\u00e9 le 2 janvier, 1962 \u00e0 Bogota, Colombie. Il a \u00e9mis sa Premi\u00e8re Profession le 23 janvier, 1983 et sa Profession Perp\u00e9tuelle le 14 janvier, 1990. Il a \u00e9t\u00e9 ordonn\u00e9 pr\u00eatre le 27 d\u00e9cembre, 1991.<\/p>\n","protected":false},"excerpt":{"rendered":"<p>Bogota, Colombie. Lle 13 septembre, 2018, au cours du XV Chapitre Provincial de Colombie Orientale-\u00c9quateur a \u00e9t\u00e9 \u00e9lu en tant que nouveau Sup\u00e9rieur Provincial du dit Organisme Majeur, le P. Josu\u00e9 Gonz\u00e1lez Jaramillo, CMF. Le P. Josu\u00e9 est n\u00e9 le 2 janvier, 1962 \u00e0 Bogota, Colombie. Il a \u00e9mis sa Premi\u00e8re Profession le 23 janvier, [&hellip;]<\/p>\n","protected":false},"author":2,"featured_media":29290,"comment_status":"closed","ping_status":"closed","sticky":false,"template":"","format":"standard","meta":{"_et_pb_use_builder":"","_et_pb_old_content":"","_et_gb_content_width":"","footnotes":""},"categories":[381,353],"tags":[],"class_list":["post-29577","post","type-post","status-publish","format-standard","has-post-thumbnail","hentry","category-colombia-oriental-ecuador-fr","category-micla-fr"],"jetpack_featured_media_url":"https:\/\/i0.wp.com\/www.claret.org\/wp-content\/uploads\/2018\/09\/Josu%C3%A9-Gonz%C3%A1lez-Jaramillo.jpeg?fit=1600%2C1200&ssl=1","jetpack_sharing_enabled":true,"jetpack_shortlink":"https:\/\/wp.me\/pdaBmi-7H3","jetpack_likes_enabled":true,"_links":{"self":[{"href":"https:\/\/www.claret.org\/fr\/wp-json\/wp\/v2\/posts\/29577","targetHints":{"allow":["GET"]}}],"collection":[{"href":"https:\/\/www.claret.org\/fr\/wp-json\/wp\/v2\/posts"}],"about":[{"href":"https:\/\/www.claret.org\/fr\/wp-json\/wp\/v2\/types\/post"}],"author":[{"embeddable":true,"href":"https:\/\/www.claret.org\/fr\/wp-json\/wp\/v2\/users\/2"}],"replies":[{"embeddable":true,"href":"https:\/\/www.claret.org\/fr\/wp-json\/wp\/v2\/comments?post=29577"}],"version-history":[{"count":0,"href":"https:\/\/www.claret.org\/fr\/wp-json\/wp\/v2\/posts\/29577\/revisions"}],"wp:featuredmedia":[{"embeddable":true,"href":"https:\/\/www.claret.org\/fr\/wp-json\/wp\/v2\/media\/29290"}],"wp:attachment":[{"href":"https:\/\/www.claret.org\/fr\/wp-json\/wp\/v2\/media?parent=29577"}],"wp:term":[{"taxonomy":"category","embeddable":true,"href":"https:\/\/www.claret.org\/fr\/wp-json\/wp\/v2\/categories?post=29577"},{"taxonomy":"post_tag","embeddable":true,"href":"https:\/\/www.claret.org\/fr\/wp-json\/wp\/v2\/tags?post=29577"}],"curies":[{"name":"wp","href":"https:\/\/api.w.org\/{rel}","templated":true}]}}