{"id":30330,"date":"2018-09-24T00:09:59","date_gmt":"2018-09-23T22:09:59","guid":{"rendered":"https:\/\/www.claret.org\/ceremonie-dinauguration-de-la-fete-de-claret-a-djakarta-2018\/"},"modified":"2018-09-24T00:09:59","modified_gmt":"2018-09-23T22:09:59","slug":"ceremonie-dinauguration-de-la-fete-de-claret-a-djakarta-2018","status":"publish","type":"post","link":"https:\/\/www.claret.org\/fr\/ceremonie-dinauguration-de-la-fete-de-claret-a-djakarta-2018\/","title":{"rendered":"C\u00c9R\u00c9MONIE D\u2019INAUGURATION DE LA F\u00caTE DE CLARET \u00c0 DJAKARTA 2018"},"content":{"rendered":"<p><strong>Djakarta, Indon\u00e9sie. <\/strong>\u00ab <em>Claret, ma\u00eetre et p\u00e8re<\/em> \u00bb. Celle-ci a \u00e9t\u00e9 la chanson ui r\u00e9sonna  entre les Missionnaires Clar\u00e9tains de Djakarta au moment d\u2019initier la F\u00eate de Claret ayant comme th\u00e8me : \u00ab <em>Claret : Inspiration et \u00c9nergie de la Transformation<\/em> \u00bb au Scolasticat  de la D\u00e9l\u00e9gation Ind\u00e9pendante d\u2019Indon\u00e9sie. Timor Leste \u00e0 Djakarta le 23 septembre, 2013. Tous les membres des communaut\u00e9s CMF et RMI de ladite ville ont particip\u00e9 \u00e0 cet \u00e9v\u00e9nement sportif annuel. Cette ann\u00e9e ont \u00e9t\u00e9 divis\u00e9s en quatre groupes portant le nom des lieux de martyre des 109 Bienheureux Martyrs Clar\u00e9tains : <em>Cervera, Solsona, Sabadell et L\u00e9rida.<\/em><\/p>\n<p>Les c\u00e9r\u00e9monies d\u2019ouverture ont commenc\u00e9 au tour du drapeau, de la m\u00eame mani\u00e8re qu\u2019elle fut faite  au cours De la Journ\u00e9e de l\u2019Ind\u00e9pendance d\u2019Indon\u00e9sie. Celle-ci a \u00e9t\u00e9 suivie  par le discours inaugural du Sup\u00e9rieur Local de la communaut\u00e9, le P. Nikolaus Ilan Erap, CMF., lequel \u00e0 ce moment-l\u00e0 a rappel\u00e9 que cette occasion constitue un moment de r\u00e9flexion sur Claret et le prendre en tant qu\u2019inspiration.<\/p>\n<blockquote><p><em><strong>\u00ab Celui-ci est le moment de r\u00e9fl\u00e9chir sur la figure de Claret qui fonda la Congr\u00e9gation et contribua  \u00e0 l\u2019\u00c9glise \u00bb <\/strong>a-t-il affirm\u00e9.<\/em><\/p><\/blockquote>\n<p>\u00c9galement il leur a fourni quelques questions  pour leur r\u00e9flexion : \u00ab <em>Jusqu\u2019o\u00f9 nous le suivons (Claret) ?, Comment l\u2019imitons-nous ? Jusqu\u2019o\u00f9  nous contemplons Claret  comme mod\u00e8le<\/em> \u00bb Vers la fin de son intervention, il a dit qu\u2019il esp\u00e9rait  que cette f\u00eate soit un moment pour susciter un sens de fraternit\u00e9 et camaraderie  entre les Missionnaires Clar\u00e9tain et les S\u0153urs Clar\u00e9taines. Par la suite, il a allum\u00e9 la lanterne  signe de l\u2019ouverture officielle des jeux-<\/p>\n<p>&nbsp;<\/p>\n<p>[envira-gallery id=\u00a0\u00bb30144&Prime;]<\/p>\n","protected":false},"excerpt":{"rendered":"<p>Djakarta, Indon\u00e9sie. \u00ab Claret, ma\u00eetre et p\u00e8re \u00bb. Celle-ci a \u00e9t\u00e9 la chanson ui r\u00e9sonna entre les Missionnaires Clar\u00e9tains de Djakarta au moment d\u2019initier la F\u00eate de Claret ayant comme th\u00e8me : \u00ab Claret : Inspiration et \u00c9nergie de la Transformation \u00bb au Scolasticat de la D\u00e9l\u00e9gation Ind\u00e9pendante d\u2019Indon\u00e9sie. Timor Leste \u00e0 Djakarta le 23 [&hellip;]<\/p>\n","protected":false},"author":2,"featured_media":30176,"comment_status":"closed","ping_status":"closed","sticky":false,"template":"","format":"standard","meta":{"_et_pb_use_builder":"","_et_pb_old_content":"","_et_gb_content_width":"","footnotes":""},"categories":[204,532,1704],"tags":[],"class_list":["post-30330","post","type-post","status-publish","format-standard","has-post-thumbnail","hentry","category-ave-maria-fr","category-famille-claretaine","category-scolasticat"],"jetpack_featured_media_url":"https:\/\/i0.wp.com\/www.claret.org\/wp-content\/uploads\/2018\/09\/2-1.jpg?fit=960%2C640&ssl=1","jetpack_sharing_enabled":true,"jetpack_shortlink":"https:\/\/wp.me\/pdaBmi-7Tc","jetpack_likes_enabled":true,"_links":{"self":[{"href":"https:\/\/www.claret.org\/fr\/wp-json\/wp\/v2\/posts\/30330","targetHints":{"allow":["GET"]}}],"collection":[{"href":"https:\/\/www.claret.org\/fr\/wp-json\/wp\/v2\/posts"}],"about":[{"href":"https:\/\/www.claret.org\/fr\/wp-json\/wp\/v2\/types\/post"}],"author":[{"embeddable":true,"href":"https:\/\/www.claret.org\/fr\/wp-json\/wp\/v2\/users\/2"}],"replies":[{"embeddable":true,"href":"https:\/\/www.claret.org\/fr\/wp-json\/wp\/v2\/comments?post=30330"}],"version-history":[{"count":0,"href":"https:\/\/www.claret.org\/fr\/wp-json\/wp\/v2\/posts\/30330\/revisions"}],"wp:featuredmedia":[{"embeddable":true,"href":"https:\/\/www.claret.org\/fr\/wp-json\/wp\/v2\/media\/30176"}],"wp:attachment":[{"href":"https:\/\/www.claret.org\/fr\/wp-json\/wp\/v2\/media?parent=30330"}],"wp:term":[{"taxonomy":"category","embeddable":true,"href":"https:\/\/www.claret.org\/fr\/wp-json\/wp\/v2\/categories?post=30330"},{"taxonomy":"post_tag","embeddable":true,"href":"https:\/\/www.claret.org\/fr\/wp-json\/wp\/v2\/tags?post=30330"}],"curies":[{"name":"wp","href":"https:\/\/api.w.org\/{rel}","templated":true}]}}